{"id":2355,"date":"2017-07-27T23:36:05","date_gmt":"2017-07-27T23:36:05","guid":{"rendered":"http:\/\/www.rivera.gub.uy\/portal\/?p=2355"},"modified":"2017-07-28T13:36:00","modified_gmt":"2017-07-28T13:36:00","slug":"gran-expectativa-del-sector-primario-se-fortalece-la-produccion-ovina-en-rivera","status":"publish","type":"post","link":"https:\/\/www.rivera.gub.uy\/portal\/gran-expectativa-del-sector-primario-se-fortalece-la-produccion-ovina-en-rivera\/","title":{"rendered":"Gran expectativa del Sector: se fortalece la Producci\u00f3n Ovina en Rivera"},"content":{"rendered":"<p>Desde el Gobierno Departamental se esta llevando adelante acciones a trav\u00e9s de la Direcci\u00f3n General de Desarrollo y Medio Ambiente con el objetivo de fortalecer el desarrollo end\u00f3geno del departamento, potenciando las capacidades internas de comunidades rurales y productores. De esta manera se apunta a fortalecer la producci\u00f3n del departamento con el consecuente beneficio para productores y la sociedad en general.<!--more--><\/p>\n<p>En la jornada del mi\u00e9rcoles 26 de julio, se llevo adelante en el Centro Cultural de Minas de Corrales la difusi\u00f3n del Proyecto;<strong><em> Fortalecimiento de la Producci\u00f3n Ovina<\/em>,<\/strong> contando con la presencia del Intendente Departamental, Dr. Marne Osorio Lima, el Director DGDyMA, QF. Alejandro Bert\u00f3n, Alcalde Jos\u00e9 W.\u00a0 Gonz\u00e1lez, productores. referentes y t\u00e9cnicos de la Unidad de Desarrollo (IDR).<\/p>\n<p>El objetivo del proyecto es lograr el incentivo y desarrollo del rubro, una mejora en los indicadores productivos y en el resultado econ\u00f3mico\u00a0 y fomentar el asociativismo. A los productores se les brinda, asesoramiento y seguimiento t\u00e9cnico en la producci\u00f3n, capacitaciones y servicio de maquinaria financiado con recursos de la IDR.<\/p>\n<p>El Coordinador del Proyecto Ing. Agr. Pedro Maciel, de la Div. Desarrollo Rural, manifest\u00f3 la importancia de este proyecto que se inicia como un piloto trabajando con 11 productores de la zona,<em> \u201clos indicadores tanto de pre\u00f1ez como de pariciones, entre otros, son bastante bajos, &#8230;y reflejan lo que es la realidad nacional. Por eso luego de un relevamiento en la zona estamos asesorando a los productores con nuevas tecnolog\u00edas y capacitaciones que sirvan de motivadores a los dem\u00e1s productores, adem\u00e1s de\u00a0 influir en los indicadores nacionales.\u201d <\/em><\/p>\n<p>Por su parte el productor de ovinos, Marcelo Ant\u00fanez, destac\u00f3 la gran expectativa de los productores de la zona, <em>\u201cestamos recibiendo conocimiento que no lo manej\u00e1bamos, adem\u00e1s del apoyo que vamos a tener para la comercializaci\u00f3n lo que entusiasma a todos los productores&#8230;nos estamos animando de nuevo.\u201d<\/em><\/p>\n<p>El Proyecto<em>\u00a0 Fortalecimiento de la Producci\u00f3n Ovina<\/em>, es\u00a0 un plan financiado mayoritariamente por la Intendencia Departamental de Rivera, con aportes del Secretariado Uruguayo de la Lana (SUL) y el Instituto Plan Agropecuario (IPA), con un presupuesto total de $U 949.000, de los cuales la IDR aporta el 71%, el SUL y el IPA aportan el 29% restante. Se est\u00e1 trabajando directamente con un grupo de 11 productores familiares dedicados al rubro ovino, localizados en la Zona de Minas de Corrales en los ejes de la ruta 29 y 28.<\/p>\n","protected":false},"excerpt":{"rendered":"<p>Desde el Gobierno Departamental se esta llevando adelante acciones a trav\u00e9s de la Direcci\u00f3n General de Desarrollo y Medio Ambiente con el objetivo de fortalecer el desarrollo end\u00f3geno del departamento, potenciando las capacidades internas de comunidades rurales y productores. De esta manera se apunta a fortalecer la producci\u00f3n del departamento con el consecuente beneficio para [&hellip;]<\/p>\n","protected":false},"author":7,"featured_media":2356,"comment_status":"open","ping_status":"open","sticky":false,"template":"","format":"standard","meta":{"footnotes":""},"categories":[9,1],"tags":[80,79,84,85,33],"class_list":["post-2355","post","type-post","status-publish","format-standard","has-post-thumbnail","hentry","category-desarrollo-empresarial","category-novedades","tag-desarrollo","tag-medio-ambiente","tag-ovinos","tag-produccion","tag-rivera"],"_links":{"self":[{"href":"https:\/\/www.rivera.gub.uy\/portal\/wp-json\/wp\/v2\/posts\/2355","targetHints":{"allow":["GET"]}}],"collection":[{"href":"https:\/\/www.rivera.gub.uy\/portal\/wp-json\/wp\/v2\/posts"}],"about":[{"href":"https:\/\/www.rivera.gub.uy\/portal\/wp-json\/wp\/v2\/types\/post"}],"author":[{"embeddable":true,"href":"https:\/\/www.rivera.gub.uy\/portal\/wp-json\/wp\/v2\/users\/7"}],"replies":[{"embeddable":true,"href":"https:\/\/www.rivera.gub.uy\/portal\/wp-json\/wp\/v2\/comments?post=2355"}],"version-history":[{"count":2,"href":"https:\/\/www.rivera.gub.uy\/portal\/wp-json\/wp\/v2\/posts\/2355\/revisions"}],"predecessor-version":[{"id":2358,"href":"https:\/\/www.rivera.gub.uy\/portal\/wp-json\/wp\/v2\/posts\/2355\/revisions\/2358"}],"wp:featuredmedia":[{"embeddable":true,"href":"https:\/\/www.rivera.gub.uy\/portal\/wp-json\/wp\/v2\/media\/2356"}],"wp:attachment":[{"href":"https:\/\/www.rivera.gub.uy\/portal\/wp-json\/wp\/v2\/media?parent=2355"}],"wp:term":[{"taxonomy":"category","embeddable":true,"href":"https:\/\/www.rivera.gub.uy\/portal\/wp-json\/wp\/v2\/categories?post=2355"},{"taxonomy":"post_tag","embeddable":true,"href":"https:\/\/www.rivera.gub.uy\/portal\/wp-json\/wp\/v2\/tags?post=2355"}],"curies":[{"name":"wp","href":"https:\/\/api.w.org\/{rel}","templated":true}]}}