{"id":2359,"date":"2017-07-28T14:19:31","date_gmt":"2017-07-28T14:19:31","guid":{"rendered":"http:\/\/www.rivera.gub.uy\/portal\/?p=2359"},"modified":"2017-08-22T14:41:51","modified_gmt":"2017-08-22T14:41:51","slug":"informe-de-gestion-anual-2016-2017-eje-politicas-sociales","status":"publish","type":"post","link":"https:\/\/www.rivera.gub.uy\/portal\/informe-de-gestion-anual-2016-2017-eje-politicas-sociales\/","title":{"rendered":"Informe de Gesti\u00f3n Anual 2016-2017: eje Pol\u00edticas Sociales"},"content":{"rendered":"<p>Eje Pol\u00edticas Sociales de la Intendencia Departamental de Rivera. Gesti\u00f3n 2016-2017.<\/p>\n","protected":false},"excerpt":{"rendered":"<p>Eje Pol\u00edticas Sociales de la Intendencia Departamental de Rivera. Gesti\u00f3n 2016-2017.<\/p>\n","protected":false},"author":7,"featured_media":2360,"comment_status":"open","ping_status":"open","sticky":false,"template":"","format":"standard","meta":{"footnotes":""},"categories":[1,18,13],"tags":[],"class_list":["post-2359","post","type-post","status-publish","format-standard","has-post-thumbnail","hentry","category-novedades","category-participacion","category-proyectos-estrategicos","has-post-video"],"_links":{"self":[{"href":"https:\/\/www.rivera.gub.uy\/portal\/wp-json\/wp\/v2\/posts\/2359","targetHints":{"allow":["GET"]}}],"collection":[{"href":"https:\/\/www.rivera.gub.uy\/portal\/wp-json\/wp\/v2\/posts"}],"about":[{"href":"https:\/\/www.rivera.gub.uy\/portal\/wp-json\/wp\/v2\/types\/post"}],"author":[{"embeddable":true,"href":"https:\/\/www.rivera.gub.uy\/portal\/wp-json\/wp\/v2\/users\/7"}],"replies":[{"embeddable":true,"href":"https:\/\/www.rivera.gub.uy\/portal\/wp-json\/wp\/v2\/comments?post=2359"}],"version-history":[{"count":1,"href":"https:\/\/www.rivera.gub.uy\/portal\/wp-json\/wp\/v2\/posts\/2359\/revisions"}],"predecessor-version":[{"id":2361,"href":"https:\/\/www.rivera.gub.uy\/portal\/wp-json\/wp\/v2\/posts\/2359\/revisions\/2361"}],"wp:featuredmedia":[{"embeddable":true,"href":"https:\/\/www.rivera.gub.uy\/portal\/wp-json\/wp\/v2\/media\/2360"}],"wp:attachment":[{"href":"https:\/\/www.rivera.gub.uy\/portal\/wp-json\/wp\/v2\/media?parent=2359"}],"wp:term":[{"taxonomy":"category","embeddable":true,"href":"https:\/\/www.rivera.gub.uy\/portal\/wp-json\/wp\/v2\/categories?post=2359"},{"taxonomy":"post_tag","embeddable":true,"href":"https:\/\/www.rivera.gub.uy\/portal\/wp-json\/wp\/v2\/tags?post=2359"}],"curies":[{"name":"wp","href":"https:\/\/api.w.org\/{rel}","templated":true}]}}