{"id":2367,"date":"2017-07-28T17:38:39","date_gmt":"2017-07-28T17:38:39","guid":{"rendered":"http:\/\/www.rivera.gub.uy\/portal\/?p=2367"},"modified":"2017-07-29T02:49:32","modified_gmt":"2017-07-29T02:49:32","slug":"reunion-de-cotryba-a-nivel-nacional-se-realizo-en-rivera","status":"publish","type":"post","link":"https:\/\/www.rivera.gub.uy\/portal\/reunion-de-cotryba-a-nivel-nacional-se-realizo-en-rivera\/","title":{"rendered":"Reuni\u00f3n de COTRYBA a nivel nacional se realiz\u00f3 en Rivera"},"content":{"rendered":"<p>En el d\u00eda de hoy, viernes 28 de julio, se realiz\u00f3 en la sala de conferencia de la Intendencia de Rivera, la primera reuni\u00f3n de COTRYBA (Tenencia Responsable y Bienestar Animal), presidida por el Intendente Dptal, Dr. Marne Osorio y el sub Secretario del MGAP, Ing Agro. Enzo Benech, acompa\u00f1ados adem\u00e1s por la presencia del Jefe de Polic\u00eda de Rivera Insp. Gral (r), Wilfredo Rodr\u00edguez, Jefe MGAP Rivera, Jos\u00e9 C. G\u00f3mez, director Gral. de Desarrollo y Medio Ambiente, QF. Alejandro Bert\u00f3n, Crio. Edison N\u00fa\u00f1ez Osorio (INR) y representante de la Junta Departamental de Rivera, Dr. Hugo Lavechia.<!--more--><\/p>\n<p>En virtud de la problem\u00e1tica que surge por los animales sueltos en la v\u00eda p\u00fablica, la Comisi\u00f3n que se encarga del tema, se reuni\u00f3 en nuestra ciudad en pro de buscar soluciones para darle un mejor destino de bienestar a los animales que no tienen la tenencia responsable por parte de sus due\u00f1os.<\/p>\n<p>El bienestar de un animal se refiere al modo en que \u00e9ste afronta las condiciones del ambiente o entorno que lo rodea.<\/p>\n<p><strong>Obligaciones del Tenedor Responsable: <\/strong><\/p>\n<p><strong>. <\/strong>No abandonarlo ni dejarlo suelto en lugares p\u00fablicos.<\/p>\n<p><strong>.<\/strong> Uso de correa para transitar por v\u00eda p\u00fablica y bozal en caso necesario.<\/p>\n<p><strong>.<\/strong> Proporcionarles alojamiento, abrigo y alimento.<\/p>\n<p><strong>. <\/strong>Impedir su acceso a espacios de recreaci\u00f3n infantil.<\/p>\n<p><strong>.<\/strong> Recolectar sus materias fecales de la v\u00eda p\u00fablica.<\/p>\n<p><strong>. <\/strong>Asumir la responsabilidad por da\u00f1os que nuestra mascota cause.<\/p>\n<p><strong>.<\/strong> Permitir el acceso de la autoridad competente para el control de la tenencia y estado de salud del animal.<\/p>\n<p>A ra\u00edz de estas instancias la comisi\u00f3n que trabajar\u00e1 en la Tenencia Responsable de Animales,\u00a0 estableci\u00f3 una agenda de trabajo para atender una realidad que existe en todo el pa\u00eds.<\/p>\n<div id='gallery-1' class='gallery galleryid-2367 gallery-columns-3 gallery-size-thumbnail'><figure class='gallery-item'>\n\t\t\t<div class='gallery-icon landscape'>\n\t\t\t\t<a href='https:\/\/www.rivera.gub.uy\/portal\/wp-content\/uploads\/2017\/07\/cotriba1.jpg'><img loading=\"lazy\" decoding=\"async\" width=\"141\" height=\"94\" src=\"https:\/\/www.rivera.gub.uy\/portal\/wp-content\/uploads\/2017\/07\/cotriba1-141x94.jpg\" class=\"attachment-thumbnail size-thumbnail\" alt=\"\" srcset=\"https:\/\/www.rivera.gub.uy\/portal\/wp-content\/uploads\/2017\/07\/cotriba1-141x94.jpg 141w, https:\/\/www.rivera.gub.uy\/portal\/wp-content\/uploads\/2017\/07\/cotriba1-281x188.jpg 281w, https:\/\/www.rivera.gub.uy\/portal\/wp-content\/uploads\/2017\/07\/cotriba1-768x513.jpg 768w, https:\/\/www.rivera.gub.uy\/portal\/wp-content\/uploads\/2017\/07\/cotriba1-936x626.jpg 936w, https:\/\/www.rivera.gub.uy\/portal\/wp-content\/uploads\/2017\/07\/cotriba1-600x400.jpg 600w, https:\/\/www.rivera.gub.uy\/portal\/wp-content\/uploads\/2017\/07\/cotriba1-820x548.jpg 820w, https:\/\/www.rivera.gub.uy\/portal\/wp-content\/uploads\/2017\/07\/cotriba1-272x182.jpg 272w\" sizes=\"auto, (max-width: 141px) 100vw, 141px\" \/><\/a>\n\t\t\t<\/div><\/figure><figure class='gallery-item'>\n\t\t\t<div class='gallery-icon landscape'>\n\t\t\t\t<a href='https:\/\/www.rivera.gub.uy\/portal\/wp-content\/uploads\/2017\/07\/cotriba2.jpg'><img loading=\"lazy\" decoding=\"async\" width=\"141\" height=\"94\" src=\"https:\/\/www.rivera.gub.uy\/portal\/wp-content\/uploads\/2017\/07\/cotriba2-141x94.jpg\" class=\"attachment-thumbnail size-thumbnail\" alt=\"\" srcset=\"https:\/\/www.rivera.gub.uy\/portal\/wp-content\/uploads\/2017\/07\/cotriba2-141x94.jpg 141w, https:\/\/www.rivera.gub.uy\/portal\/wp-content\/uploads\/2017\/07\/cotriba2-281x188.jpg 281w, https:\/\/www.rivera.gub.uy\/portal\/wp-content\/uploads\/2017\/07\/cotriba2-768x513.jpg 768w, https:\/\/www.rivera.gub.uy\/portal\/wp-content\/uploads\/2017\/07\/cotriba2-937x626.jpg 937w, https:\/\/www.rivera.gub.uy\/portal\/wp-content\/uploads\/2017\/07\/cotriba2-600x400.jpg 600w, https:\/\/www.rivera.gub.uy\/portal\/wp-content\/uploads\/2017\/07\/cotriba2-820x548.jpg 820w, https:\/\/www.rivera.gub.uy\/portal\/wp-content\/uploads\/2017\/07\/cotriba2-272x182.jpg 272w\" sizes=\"auto, (max-width: 141px) 100vw, 141px\" \/><\/a>\n\t\t\t<\/div><\/figure><figure class='gallery-item'>\n\t\t\t<div class='gallery-icon landscape'>\n\t\t\t\t<a href='https:\/\/www.rivera.gub.uy\/portal\/wp-content\/uploads\/2017\/07\/cotriba3.jpg'><img loading=\"lazy\" decoding=\"async\" width=\"141\" height=\"94\" src=\"https:\/\/www.rivera.gub.uy\/portal\/wp-content\/uploads\/2017\/07\/cotriba3-141x94.jpg\" class=\"attachment-thumbnail size-thumbnail\" alt=\"\" srcset=\"https:\/\/www.rivera.gub.uy\/portal\/wp-content\/uploads\/2017\/07\/cotriba3-141x94.jpg 141w, https:\/\/www.rivera.gub.uy\/portal\/wp-content\/uploads\/2017\/07\/cotriba3-281x188.jpg 281w, https:\/\/www.rivera.gub.uy\/portal\/wp-content\/uploads\/2017\/07\/cotriba3-768x513.jpg 768w, https:\/\/www.rivera.gub.uy\/portal\/wp-content\/uploads\/2017\/07\/cotriba3-936x626.jpg 936w, https:\/\/www.rivera.gub.uy\/portal\/wp-content\/uploads\/2017\/07\/cotriba3-600x400.jpg 600w, https:\/\/www.rivera.gub.uy\/portal\/wp-content\/uploads\/2017\/07\/cotriba3-820x548.jpg 820w, https:\/\/www.rivera.gub.uy\/portal\/wp-content\/uploads\/2017\/07\/cotriba3-272x182.jpg 272w\" sizes=\"auto, (max-width: 141px) 100vw, 141px\" \/><\/a>\n\t\t\t<\/div><\/figure>\n\t\t<\/div>\n\n","protected":false},"excerpt":{"rendered":"<p>En el d\u00eda de hoy, viernes 28 de julio, se realiz\u00f3 en la sala de conferencia de la Intendencia de Rivera, la primera reuni\u00f3n de COTRYBA (Tenencia Responsable y Bienestar Animal), presidida por el Intendente Dptal, Dr. Marne Osorio y el sub Secretario del MGAP, Ing Agro. Enzo Benech, acompa\u00f1ados adem\u00e1s por la presencia del [&hellip;]<\/p>\n","protected":false},"author":7,"featured_media":2369,"comment_status":"open","ping_status":"open","sticky":false,"template":"","format":"standard","meta":{"footnotes":""},"categories":[1],"tags":[86,75,76,33],"class_list":["post-2367","post","type-post","status-publish","format-standard","has-post-thumbnail","hentry","category-novedades","tag-animales","tag-animales-sin-hogar","tag-bienestar-animal","tag-rivera"],"_links":{"self":[{"href":"https:\/\/www.rivera.gub.uy\/portal\/wp-json\/wp\/v2\/posts\/2367","targetHints":{"allow":["GET"]}}],"collection":[{"href":"https:\/\/www.rivera.gub.uy\/portal\/wp-json\/wp\/v2\/posts"}],"about":[{"href":"https:\/\/www.rivera.gub.uy\/portal\/wp-json\/wp\/v2\/types\/post"}],"author":[{"embeddable":true,"href":"https:\/\/www.rivera.gub.uy\/portal\/wp-json\/wp\/v2\/users\/7"}],"replies":[{"embeddable":true,"href":"https:\/\/www.rivera.gub.uy\/portal\/wp-json\/wp\/v2\/comments?post=2367"}],"version-history":[{"count":2,"href":"https:\/\/www.rivera.gub.uy\/portal\/wp-json\/wp\/v2\/posts\/2367\/revisions"}],"predecessor-version":[{"id":2372,"href":"https:\/\/www.rivera.gub.uy\/portal\/wp-json\/wp\/v2\/posts\/2367\/revisions\/2372"}],"wp:featuredmedia":[{"embeddable":true,"href":"https:\/\/www.rivera.gub.uy\/portal\/wp-json\/wp\/v2\/media\/2369"}],"wp:attachment":[{"href":"https:\/\/www.rivera.gub.uy\/portal\/wp-json\/wp\/v2\/media?parent=2367"}],"wp:term":[{"taxonomy":"category","embeddable":true,"href":"https:\/\/www.rivera.gub.uy\/portal\/wp-json\/wp\/v2\/categories?post=2367"},{"taxonomy":"post_tag","embeddable":true,"href":"https:\/\/www.rivera.gub.uy\/portal\/wp-json\/wp\/v2\/tags?post=2367"}],"curies":[{"name":"wp","href":"https:\/\/api.w.org\/{rel}","templated":true}]}}