{"id":2421,"date":"2017-08-07T17:37:46","date_gmt":"2017-08-07T17:37:46","guid":{"rendered":"http:\/\/www.rivera.gub.uy\/portal\/?p=2421"},"modified":"2017-08-22T14:47:47","modified_gmt":"2017-08-22T14:47:47","slug":"rendicion-de-cuentas-en-minas-de-corrales","status":"publish","type":"post","link":"https:\/\/www.rivera.gub.uy\/portal\/rendicion-de-cuentas-en-minas-de-corrales\/","title":{"rendered":"Rendici\u00f3n de Cuentas en Minas de Corrales"},"content":{"rendered":"<p class=\"western\"><span style=\"font-size: large\">El pasado viernes 04 de agosto en la sede social del Club de los Trabajadores, de villa Minas de Corrales, se llev\u00f3 a cabo la Audiencia P\u00fablica para el informe de gesti\u00f3n 2016- 2017, del alcalde Jos\u00e9 \u201cTixe\u201d Gonz\u00e1lez y sus concejales.<\/span><!--more--><\/p>\n<p class=\"western\"><span style=\"font-size: large\">Autoridades nacionales, departamentales, locales, junto a una gran cantidad de vecinos de la comunidad corralense, asistieron a la presentaci\u00f3n, por parte de los gobernantes, que mostraron la gesti\u00f3n realizada y los proyectos en un compendio de im\u00e1genes exhibidas en \u201cpantalla gigante\u201d. En la mesa de presentaci\u00f3n estuvieron: el intendente de Rivera, Dr. Marne Osorio Lima, alcalde Jos\u00e9 \u201cTixe\u201d Gonz\u00e1lez, los directores generales, de Hacienda, Cra. Daniela Porto, de Promoci\u00f3n y Acci\u00f3n Social, Cr. Giovanni Conti, de Desarrollo y Medio Ambiente, QF. Alejandro Bert\u00f3n, Pte. De la Junta Departamental, edil, Jos\u00e9 Luis Pereira, alcalde de Tranqueras, Milton Gomes, y concejales de la Alcald\u00eda de Minas de Corrales.<\/span><\/p>\n<p class=\"western\"><span style=\"font-size: large\">En su alocuci\u00f3n el alcalde Minas de Corrales, Jos\u00e9 Gonz\u00e1lez, agradeci\u00f3 el esfuerzo de cada uno de los concejales, asesores y funcionarios de la alcald\u00eda, afirmando que \u201csin ellos nada ser\u00eda posible\u201d.<\/span><\/p>\n<p class=\"western\"><span style=\"font-size: large\">Relat\u00f3 destacadas gestiones y proyectos para los a\u00f1os que a\u00fan quedan frente a la administraci\u00f3n.<\/span><\/p>\n<p class=\"western\"><span style=\"font-size: large\">Por su parte el mandatario comunal, Dr. Marne Osorio, expres\u00f3 que all\u00ed fue \u201ccontado gran parte de lo realizado en la Villa\u201d.<\/span><\/p>\n<p class=\"western\">\u201c<span style=\"font-size: large\">Hay un estilo de llevar adelante el municipio, donde adem\u00e1s de los resultados de los n\u00fameros, las cuadras hechas, los refugios, los residuos levantados, metros de cord\u00f3n cuneta, limpieza, hay mucho humanismo que lo refleja el Alcalde y que lo recoge la comunidad. Nos deja muy contentos porque estamos convencidos de que los administradores p\u00fablicos debemos liderar cambios en toda la comunidad, y sentimos que esto est\u00e1 sucediendo en Minas de Corrales\u201d manifest\u00f3 Osorio.<\/span><\/p>\n<p class=\"western\"><span style=\"font-size: large\">El intendente adem\u00e1s destac\u00f3 el gran equipo de funcionarios que hay en la Alcald\u00eda, que buscan capacitarse e innovarse de forma continua. <\/span><\/p>\n<p class=\"western\">\u201c<span style=\"font-size: large\">Esto da cuenta que cantidad no es sin\u00f3nimo de calidad en los resultados\u201d, concluy\u00f3 el jerarca departamental.<\/span><\/p>\n<p class=\"western\"><span style=\"font-size: large\"><b>Aprobaci\u00f3n del Proyecto de la Flora Nativa de la Cuenca R\u00edo Tacuaremb\u00f3<\/b><\/span><\/p>\n<p class=\"western\"><span style=\"font-size: large\">En otro orden al t\u00e9rmino de la presentaci\u00f3n del informe de gesti\u00f3n, el Intendente le entreg\u00f3 al Alcalde de Minas de Corrales, la aprobaci\u00f3n de un proyecto que fue presentado a la convocatoria a nivel nacional de los \u201cFondos Concursables\u201d donde Minas de Corrales, es el adjudicatario formal pero que incluye como socios a la alcald\u00eda de Tranqueras y alcald\u00eda de Ansina, en el departamento de Tacuaremb\u00f3, de un proyecto que trata sobre la Flora Nativa de la cuenca de R\u00edo Tacuaremb\u00f3.<\/span><\/p>\n<div id='gallery-1' class='gallery galleryid-2421 gallery-columns-4 gallery-size-medium'><figure class='gallery-item'>\n\t\t\t<div class='gallery-icon landscape'>\n\t\t\t\t<a href='https:\/\/www.rivera.gub.uy\/portal\/wp-content\/uploads\/2017\/08\/corrales1.jpg'><img loading=\"lazy\" decoding=\"async\" width=\"263\" height=\"188\" src=\"https:\/\/www.rivera.gub.uy\/portal\/wp-content\/uploads\/2017\/08\/corrales1-263x188.jpg\" class=\"attachment-medium size-medium\" alt=\"\" srcset=\"https:\/\/www.rivera.gub.uy\/portal\/wp-content\/uploads\/2017\/08\/corrales1-263x188.jpg 263w, https:\/\/www.rivera.gub.uy\/portal\/wp-content\/uploads\/2017\/08\/corrales1-132x94.jpg 132w, https:\/\/www.rivera.gub.uy\/portal\/wp-content\/uploads\/2017\/08\/corrales1-768x549.jpg 768w, https:\/\/www.rivera.gub.uy\/portal\/wp-content\/uploads\/2017\/08\/corrales1-876x626.jpg 876w, https:\/\/www.rivera.gub.uy\/portal\/wp-content\/uploads\/2017\/08\/corrales1-820x586.jpg 820w\" sizes=\"auto, (max-width: 263px) 100vw, 263px\" \/><\/a>\n\t\t\t<\/div><\/figure><figure class='gallery-item'>\n\t\t\t<div class='gallery-icon landscape'>\n\t\t\t\t<a href='https:\/\/www.rivera.gub.uy\/portal\/wp-content\/uploads\/2017\/08\/corrales2.jpg'><img loading=\"lazy\" decoding=\"async\" width=\"263\" height=\"188\" src=\"https:\/\/www.rivera.gub.uy\/portal\/wp-content\/uploads\/2017\/08\/corrales2-263x188.jpg\" class=\"attachment-medium size-medium\" alt=\"\" srcset=\"https:\/\/www.rivera.gub.uy\/portal\/wp-content\/uploads\/2017\/08\/corrales2-263x188.jpg 263w, https:\/\/www.rivera.gub.uy\/portal\/wp-content\/uploads\/2017\/08\/corrales2-132x94.jpg 132w, https:\/\/www.rivera.gub.uy\/portal\/wp-content\/uploads\/2017\/08\/corrales2-768x549.jpg 768w, https:\/\/www.rivera.gub.uy\/portal\/wp-content\/uploads\/2017\/08\/corrales2-876x626.jpg 876w, https:\/\/www.rivera.gub.uy\/portal\/wp-content\/uploads\/2017\/08\/corrales2-820x586.jpg 820w\" sizes=\"auto, (max-width: 263px) 100vw, 263px\" \/><\/a>\n\t\t\t<\/div><\/figure><figure class='gallery-item'>\n\t\t\t<div class='gallery-icon landscape'>\n\t\t\t\t<a href='https:\/\/www.rivera.gub.uy\/portal\/wp-content\/uploads\/2017\/08\/corrales3.jpg'><img loading=\"lazy\" decoding=\"async\" width=\"263\" height=\"188\" src=\"https:\/\/www.rivera.gub.uy\/portal\/wp-content\/uploads\/2017\/08\/corrales3-263x188.jpg\" class=\"attachment-medium size-medium\" alt=\"\" srcset=\"https:\/\/www.rivera.gub.uy\/portal\/wp-content\/uploads\/2017\/08\/corrales3-263x188.jpg 263w, https:\/\/www.rivera.gub.uy\/portal\/wp-content\/uploads\/2017\/08\/corrales3-132x94.jpg 132w, https:\/\/www.rivera.gub.uy\/portal\/wp-content\/uploads\/2017\/08\/corrales3-768x549.jpg 768w, https:\/\/www.rivera.gub.uy\/portal\/wp-content\/uploads\/2017\/08\/corrales3-876x626.jpg 876w, https:\/\/www.rivera.gub.uy\/portal\/wp-content\/uploads\/2017\/08\/corrales3-820x586.jpg 820w\" sizes=\"auto, (max-width: 263px) 100vw, 263px\" \/><\/a>\n\t\t\t<\/div><\/figure><figure class='gallery-item'>\n\t\t\t<div class='gallery-icon landscape'>\n\t\t\t\t<a href='https:\/\/www.rivera.gub.uy\/portal\/wp-content\/uploads\/2017\/08\/corrales4.jpg'><img loading=\"lazy\" decoding=\"async\" width=\"263\" height=\"188\" src=\"https:\/\/www.rivera.gub.uy\/portal\/wp-content\/uploads\/2017\/08\/corrales4-263x188.jpg\" class=\"attachment-medium size-medium\" alt=\"\" srcset=\"https:\/\/www.rivera.gub.uy\/portal\/wp-content\/uploads\/2017\/08\/corrales4-263x188.jpg 263w, https:\/\/www.rivera.gub.uy\/portal\/wp-content\/uploads\/2017\/08\/corrales4-132x94.jpg 132w, https:\/\/www.rivera.gub.uy\/portal\/wp-content\/uploads\/2017\/08\/corrales4-768x549.jpg 768w, https:\/\/www.rivera.gub.uy\/portal\/wp-content\/uploads\/2017\/08\/corrales4-876x626.jpg 876w, https:\/\/www.rivera.gub.uy\/portal\/wp-content\/uploads\/2017\/08\/corrales4-820x586.jpg 820w\" sizes=\"auto, (max-width: 263px) 100vw, 263px\" \/><\/a>\n\t\t\t<\/div><\/figure>\n\t\t<\/div>\n\n","protected":false},"excerpt":{"rendered":"<p>El pasado viernes 04 de agosto en la sede social del Club de los Trabajadores, de villa Minas de Corrales, se llev\u00f3 a cabo la Audiencia P\u00fablica para el informe de gesti\u00f3n 2016- 2017, del alcalde Jos\u00e9 \u201cTixe\u201d Gonz\u00e1lez y sus concejales.<\/p>\n","protected":false},"author":7,"featured_media":2422,"comment_status":"open","ping_status":"open","sticky":false,"template":"","format":"standard","meta":{"footnotes":""},"categories":[3,21,1],"tags":[],"class_list":["post-2421","post","type-post","status-publish","format-standard","has-post-thumbnail","hentry","category-multimedia","category-municipios","category-novedades","has-post-video"],"_links":{"self":[{"href":"https:\/\/www.rivera.gub.uy\/portal\/wp-json\/wp\/v2\/posts\/2421","targetHints":{"allow":["GET"]}}],"collection":[{"href":"https:\/\/www.rivera.gub.uy\/portal\/wp-json\/wp\/v2\/posts"}],"about":[{"href":"https:\/\/www.rivera.gub.uy\/portal\/wp-json\/wp\/v2\/types\/post"}],"author":[{"embeddable":true,"href":"https:\/\/www.rivera.gub.uy\/portal\/wp-json\/wp\/v2\/users\/7"}],"replies":[{"embeddable":true,"href":"https:\/\/www.rivera.gub.uy\/portal\/wp-json\/wp\/v2\/comments?post=2421"}],"version-history":[{"count":3,"href":"https:\/\/www.rivera.gub.uy\/portal\/wp-json\/wp\/v2\/posts\/2421\/revisions"}],"predecessor-version":[{"id":2430,"href":"https:\/\/www.rivera.gub.uy\/portal\/wp-json\/wp\/v2\/posts\/2421\/revisions\/2430"}],"wp:featuredmedia":[{"embeddable":true,"href":"https:\/\/www.rivera.gub.uy\/portal\/wp-json\/wp\/v2\/media\/2422"}],"wp:attachment":[{"href":"https:\/\/www.rivera.gub.uy\/portal\/wp-json\/wp\/v2\/media?parent=2421"}],"wp:term":[{"taxonomy":"category","embeddable":true,"href":"https:\/\/www.rivera.gub.uy\/portal\/wp-json\/wp\/v2\/categories?post=2421"},{"taxonomy":"post_tag","embeddable":true,"href":"https:\/\/www.rivera.gub.uy\/portal\/wp-json\/wp\/v2\/tags?post=2421"}],"curies":[{"name":"wp","href":"https:\/\/api.w.org\/{rel}","templated":true}]}}