{"id":2462,"date":"2017-08-12T18:10:13","date_gmt":"2017-08-12T18:10:13","guid":{"rendered":"http:\/\/www.rivera.gub.uy\/portal\/?p=2462"},"modified":"2017-08-22T14:48:28","modified_gmt":"2017-08-22T14:48:28","slug":"reunion-extraordinaria-del-mgap-idr-y-protectoras-de-animales","status":"publish","type":"post","link":"https:\/\/www.rivera.gub.uy\/portal\/reunion-extraordinaria-del-mgap-idr-y-protectoras-de-animales\/","title":{"rendered":"Reuni\u00f3n extraordinaria del MGAP, IDR y protectoras de animales"},"content":{"rendered":"<p>Este viernes 11 de agosto, se realiz\u00f3 en la IDR una reuni\u00f3n extraordinaria con autoridades del MGAP, IDR y protectoras de animales, para abordar una vez m\u00e1s, temas relacionados a la relocalizaci\u00f3n de los animales abandonados en v\u00eda p\u00fablica.<!--more--><\/p>\n<p>A partir de denuncias realizadas por miembros de la comunidad, acusando ataques recibidos por los animales, Cotryba (tras la reuni\u00f3n del pasado 28 de julio) decidi\u00f3 recoger a dichos animales de la v\u00eda p\u00fablica y resguardarlos, bajo la supervisi\u00f3n de 2 veterinarios.<\/p>\n<p>En el d\u00eda de ayer, representantes de varias protectoras de animales y miembros de la comunidad, interesados en el bienestar de los animales, visitaron las instalaciones y se aseguraron el buen trato que se les est\u00e1 proporcionando a los canes, mientras se define su relocalizaci\u00f3n.<\/p>\n<p>Tras la reuni\u00f3n, se defini\u00f3 que los canes ser\u00e1n enviados, luego de dosificados y castrados, a protectoras y particulares, que muestren una adopci\u00f3n responsable.<\/p>\n","protected":false},"excerpt":{"rendered":"<p>Este viernes 11 de agosto, se realiz\u00f3 en la IDR una reuni\u00f3n extraordinaria con autoridades del MGAP, IDR y protectoras de animales, para abordar una vez m\u00e1s, temas relacionados a la relocalizaci\u00f3n de los animales abandonados en v\u00eda p\u00fablica.<\/p>\n","protected":false},"author":7,"featured_media":2463,"comment_status":"open","ping_status":"open","sticky":false,"template":"","format":"standard","meta":{"footnotes":""},"categories":[1,18],"tags":[76,113,114,36,112,115,33],"class_list":["post-2462","post","type-post","status-publish","format-standard","has-post-thumbnail","hentry","category-novedades","category-participacion","tag-bienestar-animal","tag-cotryba","tag-idr","tag-intendencia","tag-perros","tag-protectoras-de-animales","tag-rivera","has-post-video"],"_links":{"self":[{"href":"https:\/\/www.rivera.gub.uy\/portal\/wp-json\/wp\/v2\/posts\/2462","targetHints":{"allow":["GET"]}}],"collection":[{"href":"https:\/\/www.rivera.gub.uy\/portal\/wp-json\/wp\/v2\/posts"}],"about":[{"href":"https:\/\/www.rivera.gub.uy\/portal\/wp-json\/wp\/v2\/types\/post"}],"author":[{"embeddable":true,"href":"https:\/\/www.rivera.gub.uy\/portal\/wp-json\/wp\/v2\/users\/7"}],"replies":[{"embeddable":true,"href":"https:\/\/www.rivera.gub.uy\/portal\/wp-json\/wp\/v2\/comments?post=2462"}],"version-history":[{"count":1,"href":"https:\/\/www.rivera.gub.uy\/portal\/wp-json\/wp\/v2\/posts\/2462\/revisions"}],"predecessor-version":[{"id":2464,"href":"https:\/\/www.rivera.gub.uy\/portal\/wp-json\/wp\/v2\/posts\/2462\/revisions\/2464"}],"wp:featuredmedia":[{"embeddable":true,"href":"https:\/\/www.rivera.gub.uy\/portal\/wp-json\/wp\/v2\/media\/2463"}],"wp:attachment":[{"href":"https:\/\/www.rivera.gub.uy\/portal\/wp-json\/wp\/v2\/media?parent=2462"}],"wp:term":[{"taxonomy":"category","embeddable":true,"href":"https:\/\/www.rivera.gub.uy\/portal\/wp-json\/wp\/v2\/categories?post=2462"},{"taxonomy":"post_tag","embeddable":true,"href":"https:\/\/www.rivera.gub.uy\/portal\/wp-json\/wp\/v2\/tags?post=2462"}],"curies":[{"name":"wp","href":"https:\/\/api.w.org\/{rel}","templated":true}]}}