{"id":2469,"date":"2017-08-16T14:40:56","date_gmt":"2017-08-16T14:40:56","guid":{"rendered":"http:\/\/www.rivera.gub.uy\/portal\/?p=2469"},"modified":"2017-08-17T15:00:20","modified_gmt":"2017-08-17T15:00:20","slug":"dialogo-con-vecinos-de-paso-hospital-y-recorrida-de-obras-en-vichadero","status":"publish","type":"post","link":"https:\/\/www.rivera.gub.uy\/portal\/dialogo-con-vecinos-de-paso-hospital-y-recorrida-de-obras-en-vichadero\/","title":{"rendered":"Di\u00e1logo con vecinos de Paso Hospital y recorrida de obras en Vichadero"},"content":{"rendered":"<p><strong>Paso Hospital<\/strong><\/p>\n<p>En la jornada del d\u00eda lunes 15 de agosto el intendente, Dr. Marne Osorio Lima, junto al Secretario General, Cr. Richard Sander, el director General de Promoci\u00f3n y Acci\u00f3n Social, Cr. Giovani Conti y el director de Vialidad Rural, Julio Videla, mantuvieron una reuni\u00f3n con vecinos de la localidad de Paso Hospital, en el Sal\u00f3n Comunal.<br \/>\n<!--more--><br \/>\nAll\u00ed los vecinos plantearon sus dificultades, teniendo en cuenta que la Localidad de Paso Hospital se encuentra en el interior profundo del departamento a 16 kil\u00f3metros de Vichadero, lo que hace que para muchos servicios se encuentren \u201clejos de todo\u201d.<br \/>\nLos vecinos solicitaron soluciones de algunas problem\u00e1ticas en caminer\u00eda interna, obras de pluviales, barom\u00e9trica, recolecci\u00f3n de residuos y nueva trinchera sanitaria, servicio de salud junto al servicio m\u00e1s incrementado de frecuencia del Bus Expreso Esperanza y la Policl\u00ednica de la zona, servicio de necr\u00f3polis y limpieza.<\/p>\n<p>El intendente tambi\u00e9n visit\u00f3 la Escuela N\u00ba 41, donde all\u00ed se reuni\u00f3 con el equipo docente de la instituci\u00f3n solicitando servicios desde fotocopiadoras, juegos infantiles y viveros.<br \/>\nEn la misma escuela recibi\u00f3 los vecinos y padres que representan el Baby F\u00fatbol de Vichadero, ellos le plantearon al mandatario la necesidad de materiales para seguir participando con los chicos en este deporte junto a la construcci\u00f3n de vestuarios y ba\u00f1os para los mismos.<br \/>\n<strong><br \/>\nObras en Vichadero<\/strong><\/p>\n<p>Junto al alcalde Carlos Ney Romero, el jerarca departamental recorri\u00f3 uno de los frentes de obra m\u00e1s importante que tiene la intendencia en este momento, \u201ces una obra que tiene un fuerte componente de pluviales, que cuesta muchos recursos y luego no se ve por que queda bajo tierra, pero que le va a cambiar la vida a muchos vecinos que desde siempre sufr\u00edan muchas agon\u00edas en el momento de lluvias copiosas aqu\u00ed en Vichadero\u201d.<\/p>\n<p>\u201cEsta intervenci\u00f3n ha sido largamente esperada por los vichaderenses. Posiblemente esta obra quedar\u00e1 pronta para el mes de febrero del pr\u00f3ximo a\u00f1o y &#8211;ya que estamos&#8211; le vamos agregando alguna cosita m\u00e1s en la medida que nos vaya dando el bolsillo, alguna cuadra , alguna obra, alg\u00fan componente adicional. Podemos decir que estamos verificando de que la obra viene a muy buen ritmo\u201d, manifest\u00f3 Osorio.<\/p>\n<div id='gallery-1' class='gallery galleryid-2469 gallery-columns-5 gallery-size-medium'><figure class='gallery-item'>\n\t\t\t<div class='gallery-icon landscape'>\n\t\t\t\t<a href='https:\/\/www.rivera.gub.uy\/portal\/wp-content\/uploads\/2017\/08\/DSC_0703-Copiar.jpg'><img loading=\"lazy\" decoding=\"async\" width=\"276\" height=\"188\" src=\"https:\/\/www.rivera.gub.uy\/portal\/wp-content\/uploads\/2017\/08\/DSC_0703-Copiar-276x188.jpg\" class=\"attachment-medium size-medium\" alt=\"\" srcset=\"https:\/\/www.rivera.gub.uy\/portal\/wp-content\/uploads\/2017\/08\/DSC_0703-Copiar-276x188.jpg 276w, https:\/\/www.rivera.gub.uy\/portal\/wp-content\/uploads\/2017\/08\/DSC_0703-Copiar-138x94.jpg 138w, https:\/\/www.rivera.gub.uy\/portal\/wp-content\/uploads\/2017\/08\/DSC_0703-Copiar-768x524.jpg 768w, https:\/\/www.rivera.gub.uy\/portal\/wp-content\/uploads\/2017\/08\/DSC_0703-Copiar-918x626.jpg 918w, https:\/\/www.rivera.gub.uy\/portal\/wp-content\/uploads\/2017\/08\/DSC_0703-Copiar-820x559.jpg 820w, https:\/\/www.rivera.gub.uy\/portal\/wp-content\/uploads\/2017\/08\/DSC_0703-Copiar.jpg 1100w\" sizes=\"auto, (max-width: 276px) 100vw, 276px\" \/><\/a>\n\t\t\t<\/div><\/figure><figure class='gallery-item'>\n\t\t\t<div class='gallery-icon landscape'>\n\t\t\t\t<a href='https:\/\/www.rivera.gub.uy\/portal\/wp-content\/uploads\/2017\/08\/DSC_0723-Copiar.jpg'><img loading=\"lazy\" decoding=\"async\" width=\"276\" height=\"188\" src=\"https:\/\/www.rivera.gub.uy\/portal\/wp-content\/uploads\/2017\/08\/DSC_0723-Copiar-276x188.jpg\" class=\"attachment-medium size-medium\" alt=\"\" srcset=\"https:\/\/www.rivera.gub.uy\/portal\/wp-content\/uploads\/2017\/08\/DSC_0723-Copiar-276x188.jpg 276w, https:\/\/www.rivera.gub.uy\/portal\/wp-content\/uploads\/2017\/08\/DSC_0723-Copiar-138x94.jpg 138w, https:\/\/www.rivera.gub.uy\/portal\/wp-content\/uploads\/2017\/08\/DSC_0723-Copiar-768x524.jpg 768w, https:\/\/www.rivera.gub.uy\/portal\/wp-content\/uploads\/2017\/08\/DSC_0723-Copiar-918x626.jpg 918w, https:\/\/www.rivera.gub.uy\/portal\/wp-content\/uploads\/2017\/08\/DSC_0723-Copiar-820x559.jpg 820w, https:\/\/www.rivera.gub.uy\/portal\/wp-content\/uploads\/2017\/08\/DSC_0723-Copiar.jpg 1100w\" sizes=\"auto, (max-width: 276px) 100vw, 276px\" \/><\/a>\n\t\t\t<\/div><\/figure><figure class='gallery-item'>\n\t\t\t<div class='gallery-icon landscape'>\n\t\t\t\t<a href='https:\/\/www.rivera.gub.uy\/portal\/wp-content\/uploads\/2017\/08\/DSC_0780-Copiar.jpg'><img loading=\"lazy\" decoding=\"async\" width=\"263\" height=\"188\" src=\"https:\/\/www.rivera.gub.uy\/portal\/wp-content\/uploads\/2017\/08\/DSC_0780-Copiar-263x188.jpg\" class=\"attachment-medium size-medium\" alt=\"\" srcset=\"https:\/\/www.rivera.gub.uy\/portal\/wp-content\/uploads\/2017\/08\/DSC_0780-Copiar-263x188.jpg 263w, https:\/\/www.rivera.gub.uy\/portal\/wp-content\/uploads\/2017\/08\/DSC_0780-Copiar-132x94.jpg 132w, https:\/\/www.rivera.gub.uy\/portal\/wp-content\/uploads\/2017\/08\/DSC_0780-Copiar-768x549.jpg 768w, https:\/\/www.rivera.gub.uy\/portal\/wp-content\/uploads\/2017\/08\/DSC_0780-Copiar-876x626.jpg 876w, https:\/\/www.rivera.gub.uy\/portal\/wp-content\/uploads\/2017\/08\/DSC_0780-Copiar-820x586.jpg 820w, https:\/\/www.rivera.gub.uy\/portal\/wp-content\/uploads\/2017\/08\/DSC_0780-Copiar.jpg 1050w\" sizes=\"auto, (max-width: 263px) 100vw, 263px\" \/><\/a>\n\t\t\t<\/div><\/figure><figure class='gallery-item'>\n\t\t\t<div class='gallery-icon landscape'>\n\t\t\t\t<a href='https:\/\/www.rivera.gub.uy\/portal\/wp-content\/uploads\/2017\/08\/DSC_0795-Copiar.jpg'><img loading=\"lazy\" decoding=\"async\" width=\"263\" height=\"188\" src=\"https:\/\/www.rivera.gub.uy\/portal\/wp-content\/uploads\/2017\/08\/DSC_0795-Copiar-263x188.jpg\" class=\"attachment-medium size-medium\" alt=\"\" srcset=\"https:\/\/www.rivera.gub.uy\/portal\/wp-content\/uploads\/2017\/08\/DSC_0795-Copiar-263x188.jpg 263w, https:\/\/www.rivera.gub.uy\/portal\/wp-content\/uploads\/2017\/08\/DSC_0795-Copiar-132x94.jpg 132w, https:\/\/www.rivera.gub.uy\/portal\/wp-content\/uploads\/2017\/08\/DSC_0795-Copiar-768x549.jpg 768w, https:\/\/www.rivera.gub.uy\/portal\/wp-content\/uploads\/2017\/08\/DSC_0795-Copiar-876x626.jpg 876w, https:\/\/www.rivera.gub.uy\/portal\/wp-content\/uploads\/2017\/08\/DSC_0795-Copiar-820x586.jpg 820w, https:\/\/www.rivera.gub.uy\/portal\/wp-content\/uploads\/2017\/08\/DSC_0795-Copiar.jpg 1050w\" sizes=\"auto, (max-width: 263px) 100vw, 263px\" \/><\/a>\n\t\t\t<\/div><\/figure><figure class='gallery-item'>\n\t\t\t<div class='gallery-icon landscape'>\n\t\t\t\t<a href='https:\/\/www.rivera.gub.uy\/portal\/wp-content\/uploads\/2017\/08\/DSC_0818-Copiar.jpg'><img loading=\"lazy\" decoding=\"async\" width=\"276\" height=\"188\" src=\"https:\/\/www.rivera.gub.uy\/portal\/wp-content\/uploads\/2017\/08\/DSC_0818-Copiar-276x188.jpg\" class=\"attachment-medium size-medium\" alt=\"\" srcset=\"https:\/\/www.rivera.gub.uy\/portal\/wp-content\/uploads\/2017\/08\/DSC_0818-Copiar-276x188.jpg 276w, https:\/\/www.rivera.gub.uy\/portal\/wp-content\/uploads\/2017\/08\/DSC_0818-Copiar-138x94.jpg 138w, https:\/\/www.rivera.gub.uy\/portal\/wp-content\/uploads\/2017\/08\/DSC_0818-Copiar-768x524.jpg 768w, https:\/\/www.rivera.gub.uy\/portal\/wp-content\/uploads\/2017\/08\/DSC_0818-Copiar-918x626.jpg 918w, https:\/\/www.rivera.gub.uy\/portal\/wp-content\/uploads\/2017\/08\/DSC_0818-Copiar-820x559.jpg 820w, https:\/\/www.rivera.gub.uy\/portal\/wp-content\/uploads\/2017\/08\/DSC_0818-Copiar.jpg 1100w\" sizes=\"auto, (max-width: 276px) 100vw, 276px\" \/><\/a>\n\t\t\t<\/div><\/figure><figure class='gallery-item'>\n\t\t\t<div class='gallery-icon landscape'>\n\t\t\t\t<a href='https:\/\/www.rivera.gub.uy\/portal\/wp-content\/uploads\/2017\/08\/DSC_0844-Copiar.jpg'><img loading=\"lazy\" decoding=\"async\" width=\"276\" height=\"188\" src=\"https:\/\/www.rivera.gub.uy\/portal\/wp-content\/uploads\/2017\/08\/DSC_0844-Copiar-276x188.jpg\" class=\"attachment-medium size-medium\" alt=\"\" srcset=\"https:\/\/www.rivera.gub.uy\/portal\/wp-content\/uploads\/2017\/08\/DSC_0844-Copiar-276x188.jpg 276w, https:\/\/www.rivera.gub.uy\/portal\/wp-content\/uploads\/2017\/08\/DSC_0844-Copiar-138x94.jpg 138w, https:\/\/www.rivera.gub.uy\/portal\/wp-content\/uploads\/2017\/08\/DSC_0844-Copiar-768x524.jpg 768w, https:\/\/www.rivera.gub.uy\/portal\/wp-content\/uploads\/2017\/08\/DSC_0844-Copiar-918x626.jpg 918w, https:\/\/www.rivera.gub.uy\/portal\/wp-content\/uploads\/2017\/08\/DSC_0844-Copiar-820x559.jpg 820w, https:\/\/www.rivera.gub.uy\/portal\/wp-content\/uploads\/2017\/08\/DSC_0844-Copiar.jpg 1100w\" sizes=\"auto, (max-width: 276px) 100vw, 276px\" \/><\/a>\n\t\t\t<\/div><\/figure><figure class='gallery-item'>\n\t\t\t<div class='gallery-icon landscape'>\n\t\t\t\t<a href='https:\/\/www.rivera.gub.uy\/portal\/wp-content\/uploads\/2017\/08\/DSC_0846-Copiar.jpg'><img loading=\"lazy\" decoding=\"async\" width=\"276\" height=\"188\" src=\"https:\/\/www.rivera.gub.uy\/portal\/wp-content\/uploads\/2017\/08\/DSC_0846-Copiar-276x188.jpg\" class=\"attachment-medium size-medium\" alt=\"\" srcset=\"https:\/\/www.rivera.gub.uy\/portal\/wp-content\/uploads\/2017\/08\/DSC_0846-Copiar-276x188.jpg 276w, https:\/\/www.rivera.gub.uy\/portal\/wp-content\/uploads\/2017\/08\/DSC_0846-Copiar-138x94.jpg 138w, https:\/\/www.rivera.gub.uy\/portal\/wp-content\/uploads\/2017\/08\/DSC_0846-Copiar-768x524.jpg 768w, https:\/\/www.rivera.gub.uy\/portal\/wp-content\/uploads\/2017\/08\/DSC_0846-Copiar-918x626.jpg 918w, https:\/\/www.rivera.gub.uy\/portal\/wp-content\/uploads\/2017\/08\/DSC_0846-Copiar-820x559.jpg 820w, https:\/\/www.rivera.gub.uy\/portal\/wp-content\/uploads\/2017\/08\/DSC_0846-Copiar.jpg 1100w\" sizes=\"auto, (max-width: 276px) 100vw, 276px\" \/><\/a>\n\t\t\t<\/div><\/figure><figure class='gallery-item'>\n\t\t\t<div class='gallery-icon landscape'>\n\t\t\t\t<a href='https:\/\/www.rivera.gub.uy\/portal\/wp-content\/uploads\/2017\/08\/DSC_0853-Copiar.jpg'><img loading=\"lazy\" decoding=\"async\" width=\"276\" height=\"188\" src=\"https:\/\/www.rivera.gub.uy\/portal\/wp-content\/uploads\/2017\/08\/DSC_0853-Copiar-276x188.jpg\" class=\"attachment-medium size-medium\" alt=\"\" srcset=\"https:\/\/www.rivera.gub.uy\/portal\/wp-content\/uploads\/2017\/08\/DSC_0853-Copiar-276x188.jpg 276w, https:\/\/www.rivera.gub.uy\/portal\/wp-content\/uploads\/2017\/08\/DSC_0853-Copiar-138x94.jpg 138w, https:\/\/www.rivera.gub.uy\/portal\/wp-content\/uploads\/2017\/08\/DSC_0853-Copiar-768x524.jpg 768w, https:\/\/www.rivera.gub.uy\/portal\/wp-content\/uploads\/2017\/08\/DSC_0853-Copiar-918x626.jpg 918w, https:\/\/www.rivera.gub.uy\/portal\/wp-content\/uploads\/2017\/08\/DSC_0853-Copiar-820x559.jpg 820w, https:\/\/www.rivera.gub.uy\/portal\/wp-content\/uploads\/2017\/08\/DSC_0853-Copiar.jpg 1100w\" sizes=\"auto, (max-width: 276px) 100vw, 276px\" \/><\/a>\n\t\t\t<\/div><\/figure><figure class='gallery-item'>\n\t\t\t<div class='gallery-icon landscape'>\n\t\t\t\t<a href='https:\/\/www.rivera.gub.uy\/portal\/wp-content\/uploads\/2017\/08\/DSC_0857-Copiar.jpg'><img loading=\"lazy\" decoding=\"async\" width=\"276\" height=\"188\" src=\"https:\/\/www.rivera.gub.uy\/portal\/wp-content\/uploads\/2017\/08\/DSC_0857-Copiar-276x188.jpg\" class=\"attachment-medium size-medium\" alt=\"\" srcset=\"https:\/\/www.rivera.gub.uy\/portal\/wp-content\/uploads\/2017\/08\/DSC_0857-Copiar-276x188.jpg 276w, https:\/\/www.rivera.gub.uy\/portal\/wp-content\/uploads\/2017\/08\/DSC_0857-Copiar-138x94.jpg 138w, https:\/\/www.rivera.gub.uy\/portal\/wp-content\/uploads\/2017\/08\/DSC_0857-Copiar-768x524.jpg 768w, https:\/\/www.rivera.gub.uy\/portal\/wp-content\/uploads\/2017\/08\/DSC_0857-Copiar-918x626.jpg 918w, https:\/\/www.rivera.gub.uy\/portal\/wp-content\/uploads\/2017\/08\/DSC_0857-Copiar-820x559.jpg 820w, https:\/\/www.rivera.gub.uy\/portal\/wp-content\/uploads\/2017\/08\/DSC_0857-Copiar.jpg 1100w\" sizes=\"auto, (max-width: 276px) 100vw, 276px\" \/><\/a>\n\t\t\t<\/div><\/figure><figure class='gallery-item'>\n\t\t\t<div class='gallery-icon landscape'>\n\t\t\t\t<a href='https:\/\/www.rivera.gub.uy\/portal\/wp-content\/uploads\/2017\/08\/DSC_0870-Copiar.jpg'><img loading=\"lazy\" decoding=\"async\" width=\"276\" height=\"188\" src=\"https:\/\/www.rivera.gub.uy\/portal\/wp-content\/uploads\/2017\/08\/DSC_0870-Copiar-276x188.jpg\" class=\"attachment-medium size-medium\" alt=\"\" srcset=\"https:\/\/www.rivera.gub.uy\/portal\/wp-content\/uploads\/2017\/08\/DSC_0870-Copiar-276x188.jpg 276w, https:\/\/www.rivera.gub.uy\/portal\/wp-content\/uploads\/2017\/08\/DSC_0870-Copiar-138x94.jpg 138w, https:\/\/www.rivera.gub.uy\/portal\/wp-content\/uploads\/2017\/08\/DSC_0870-Copiar-768x524.jpg 768w, https:\/\/www.rivera.gub.uy\/portal\/wp-content\/uploads\/2017\/08\/DSC_0870-Copiar-918x626.jpg 918w, https:\/\/www.rivera.gub.uy\/portal\/wp-content\/uploads\/2017\/08\/DSC_0870-Copiar-820x559.jpg 820w, https:\/\/www.rivera.gub.uy\/portal\/wp-content\/uploads\/2017\/08\/DSC_0870-Copiar.jpg 1100w\" sizes=\"auto, (max-width: 276px) 100vw, 276px\" \/><\/a>\n\t\t\t<\/div><\/figure>\n\t\t<\/div>\n\n","protected":false},"excerpt":{"rendered":"<p>Paso Hospital En la jornada del d\u00eda lunes 15 de agosto el intendente, Dr. Marne Osorio Lima, junto al Secretario General, Cr. Richard Sander, el director General de Promoci\u00f3n y Acci\u00f3n Social, Cr. Giovani Conti y el director de Vialidad Rural, Julio Videla, mantuvieron una reuni\u00f3n con vecinos de la localidad de Paso Hospital, en [&hellip;]<\/p>\n","protected":false},"author":7,"featured_media":2479,"comment_status":"open","ping_status":"open","sticky":false,"template":"","format":"standard","meta":{"footnotes":""},"categories":[1],"tags":[36,117,120,81,119,33,118],"class_list":["post-2469","post","type-post","status-publish","format-standard","has-post-thumbnail","hentry","category-novedades","tag-intendencia","tag-intendencia-de-rivera","tag-marne-osorio","tag-obras","tag-paso-hospital","tag-rivera","tag-vichadero","has-post-video"],"_links":{"self":[{"href":"https:\/\/www.rivera.gub.uy\/portal\/wp-json\/wp\/v2\/posts\/2469","targetHints":{"allow":["GET"]}}],"collection":[{"href":"https:\/\/www.rivera.gub.uy\/portal\/wp-json\/wp\/v2\/posts"}],"about":[{"href":"https:\/\/www.rivera.gub.uy\/portal\/wp-json\/wp\/v2\/types\/post"}],"author":[{"embeddable":true,"href":"https:\/\/www.rivera.gub.uy\/portal\/wp-json\/wp\/v2\/users\/7"}],"replies":[{"embeddable":true,"href":"https:\/\/www.rivera.gub.uy\/portal\/wp-json\/wp\/v2\/comments?post=2469"}],"version-history":[{"count":1,"href":"https:\/\/www.rivera.gub.uy\/portal\/wp-json\/wp\/v2\/posts\/2469\/revisions"}],"predecessor-version":[{"id":2480,"href":"https:\/\/www.rivera.gub.uy\/portal\/wp-json\/wp\/v2\/posts\/2469\/revisions\/2480"}],"wp:featuredmedia":[{"embeddable":true,"href":"https:\/\/www.rivera.gub.uy\/portal\/wp-json\/wp\/v2\/media\/2479"}],"wp:attachment":[{"href":"https:\/\/www.rivera.gub.uy\/portal\/wp-json\/wp\/v2\/media?parent=2469"}],"wp:term":[{"taxonomy":"category","embeddable":true,"href":"https:\/\/www.rivera.gub.uy\/portal\/wp-json\/wp\/v2\/categories?post=2469"},{"taxonomy":"post_tag","embeddable":true,"href":"https:\/\/www.rivera.gub.uy\/portal\/wp-json\/wp\/v2\/tags?post=2469"}],"curies":[{"name":"wp","href":"https:\/\/api.w.org\/{rel}","templated":true}]}}