{"id":2503,"date":"2017-08-18T11:30:49","date_gmt":"2017-08-18T11:30:49","guid":{"rendered":"http:\/\/www.rivera.gub.uy\/portal\/?p=2503"},"modified":"2017-08-18T11:31:28","modified_gmt":"2017-08-18T11:31:28","slug":"se-inauguro-nuevo-letrero-de-rivera","status":"publish","type":"post","link":"https:\/\/www.rivera.gub.uy\/portal\/se-inauguro-nuevo-letrero-de-rivera\/","title":{"rendered":"Se inaugur\u00f3 nuevo Letrero de \u201cRivera\u201d"},"content":{"rendered":"<p>En la noche del d\u00eda 14 de agosto,\u00a0 qued\u00f3 oficialmente inaugurado el letrero de \u201cRivera\u201d,\u00a0 en espacio lindero al estacionamiento de supermercado MACRO,\u00a0 frente a la ciclov\u00eda, sobre Av. Guido Machado Brum.<\/p>\n<p>En presencia de autoridades civiles-militares, prensa,\u00a0 gerentes de Macro, autoridades locales y p\u00fablico en general se inaugur\u00f3 las letras identificativas del nombre del departamento y la ciudad.<!--more--><\/p>\n<p>La ceremonia dio inicio con palabras del Gerente Sucursales MACRO, Fernando Pereira y a posterior en representaci\u00f3n del intendente Marne Osorio, se dirigi\u00f3 al p\u00fablico presente el Coordinador de la Unidad de Promoci\u00f3n y Director de Divisi\u00f3n Deportes, Prof. Horacio Hern\u00e1ndez.<\/p>\n<p>Estuvieron presentes adem\u00e1s, el gerente de la Sucursal Rivera de Macro, Luis Muslera,\u00a0 el Pte. de la Junta Departamental de Rivera, edil.\u00a0 Jos\u00e9 Luis Pereira y el Secretario,\u00a0 Ing. Agro. Abilio Briz, junto a ediles del \u00f3rgano de co- gobierno.<\/p>\n<p>Al t\u00e9rmino de las oratorias se procedi\u00f3 a descubrir el cartel de Rivera, para alegr\u00eda de todos los presentes y cita obligada de los turistas y vecinos que ingresen a la ciudad registrando all\u00ed los recuerdos de su paso por la Frontera \u201cm\u00e1s hermana del mundo\u201d.<\/p>\n<div id='gallery-1' class='gallery galleryid-2503 gallery-columns-5 gallery-size-medium'><figure class='gallery-item'>\n\t\t\t<div class='gallery-icon landscape'>\n\t\t\t\t<a href='https:\/\/www.rivera.gub.uy\/portal\/wp-content\/uploads\/2017\/08\/DSC_0650-Copiar.jpg'><img loading=\"lazy\" decoding=\"async\" width=\"263\" height=\"188\" src=\"https:\/\/www.rivera.gub.uy\/portal\/wp-content\/uploads\/2017\/08\/DSC_0650-Copiar-263x188.jpg\" class=\"attachment-medium size-medium\" alt=\"\" srcset=\"https:\/\/www.rivera.gub.uy\/portal\/wp-content\/uploads\/2017\/08\/DSC_0650-Copiar-263x188.jpg 263w, https:\/\/www.rivera.gub.uy\/portal\/wp-content\/uploads\/2017\/08\/DSC_0650-Copiar-132x94.jpg 132w, https:\/\/www.rivera.gub.uy\/portal\/wp-content\/uploads\/2017\/08\/DSC_0650-Copiar-768x549.jpg 768w, https:\/\/www.rivera.gub.uy\/portal\/wp-content\/uploads\/2017\/08\/DSC_0650-Copiar-876x626.jpg 876w, https:\/\/www.rivera.gub.uy\/portal\/wp-content\/uploads\/2017\/08\/DSC_0650-Copiar-820x586.jpg 820w, https:\/\/www.rivera.gub.uy\/portal\/wp-content\/uploads\/2017\/08\/DSC_0650-Copiar.jpg 1050w\" sizes=\"auto, (max-width: 263px) 100vw, 263px\" \/><\/a>\n\t\t\t<\/div><\/figure><figure class='gallery-item'>\n\t\t\t<div class='gallery-icon landscape'>\n\t\t\t\t<a href='https:\/\/www.rivera.gub.uy\/portal\/wp-content\/uploads\/2017\/08\/DSC_0652-Copiar.jpg'><img loading=\"lazy\" decoding=\"async\" width=\"263\" height=\"188\" src=\"https:\/\/www.rivera.gub.uy\/portal\/wp-content\/uploads\/2017\/08\/DSC_0652-Copiar-263x188.jpg\" class=\"attachment-medium size-medium\" alt=\"\" srcset=\"https:\/\/www.rivera.gub.uy\/portal\/wp-content\/uploads\/2017\/08\/DSC_0652-Copiar-263x188.jpg 263w, https:\/\/www.rivera.gub.uy\/portal\/wp-content\/uploads\/2017\/08\/DSC_0652-Copiar-132x94.jpg 132w, https:\/\/www.rivera.gub.uy\/portal\/wp-content\/uploads\/2017\/08\/DSC_0652-Copiar.jpg 750w\" sizes=\"auto, (max-width: 263px) 100vw, 263px\" \/><\/a>\n\t\t\t<\/div><\/figure><figure class='gallery-item'>\n\t\t\t<div class='gallery-icon landscape'>\n\t\t\t\t<a href='https:\/\/www.rivera.gub.uy\/portal\/wp-content\/uploads\/2017\/08\/DSC_0654-Copiar.jpg'><img loading=\"lazy\" decoding=\"async\" width=\"276\" height=\"188\" src=\"https:\/\/www.rivera.gub.uy\/portal\/wp-content\/uploads\/2017\/08\/DSC_0654-Copiar-276x188.jpg\" class=\"attachment-medium size-medium\" alt=\"\" srcset=\"https:\/\/www.rivera.gub.uy\/portal\/wp-content\/uploads\/2017\/08\/DSC_0654-Copiar-276x188.jpg 276w, https:\/\/www.rivera.gub.uy\/portal\/wp-content\/uploads\/2017\/08\/DSC_0654-Copiar-138x94.jpg 138w, https:\/\/www.rivera.gub.uy\/portal\/wp-content\/uploads\/2017\/08\/DSC_0654-Copiar-768x524.jpg 768w, https:\/\/www.rivera.gub.uy\/portal\/wp-content\/uploads\/2017\/08\/DSC_0654-Copiar-918x626.jpg 918w, https:\/\/www.rivera.gub.uy\/portal\/wp-content\/uploads\/2017\/08\/DSC_0654-Copiar-820x559.jpg 820w, https:\/\/www.rivera.gub.uy\/portal\/wp-content\/uploads\/2017\/08\/DSC_0654-Copiar.jpg 1100w\" sizes=\"auto, (max-width: 276px) 100vw, 276px\" \/><\/a>\n\t\t\t<\/div><\/figure><figure class='gallery-item'>\n\t\t\t<div class='gallery-icon landscape'>\n\t\t\t\t<a href='https:\/\/www.rivera.gub.uy\/portal\/wp-content\/uploads\/2017\/08\/DSC_0660-Copiar.jpg'><img loading=\"lazy\" decoding=\"async\" width=\"288\" height=\"188\" src=\"https:\/\/www.rivera.gub.uy\/portal\/wp-content\/uploads\/2017\/08\/DSC_0660-Copiar-288x188.jpg\" class=\"attachment-medium size-medium\" alt=\"\" srcset=\"https:\/\/www.rivera.gub.uy\/portal\/wp-content\/uploads\/2017\/08\/DSC_0660-Copiar-288x188.jpg 288w, https:\/\/www.rivera.gub.uy\/portal\/wp-content\/uploads\/2017\/08\/DSC_0660-Copiar-144x94.jpg 144w, https:\/\/www.rivera.gub.uy\/portal\/wp-content\/uploads\/2017\/08\/DSC_0660-Copiar-768x501.jpg 768w, https:\/\/www.rivera.gub.uy\/portal\/wp-content\/uploads\/2017\/08\/DSC_0660-Copiar-960x626.jpg 960w, https:\/\/www.rivera.gub.uy\/portal\/wp-content\/uploads\/2017\/08\/DSC_0660-Copiar-820x535.jpg 820w, https:\/\/www.rivera.gub.uy\/portal\/wp-content\/uploads\/2017\/08\/DSC_0660-Copiar.jpg 1150w\" sizes=\"auto, (max-width: 288px) 100vw, 288px\" \/><\/a>\n\t\t\t<\/div><\/figure><figure class='gallery-item'>\n\t\t\t<div class='gallery-icon landscape'>\n\t\t\t\t<a href='https:\/\/www.rivera.gub.uy\/portal\/wp-content\/uploads\/2017\/08\/DSC_0662-Copiar.jpg'><img loading=\"lazy\" decoding=\"async\" width=\"263\" height=\"188\" src=\"https:\/\/www.rivera.gub.uy\/portal\/wp-content\/uploads\/2017\/08\/DSC_0662-Copiar-263x188.jpg\" class=\"attachment-medium size-medium\" alt=\"\" srcset=\"https:\/\/www.rivera.gub.uy\/portal\/wp-content\/uploads\/2017\/08\/DSC_0662-Copiar-263x188.jpg 263w, https:\/\/www.rivera.gub.uy\/portal\/wp-content\/uploads\/2017\/08\/DSC_0662-Copiar-132x94.jpg 132w, https:\/\/www.rivera.gub.uy\/portal\/wp-content\/uploads\/2017\/08\/DSC_0662-Copiar-768x549.jpg 768w, https:\/\/www.rivera.gub.uy\/portal\/wp-content\/uploads\/2017\/08\/DSC_0662-Copiar-876x626.jpg 876w, https:\/\/www.rivera.gub.uy\/portal\/wp-content\/uploads\/2017\/08\/DSC_0662-Copiar-820x586.jpg 820w, https:\/\/www.rivera.gub.uy\/portal\/wp-content\/uploads\/2017\/08\/DSC_0662-Copiar.jpg 1050w\" sizes=\"auto, (max-width: 263px) 100vw, 263px\" \/><\/a>\n\t\t\t<\/div><\/figure>\n\t\t<\/div>\n\n","protected":false},"excerpt":{"rendered":"<p>En la noche del d\u00eda 14 de agosto,\u00a0 qued\u00f3 oficialmente inaugurado el letrero de \u201cRivera\u201d,\u00a0 en espacio lindero al estacionamiento de supermercado MACRO,\u00a0 frente a la ciclov\u00eda, sobre Av. Guido Machado Brum. En presencia de autoridades civiles-militares, prensa,\u00a0 gerentes de Macro, autoridades locales y p\u00fablico en general se inaugur\u00f3 las letras identificativas del nombre del [&hellip;]<\/p>\n","protected":false},"author":7,"featured_media":2507,"comment_status":"open","ping_status":"open","sticky":false,"template":"","format":"standard","meta":{"footnotes":""},"categories":[1],"tags":[55,36,132,33],"class_list":["post-2503","post","type-post","status-publish","format-standard","has-post-thumbnail","hentry","category-novedades","tag-frontera","tag-intendencia","tag-letrero","tag-rivera"],"_links":{"self":[{"href":"https:\/\/www.rivera.gub.uy\/portal\/wp-json\/wp\/v2\/posts\/2503","targetHints":{"allow":["GET"]}}],"collection":[{"href":"https:\/\/www.rivera.gub.uy\/portal\/wp-json\/wp\/v2\/posts"}],"about":[{"href":"https:\/\/www.rivera.gub.uy\/portal\/wp-json\/wp\/v2\/types\/post"}],"author":[{"embeddable":true,"href":"https:\/\/www.rivera.gub.uy\/portal\/wp-json\/wp\/v2\/users\/7"}],"replies":[{"embeddable":true,"href":"https:\/\/www.rivera.gub.uy\/portal\/wp-json\/wp\/v2\/comments?post=2503"}],"version-history":[{"count":1,"href":"https:\/\/www.rivera.gub.uy\/portal\/wp-json\/wp\/v2\/posts\/2503\/revisions"}],"predecessor-version":[{"id":2509,"href":"https:\/\/www.rivera.gub.uy\/portal\/wp-json\/wp\/v2\/posts\/2503\/revisions\/2509"}],"wp:featuredmedia":[{"embeddable":true,"href":"https:\/\/www.rivera.gub.uy\/portal\/wp-json\/wp\/v2\/media\/2507"}],"wp:attachment":[{"href":"https:\/\/www.rivera.gub.uy\/portal\/wp-json\/wp\/v2\/media?parent=2503"}],"wp:term":[{"taxonomy":"category","embeddable":true,"href":"https:\/\/www.rivera.gub.uy\/portal\/wp-json\/wp\/v2\/categories?post=2503"},{"taxonomy":"post_tag","embeddable":true,"href":"https:\/\/www.rivera.gub.uy\/portal\/wp-json\/wp\/v2\/tags?post=2503"}],"curies":[{"name":"wp","href":"https:\/\/api.w.org\/{rel}","templated":true}]}}