{"id":2512,"date":"2017-08-18T21:41:47","date_gmt":"2017-08-18T21:41:47","guid":{"rendered":"http:\/\/www.rivera.gub.uy\/portal\/?p=2512"},"modified":"2017-08-21T14:16:36","modified_gmt":"2017-08-21T14:16:36","slug":"se-instalo-en-rivera-la-comision-organizadora-del-congreso-nacional-de-educacion","status":"publish","type":"post","link":"https:\/\/www.rivera.gub.uy\/portal\/se-instalo-en-rivera-la-comision-organizadora-del-congreso-nacional-de-educacion\/","title":{"rendered":"Se instal\u00f3 en Rivera la Comisi\u00f3n Organizadora del Congreso Nacional de Educaci\u00f3n"},"content":{"rendered":"<p>Se realiz\u00f3 en la ma\u00f1ana del d\u00eda viernes 18 de agosto, en sala de conferencias del Centro Universitario de Rivera (CUR), la presentaci\u00f3n de la Comisi\u00f3n Organizadora Departamental del Congreso Nacional de Educaci\u00f3n, proceso que est\u00e1 realizando en todo el pa\u00eds.<!--more--><\/p>\n<p>En mesa de presentaci\u00f3n estuvieron los integrantes de la Comisi\u00f3n presidida por la Ministra de Educaci\u00f3n, Sra. Mar\u00eda Julia Mu\u00f1oz, Profesora Karina Nossar en representaci\u00f3n del Sistema Nacional de Educaci\u00f3n P\u00fablica, Consejera de la Universidad Tecnol\u00f3gica, Graciela Domato,\u00a0 Profesora Consejera Central de ANEP, Laura Motta, el intendente Dr. Marne Osorio Lima y el\u00a0 Rector de la Universidad de la Rep\u00fablica, Dr. Roberto Markarian.<\/p>\n<p>Junto a referentes de la educaci\u00f3n, esta comisi\u00f3n trabajar\u00e1 en el fortalecimiento de la misma en la regi\u00f3n \u201cya que el sistema ha crecido mucho\u201d seg\u00fan expresiones del Rector de la Universidad.<\/p>\n<p>El intendente Dr. Marne Osorio en parte de su alocuci\u00f3n manifest\u00f3: \u201cTrabajamos por la construcci\u00f3n de pol\u00edticas p\u00fablicas,\u00a0 trabajando por el desarrollo del territorio de forma integral porque tenemos muy claro que este es un proyecto de formar parte y empoderarse del mismo, articulando en el territorio para que el proyecto dialogue con la realidad de nuestra comunidad\u201d.<\/p>\n<div id='gallery-1' class='gallery galleryid-2512 gallery-columns-5 gallery-size-thumbnail'><figure class='gallery-item'>\n\t\t\t<div class='gallery-icon landscape'>\n\t\t\t\t<a href='https:\/\/www.rivera.gub.uy\/portal\/wp-content\/uploads\/2017\/08\/DSC_0330-Copiar.jpg'><img loading=\"lazy\" decoding=\"async\" width=\"132\" height=\"94\" src=\"https:\/\/www.rivera.gub.uy\/portal\/wp-content\/uploads\/2017\/08\/DSC_0330-Copiar-132x94.jpg\" class=\"attachment-thumbnail size-thumbnail\" alt=\"\" srcset=\"https:\/\/www.rivera.gub.uy\/portal\/wp-content\/uploads\/2017\/08\/DSC_0330-Copiar-132x94.jpg 132w, https:\/\/www.rivera.gub.uy\/portal\/wp-content\/uploads\/2017\/08\/DSC_0330-Copiar-263x188.jpg 263w, https:\/\/www.rivera.gub.uy\/portal\/wp-content\/uploads\/2017\/08\/DSC_0330-Copiar-768x549.jpg 768w, https:\/\/www.rivera.gub.uy\/portal\/wp-content\/uploads\/2017\/08\/DSC_0330-Copiar-876x626.jpg 876w, https:\/\/www.rivera.gub.uy\/portal\/wp-content\/uploads\/2017\/08\/DSC_0330-Copiar-820x586.jpg 820w, https:\/\/www.rivera.gub.uy\/portal\/wp-content\/uploads\/2017\/08\/DSC_0330-Copiar.jpg 1050w\" sizes=\"auto, (max-width: 132px) 100vw, 132px\" \/><\/a>\n\t\t\t<\/div><\/figure><figure class='gallery-item'>\n\t\t\t<div class='gallery-icon landscape'>\n\t\t\t\t<a href='https:\/\/www.rivera.gub.uy\/portal\/wp-content\/uploads\/2017\/08\/DSC_0336-Copiar.jpg'><img loading=\"lazy\" decoding=\"async\" width=\"132\" height=\"94\" src=\"https:\/\/www.rivera.gub.uy\/portal\/wp-content\/uploads\/2017\/08\/DSC_0336-Copiar-132x94.jpg\" class=\"attachment-thumbnail size-thumbnail\" alt=\"\" srcset=\"https:\/\/www.rivera.gub.uy\/portal\/wp-content\/uploads\/2017\/08\/DSC_0336-Copiar-132x94.jpg 132w, https:\/\/www.rivera.gub.uy\/portal\/wp-content\/uploads\/2017\/08\/DSC_0336-Copiar-263x188.jpg 263w, https:\/\/www.rivera.gub.uy\/portal\/wp-content\/uploads\/2017\/08\/DSC_0336-Copiar-768x549.jpg 768w, https:\/\/www.rivera.gub.uy\/portal\/wp-content\/uploads\/2017\/08\/DSC_0336-Copiar-876x626.jpg 876w, https:\/\/www.rivera.gub.uy\/portal\/wp-content\/uploads\/2017\/08\/DSC_0336-Copiar-820x586.jpg 820w, https:\/\/www.rivera.gub.uy\/portal\/wp-content\/uploads\/2017\/08\/DSC_0336-Copiar.jpg 1050w\" sizes=\"auto, (max-width: 132px) 100vw, 132px\" \/><\/a>\n\t\t\t<\/div><\/figure><figure class='gallery-item'>\n\t\t\t<div class='gallery-icon landscape'>\n\t\t\t\t<a href='https:\/\/www.rivera.gub.uy\/portal\/wp-content\/uploads\/2017\/08\/DSC_0343-Copiar.jpg'><img loading=\"lazy\" decoding=\"async\" width=\"132\" height=\"94\" src=\"https:\/\/www.rivera.gub.uy\/portal\/wp-content\/uploads\/2017\/08\/DSC_0343-Copiar-132x94.jpg\" class=\"attachment-thumbnail size-thumbnail\" alt=\"\" srcset=\"https:\/\/www.rivera.gub.uy\/portal\/wp-content\/uploads\/2017\/08\/DSC_0343-Copiar-132x94.jpg 132w, https:\/\/www.rivera.gub.uy\/portal\/wp-content\/uploads\/2017\/08\/DSC_0343-Copiar-263x188.jpg 263w, https:\/\/www.rivera.gub.uy\/portal\/wp-content\/uploads\/2017\/08\/DSC_0343-Copiar-768x549.jpg 768w, https:\/\/www.rivera.gub.uy\/portal\/wp-content\/uploads\/2017\/08\/DSC_0343-Copiar-876x626.jpg 876w, https:\/\/www.rivera.gub.uy\/portal\/wp-content\/uploads\/2017\/08\/DSC_0343-Copiar-820x586.jpg 820w, https:\/\/www.rivera.gub.uy\/portal\/wp-content\/uploads\/2017\/08\/DSC_0343-Copiar.jpg 1050w\" sizes=\"auto, (max-width: 132px) 100vw, 132px\" \/><\/a>\n\t\t\t<\/div><\/figure><figure class='gallery-item'>\n\t\t\t<div class='gallery-icon landscape'>\n\t\t\t\t<a href='https:\/\/www.rivera.gub.uy\/portal\/wp-content\/uploads\/2017\/08\/DSC_0354-Copiar.jpg'><img loading=\"lazy\" decoding=\"async\" width=\"132\" height=\"94\" src=\"https:\/\/www.rivera.gub.uy\/portal\/wp-content\/uploads\/2017\/08\/DSC_0354-Copiar-132x94.jpg\" class=\"attachment-thumbnail size-thumbnail\" alt=\"\" srcset=\"https:\/\/www.rivera.gub.uy\/portal\/wp-content\/uploads\/2017\/08\/DSC_0354-Copiar-132x94.jpg 132w, https:\/\/www.rivera.gub.uy\/portal\/wp-content\/uploads\/2017\/08\/DSC_0354-Copiar-263x188.jpg 263w, https:\/\/www.rivera.gub.uy\/portal\/wp-content\/uploads\/2017\/08\/DSC_0354-Copiar-768x549.jpg 768w, https:\/\/www.rivera.gub.uy\/portal\/wp-content\/uploads\/2017\/08\/DSC_0354-Copiar-876x626.jpg 876w, https:\/\/www.rivera.gub.uy\/portal\/wp-content\/uploads\/2017\/08\/DSC_0354-Copiar-820x586.jpg 820w, https:\/\/www.rivera.gub.uy\/portal\/wp-content\/uploads\/2017\/08\/DSC_0354-Copiar.jpg 1050w\" sizes=\"auto, (max-width: 132px) 100vw, 132px\" \/><\/a>\n\t\t\t<\/div><\/figure><figure class='gallery-item'>\n\t\t\t<div class='gallery-icon landscape'>\n\t\t\t\t<a href='https:\/\/www.rivera.gub.uy\/portal\/wp-content\/uploads\/2017\/08\/DSC_0363-Copiar.jpg'><img loading=\"lazy\" decoding=\"async\" width=\"132\" height=\"94\" src=\"https:\/\/www.rivera.gub.uy\/portal\/wp-content\/uploads\/2017\/08\/DSC_0363-Copiar-132x94.jpg\" class=\"attachment-thumbnail size-thumbnail\" alt=\"\" srcset=\"https:\/\/www.rivera.gub.uy\/portal\/wp-content\/uploads\/2017\/08\/DSC_0363-Copiar-132x94.jpg 132w, https:\/\/www.rivera.gub.uy\/portal\/wp-content\/uploads\/2017\/08\/DSC_0363-Copiar-263x188.jpg 263w, https:\/\/www.rivera.gub.uy\/portal\/wp-content\/uploads\/2017\/08\/DSC_0363-Copiar-768x549.jpg 768w, https:\/\/www.rivera.gub.uy\/portal\/wp-content\/uploads\/2017\/08\/DSC_0363-Copiar-876x626.jpg 876w, https:\/\/www.rivera.gub.uy\/portal\/wp-content\/uploads\/2017\/08\/DSC_0363-Copiar-820x586.jpg 820w, https:\/\/www.rivera.gub.uy\/portal\/wp-content\/uploads\/2017\/08\/DSC_0363-Copiar.jpg 1050w\" sizes=\"auto, (max-width: 132px) 100vw, 132px\" \/><\/a>\n\t\t\t<\/div><\/figure>\n\t\t<\/div>\n\n","protected":false},"excerpt":{"rendered":"<p>Se realiz\u00f3 en la ma\u00f1ana del d\u00eda viernes 18 de agosto, en sala de conferencias del Centro Universitario de Rivera (CUR), la presentaci\u00f3n de la Comisi\u00f3n Organizadora Departamental del Congreso Nacional de Educaci\u00f3n, proceso que est\u00e1 realizando en todo el pa\u00eds.<\/p>\n","protected":false},"author":7,"featured_media":2519,"comment_status":"open","ping_status":"open","sticky":false,"template":"","format":"standard","meta":{"footnotes":""},"categories":[1,18,13],"tags":[133,36,123,33,127],"class_list":["post-2512","post","type-post","status-publish","format-standard","has-post-thumbnail","hentry","category-novedades","category-participacion","category-proyectos-estrategicos","tag-educacion-superior","tag-intendencia","tag-polo-educativo","tag-rivera","tag-utec","has-post-video"],"_links":{"self":[{"href":"https:\/\/www.rivera.gub.uy\/portal\/wp-json\/wp\/v2\/posts\/2512","targetHints":{"allow":["GET"]}}],"collection":[{"href":"https:\/\/www.rivera.gub.uy\/portal\/wp-json\/wp\/v2\/posts"}],"about":[{"href":"https:\/\/www.rivera.gub.uy\/portal\/wp-json\/wp\/v2\/types\/post"}],"author":[{"embeddable":true,"href":"https:\/\/www.rivera.gub.uy\/portal\/wp-json\/wp\/v2\/users\/7"}],"replies":[{"embeddable":true,"href":"https:\/\/www.rivera.gub.uy\/portal\/wp-json\/wp\/v2\/comments?post=2512"}],"version-history":[{"count":1,"href":"https:\/\/www.rivera.gub.uy\/portal\/wp-json\/wp\/v2\/posts\/2512\/revisions"}],"predecessor-version":[{"id":2518,"href":"https:\/\/www.rivera.gub.uy\/portal\/wp-json\/wp\/v2\/posts\/2512\/revisions\/2518"}],"wp:featuredmedia":[{"embeddable":true,"href":"https:\/\/www.rivera.gub.uy\/portal\/wp-json\/wp\/v2\/media\/2519"}],"wp:attachment":[{"href":"https:\/\/www.rivera.gub.uy\/portal\/wp-json\/wp\/v2\/media?parent=2512"}],"wp:term":[{"taxonomy":"category","embeddable":true,"href":"https:\/\/www.rivera.gub.uy\/portal\/wp-json\/wp\/v2\/categories?post=2512"},{"taxonomy":"post_tag","embeddable":true,"href":"https:\/\/www.rivera.gub.uy\/portal\/wp-json\/wp\/v2\/tags?post=2512"}],"curies":[{"name":"wp","href":"https:\/\/api.w.org\/{rel}","templated":true}]}}