{"id":25326,"date":"2020-07-14T10:37:36","date_gmt":"2020-07-14T13:37:36","guid":{"rendered":"https:\/\/www.rivera.gub.uy\/portal\/?p=25326"},"modified":"2020-07-14T19:49:38","modified_gmt":"2020-07-14T22:49:38","slug":"la-orquesta-departamental-de-rivera-se-presenta-en-vivo","status":"publish","type":"post","link":"https:\/\/www.rivera.gub.uy\/portal\/la-orquesta-departamental-de-rivera-se-presenta-en-vivo\/","title":{"rendered":"La Orquesta Departamental de Rivera se presenta en vivo"},"content":{"rendered":"<p>Los elencos departamentales se presentan en un ciclo de trasmisiones en vivo.<\/p>\n<p>El jueves 16 de julio a la hora 18:30, se va a poder disfrutar a trav\u00e9s de la p\u00e1gina de <a href=\"https:\/\/www.facebook.com\/IntendenciaRivera\/\">Facebook<\/a> de la Intendencia de Rivera, a la Orquesta Departamental, con un repertorio especial, recordando una fecha muy importante para los uruguayos, la fecha del \u201cMaracanazo\u201d de aquel 16 de julio de 1950, hoy se celebran 70 a\u00f1os.<!--more--><\/p>\n<p><strong>Los 70 de los 50<\/strong><\/p>\n<p>\u201cLa Orquesta Departamental de Rivera, va hacer una recopilaci\u00f3n de temas que han acompa\u00f1ado a la selecci\u00f3n uruguaya desde esa \u00e9poca hasta ahora\u201d pero tambi\u00e9n interpretar\u00e1n temas relacionadas a los pa\u00edses (Uruguay, Brasil, Suecia y Espa\u00f1a) que llegaron a la final del mundial del 50, as\u00ed lo inform\u00f3 el director de Cultura, \u00c1lex \u00c1lvez.<\/p>\n<p>&nbsp;<\/p>\n\r\n\t<div class=\"msacwl-slider-wrap msacwl-row-clearfix \" data-conf=\"{&quot;autoplay&quot;:&quot;true&quot;,&quot;autoplay_speed&quot;:3000,&quot;speed&quot;:300,&quot;arrows&quot;:&quot;true&quot;,&quot;dots&quot;:&quot;true&quot;,&quot;lazyload&quot;:&quot;&quot;}\">\r\n\t\t<div id=\"msacwl-slider-1\" class=\"msacwl-slider msacwl-common-slider msacwl-slider-popup\">\r\n\t\t\t\t\t\t<div class=\"msacwl-slide\" data-item-index=\"1\" >\r\n\t\t\t\t<a class=\"msacwl-img-link\" href=\"javascript:void(0);\" data-mfp-src=\"https:\/\/www.rivera.gub.uy\/portal\/wp-content\/uploads\/2020\/07\/c-orquesta.jpg\">\r\n\t\t\t\t\t<img decoding=\"async\" class=\"msacwl-img\" src=\"https:\/\/www.rivera.gub.uy\/portal\/wp-content\/uploads\/2020\/07\/c-orquesta.jpg\"  data-title=\"\" alt=\"\" \/>\r\n\t\t\t\t<\/a>\r\n\t\t\t\t\t\t\t\t\t<div class=\"msacwl-gallery-caption\">\r\n\t\t\t\t\t\t\t\t\t\t\t\t\t<span class=\"image_title\"><\/span>\r\n\t\t\t\t\t\t\t\t\t\t\t\t\t<span><\/span>\r\n\t\t\t\t\t\t \t\t\t\t\t<\/div>\r\n\t\t\t\t\t\t\t<\/div>\r\n\t\t\t\t\t\t<div class=\"msacwl-slide\" data-item-index=\"2\" >\r\n\t\t\t\t<a class=\"msacwl-img-link\" href=\"javascript:void(0);\" data-mfp-src=\"https:\/\/www.rivera.gub.uy\/portal\/wp-content\/uploads\/2020\/07\/b-orquesta.jpg\">\r\n\t\t\t\t\t<img decoding=\"async\" class=\"msacwl-img\" src=\"https:\/\/www.rivera.gub.uy\/portal\/wp-content\/uploads\/2020\/07\/b-orquesta.jpg\"  data-title=\"\" alt=\"\" \/>\r\n\t\t\t\t<\/a>\r\n\t\t\t\t\t\t\t\t\t<div class=\"msacwl-gallery-caption\">\r\n\t\t\t\t\t\t\t\t\t\t\t\t\t<span class=\"image_title\"><\/span>\r\n\t\t\t\t\t\t\t\t\t\t\t\t\t<span><\/span>\r\n\t\t\t\t\t\t \t\t\t\t\t<\/div>\r\n\t\t\t\t\t\t\t<\/div>\r\n\t\t\t\t\t\t<div class=\"msacwl-slide\" data-item-index=\"3\" >\r\n\t\t\t\t<a class=\"msacwl-img-link\" href=\"javascript:void(0);\" data-mfp-src=\"https:\/\/www.rivera.gub.uy\/portal\/wp-content\/uploads\/2020\/07\/aorquesta.jpg\">\r\n\t\t\t\t\t<img decoding=\"async\" class=\"msacwl-img\" src=\"https:\/\/www.rivera.gub.uy\/portal\/wp-content\/uploads\/2020\/07\/aorquesta.jpg\"  data-title=\"\" alt=\"\" \/>\r\n\t\t\t\t<\/a>\r\n\t\t\t\t\t\t\t\t\t<div class=\"msacwl-gallery-caption\">\r\n\t\t\t\t\t\t\t\t\t\t\t\t\t<span class=\"image_title\"><\/span>\r\n\t\t\t\t\t\t\t\t\t\t\t\t\t<span><\/span>\r\n\t\t\t\t\t\t \t\t\t\t\t<\/div>\r\n\t\t\t\t\t\t\t<\/div>\r\n\t\t\t\t\t<\/div>\r\n\t<\/div>\r\n\r\n\t\n<p>&nbsp;<\/p>\n<p><strong>\u201cMaracanazo\u201d<\/strong><\/p>\n<p>Contra todo pron\u00f3stico, una hist\u00f3rica haza\u00f1a de la selecci\u00f3n Uruguaya de f\u00fatbol, quienes se enfrentaban a Brasil en el estadio Maracan\u00e1 de R\u00edo de Janeiro, ganando la final de la Copa Mundial de F\u00fatbol del a\u00f1o 1950, por dos tantos contra uno.<\/p>\n<p>&nbsp;<\/p>\n<p><iframe loading=\"lazy\" title=\"La Orquesta Departamental de Rivera se presenta en vivo\" width=\"1160\" height=\"653\" src=\"https:\/\/www.youtube.com\/embed\/lhKmNpSVRtk?feature=oembed\" frameborder=\"0\" allow=\"accelerometer; autoplay; encrypted-media; gyroscope; picture-in-picture\" allowfullscreen><\/iframe><\/p>\n","protected":false},"excerpt":{"rendered":"<p>Los elencos departamentales se presentan en un ciclo de trasmisiones en vivo. El jueves 16 de julio a la hora 18:30, se va a poder disfrutar a trav\u00e9s de la p\u00e1gina de Facebook de la Intendencia de Rivera, a la Orquesta Departamental, con un repertorio especial, recordando una fecha muy importante para los uruguayos, la [&hellip;]<\/p>\n","protected":false},"author":7,"featured_media":25329,"comment_status":"open","ping_status":"open","sticky":false,"template":"","format":"standard","meta":{"footnotes":""},"categories":[3,1],"tags":[],"class_list":["post-25326","post","type-post","status-publish","format-standard","has-post-thumbnail","hentry","category-multimedia","category-novedades"],"_links":{"self":[{"href":"https:\/\/www.rivera.gub.uy\/portal\/wp-json\/wp\/v2\/posts\/25326","targetHints":{"allow":["GET"]}}],"collection":[{"href":"https:\/\/www.rivera.gub.uy\/portal\/wp-json\/wp\/v2\/posts"}],"about":[{"href":"https:\/\/www.rivera.gub.uy\/portal\/wp-json\/wp\/v2\/types\/post"}],"author":[{"embeddable":true,"href":"https:\/\/www.rivera.gub.uy\/portal\/wp-json\/wp\/v2\/users\/7"}],"replies":[{"embeddable":true,"href":"https:\/\/www.rivera.gub.uy\/portal\/wp-json\/wp\/v2\/comments?post=25326"}],"version-history":[{"count":1,"href":"https:\/\/www.rivera.gub.uy\/portal\/wp-json\/wp\/v2\/posts\/25326\/revisions"}],"predecessor-version":[{"id":25330,"href":"https:\/\/www.rivera.gub.uy\/portal\/wp-json\/wp\/v2\/posts\/25326\/revisions\/25330"}],"wp:featuredmedia":[{"embeddable":true,"href":"https:\/\/www.rivera.gub.uy\/portal\/wp-json\/wp\/v2\/media\/25329"}],"wp:attachment":[{"href":"https:\/\/www.rivera.gub.uy\/portal\/wp-json\/wp\/v2\/media?parent=25326"}],"wp:term":[{"taxonomy":"category","embeddable":true,"href":"https:\/\/www.rivera.gub.uy\/portal\/wp-json\/wp\/v2\/categories?post=25326"},{"taxonomy":"post_tag","embeddable":true,"href":"https:\/\/www.rivera.gub.uy\/portal\/wp-json\/wp\/v2\/tags?post=25326"}],"curies":[{"name":"wp","href":"https:\/\/api.w.org\/{rel}","templated":true}]}}