{"id":25765,"date":"2020-08-13T14:43:40","date_gmt":"2020-08-13T17:43:40","guid":{"rendered":"https:\/\/www.rivera.gub.uy\/portal\/?p=25765"},"modified":"2020-08-13T14:43:48","modified_gmt":"2020-08-13T17:43:48","slug":"ciudades-inteligentes-compromiso-asumido-en-la-agenda-uruguay-digital-2020","status":"publish","type":"post","link":"https:\/\/www.rivera.gub.uy\/portal\/ciudades-inteligentes-compromiso-asumido-en-la-agenda-uruguay-digital-2020\/","title":{"rendered":"Ciudades inteligentes: compromiso asumido en la Agenda Uruguay Digital 2020"},"content":{"rendered":"<p>El Congreso de Intendentes, a trav\u00e9s del Comit\u00e9 Nacional de Ciudades Inteligentes realizar\u00e1 un taller virtual el 18 de agosto (18:00 a 19:30 h.) para abordar con una mirada actual, las ciudades inteligentes en Uruguay, logros y desaf\u00edos.<!--more--><\/p>\n<p>El compromiso por \u201cArticular, fomentar y generar capacidades para los gobiernos departamentales en materia de ciudades inteligentes\u201d fue asumido por el Congreso de Intendentes y la Red Interdepartamental de Gobierno Digital y se encuentra dentro del objetivo II de Innovaci\u00f3n para el bienestar social.<\/p>\n<p>Bajo ese marco se est\u00e1 organizando un ciclo de talleres que comenzar\u00e1 el pr\u00f3ximo 18 de agosto. Participar\u00e1n la Ing. Cristina Zubillaga y la Cra. Ana Bentaberri y ser\u00e1 moderado por el Q.F. Alejandro Bert\u00f3n, director general de Desarrollo y Medio Ambiente.<\/p>\n<p>La instancia se realizar\u00e1 previa <a href=\"https:\/\/www.eventbrite.es\/e\/entradas-una-mirada-actual-de-ciudades-inteligentes-en-uruguay-116423047469\" target=\"_blank\" rel=\"noopener noreferrer\">inscripci\u00f3n<\/a> y las postulaciones aceptadas recibir\u00e1n un correo electr\u00f3nico con la identificaci\u00f3n para el acceso al Seminario v\u00eda Zoom.<\/p>\n<p>&nbsp;<\/p>\n<p><a href=\"https:\/\/www.rivera.gub.uy\/portal\/wp-content\/uploads\/2020\/08\/WhatsApp-Image-2020-08-13-at-11.42.33-AM.jpeg\"><img loading=\"lazy\" decoding=\"async\" class=\"aligncenter wp-image-25766 size-medium\" src=\"https:\/\/www.rivera.gub.uy\/portal\/wp-content\/uploads\/2020\/08\/WhatsApp-Image-2020-08-13-at-11.42.33-AM-300x153.jpeg\" alt=\"\" width=\"300\" height=\"153\" srcset=\"https:\/\/www.rivera.gub.uy\/portal\/wp-content\/uploads\/2020\/08\/WhatsApp-Image-2020-08-13-at-11.42.33-AM-300x153.jpeg 300w, https:\/\/www.rivera.gub.uy\/portal\/wp-content\/uploads\/2020\/08\/WhatsApp-Image-2020-08-13-at-11.42.33-AM-150x76.jpeg 150w, https:\/\/www.rivera.gub.uy\/portal\/wp-content\/uploads\/2020\/08\/WhatsApp-Image-2020-08-13-at-11.42.33-AM-768x391.jpeg 768w, https:\/\/www.rivera.gub.uy\/portal\/wp-content\/uploads\/2020\/08\/WhatsApp-Image-2020-08-13-at-11.42.33-AM-1000x509.jpeg 1000w, https:\/\/www.rivera.gub.uy\/portal\/wp-content\/uploads\/2020\/08\/WhatsApp-Image-2020-08-13-at-11.42.33-AM-820x417.jpeg 820w, https:\/\/www.rivera.gub.uy\/portal\/wp-content\/uploads\/2020\/08\/WhatsApp-Image-2020-08-13-at-11.42.33-AM.jpeg 1002w\" sizes=\"auto, (max-width: 300px) 100vw, 300px\" \/><\/a><\/p>\n<p>&nbsp;<\/p>\n<p>Fuente: Comit\u00e9 Nacional de Ciudades Inteligentes &#8211; Congreso de Intendentes<\/p>\n","protected":false},"excerpt":{"rendered":"<p>El Congreso de Intendentes, a trav\u00e9s del Comit\u00e9 Nacional de Ciudades Inteligentes realizar\u00e1 un taller virtual el 18 de agosto (18:00 a 19:30 h.) para abordar con una mirada actual, las ciudades inteligentes en Uruguay, logros y desaf\u00edos.<\/p>\n","protected":false},"author":7,"featured_media":25767,"comment_status":"open","ping_status":"open","sticky":false,"template":"","format":"standard","meta":{"footnotes":""},"categories":[1],"tags":[1159,243,71,33],"class_list":["post-25765","post","type-post","status-publish","format-standard","has-post-thumbnail","hentry","category-novedades","tag-ciudades-inteligentes","tag-congreso","tag-intendentes","tag-rivera"],"_links":{"self":[{"href":"https:\/\/www.rivera.gub.uy\/portal\/wp-json\/wp\/v2\/posts\/25765","targetHints":{"allow":["GET"]}}],"collection":[{"href":"https:\/\/www.rivera.gub.uy\/portal\/wp-json\/wp\/v2\/posts"}],"about":[{"href":"https:\/\/www.rivera.gub.uy\/portal\/wp-json\/wp\/v2\/types\/post"}],"author":[{"embeddable":true,"href":"https:\/\/www.rivera.gub.uy\/portal\/wp-json\/wp\/v2\/users\/7"}],"replies":[{"embeddable":true,"href":"https:\/\/www.rivera.gub.uy\/portal\/wp-json\/wp\/v2\/comments?post=25765"}],"version-history":[{"count":2,"href":"https:\/\/www.rivera.gub.uy\/portal\/wp-json\/wp\/v2\/posts\/25765\/revisions"}],"predecessor-version":[{"id":25769,"href":"https:\/\/www.rivera.gub.uy\/portal\/wp-json\/wp\/v2\/posts\/25765\/revisions\/25769"}],"wp:featuredmedia":[{"embeddable":true,"href":"https:\/\/www.rivera.gub.uy\/portal\/wp-json\/wp\/v2\/media\/25767"}],"wp:attachment":[{"href":"https:\/\/www.rivera.gub.uy\/portal\/wp-json\/wp\/v2\/media?parent=25765"}],"wp:term":[{"taxonomy":"category","embeddable":true,"href":"https:\/\/www.rivera.gub.uy\/portal\/wp-json\/wp\/v2\/categories?post=25765"},{"taxonomy":"post_tag","embeddable":true,"href":"https:\/\/www.rivera.gub.uy\/portal\/wp-json\/wp\/v2\/tags?post=25765"}],"curies":[{"name":"wp","href":"https:\/\/api.w.org\/{rel}","templated":true}]}}