{"id":25924,"date":"2020-08-31T08:46:43","date_gmt":"2020-08-31T11:46:43","guid":{"rendered":"https:\/\/www.rivera.gub.uy\/portal\/?p=25924"},"modified":"2020-08-31T08:49:28","modified_gmt":"2020-08-31T11:49:28","slug":"acuerdo-entre-la-idr-mvotma-y-ose-permitio-que-600-familias-accedan-al-servicio-de-saneamiento","status":"publish","type":"post","link":"https:\/\/www.rivera.gub.uy\/portal\/acuerdo-entre-la-idr-mvotma-y-ose-permitio-que-600-familias-accedan-al-servicio-de-saneamiento\/","title":{"rendered":"Acuerdo entre la IDR, MVOTMA y OSE permiti\u00f3 que 600 familias accedan al servicio de saneamiento"},"content":{"rendered":"<p>El secretario general de la IDR, Arq. Jos\u00e9 Mazzoni, se reuni\u00f3 con el directorio de O.S.E, en Montevideo, acompa\u00f1ado por el senador Tabar\u00e9 Viera, el diputado Marne Osorio; el director general de Obras, Arq. Mart\u00edn Garc\u00eda y el director general de Desarrollo y Medio Ambiente, Q.F Alejandro Bert\u00f3n.<!--more--><\/p>\n<p>El motivo de la reuni\u00f3n, m\u00e1s all\u00e1 de presentarse, era plantear la situaci\u00f3n del departamento, en el \u00e1rea de saneamiento, agua potable, convenios de conexiones intradomiciliarias, y presentar los proyectos y proyecciones a futuro, como el Parque Tecnol\u00f3gico, donde para Rivera el apoyo de OSE es fundamental.<\/p>\n<p>La expectativa para los pr\u00f3ximos meses, es estar incluidos en el presupuesto quinquenal y volcar la inversi\u00f3n de OSE en coordinaci\u00f3n con la gerencia local del ente y la intendencia de Rivera.<\/p>\n<p>Se trabaja muy bien, se busca una inversi\u00f3n m\u00e1s importante, ampliando la red de saneamiento, y encontrar soluciones (agua potable) para algunos barrios (Piedra Furada y Villa Sara) de la ciudad y Lagos del Norte.<\/p>\n<p>&nbsp;<\/p>\n\r\n\t<div class=\"msacwl-slider-wrap msacwl-row-clearfix \" data-conf=\"{&quot;autoplay&quot;:&quot;true&quot;,&quot;autoplay_speed&quot;:3000,&quot;speed&quot;:300,&quot;arrows&quot;:&quot;true&quot;,&quot;dots&quot;:&quot;true&quot;,&quot;lazyload&quot;:&quot;&quot;}\">\r\n\t\t<div id=\"msacwl-slider-1\" class=\"msacwl-slider msacwl-common-slider msacwl-slider-popup\">\r\n\t\t\t\t\t\t<div class=\"msacwl-slide\" data-item-index=\"1\" >\r\n\t\t\t\t<a class=\"msacwl-img-link\" href=\"javascript:void(0);\" data-mfp-src=\"https:\/\/www.rivera.gub.uy\/portal\/wp-content\/uploads\/2020\/08\/117129217_10157434613103302_8424299400749604540_n.jpg\">\r\n\t\t\t\t\t<img decoding=\"async\" class=\"msacwl-img\" src=\"https:\/\/www.rivera.gub.uy\/portal\/wp-content\/uploads\/2020\/08\/117129217_10157434613103302_8424299400749604540_n.jpg\"  data-title=\"\" alt=\"\" \/>\r\n\t\t\t\t<\/a>\r\n\t\t\t\t\t\t\t\t\t<div class=\"msacwl-gallery-caption\">\r\n\t\t\t\t\t\t\t\t\t\t\t\t\t<span class=\"image_title\"><\/span>\r\n\t\t\t\t\t\t\t\t\t\t\t\t\t<span><\/span>\r\n\t\t\t\t\t\t \t\t\t\t\t<\/div>\r\n\t\t\t\t\t\t\t<\/div>\r\n\t\t\t\t\t\t<div class=\"msacwl-slide\" data-item-index=\"2\" >\r\n\t\t\t\t<a class=\"msacwl-img-link\" href=\"javascript:void(0);\" data-mfp-src=\"https:\/\/www.rivera.gub.uy\/portal\/wp-content\/uploads\/2020\/08\/117058701_10157434613073302_5915186094613735119_n.jpg\">\r\n\t\t\t\t\t<img decoding=\"async\" class=\"msacwl-img\" src=\"https:\/\/www.rivera.gub.uy\/portal\/wp-content\/uploads\/2020\/08\/117058701_10157434613073302_5915186094613735119_n.jpg\"  data-title=\"\" alt=\"\" \/>\r\n\t\t\t\t<\/a>\r\n\t\t\t\t\t\t\t\t\t<div class=\"msacwl-gallery-caption\">\r\n\t\t\t\t\t\t\t\t\t\t\t\t\t<span class=\"image_title\"><\/span>\r\n\t\t\t\t\t\t\t\t\t\t\t\t\t<span><\/span>\r\n\t\t\t\t\t\t \t\t\t\t\t<\/div>\r\n\t\t\t\t\t\t\t<\/div>\r\n\t\t\t\t\t\t<div class=\"msacwl-slide\" data-item-index=\"3\" >\r\n\t\t\t\t<a class=\"msacwl-img-link\" href=\"javascript:void(0);\" data-mfp-src=\"https:\/\/www.rivera.gub.uy\/portal\/wp-content\/uploads\/2020\/08\/3-6.jpg\">\r\n\t\t\t\t\t<img decoding=\"async\" class=\"msacwl-img\" src=\"https:\/\/www.rivera.gub.uy\/portal\/wp-content\/uploads\/2020\/08\/3-6.jpg\"  data-title=\"\" alt=\"\" \/>\r\n\t\t\t\t<\/a>\r\n\t\t\t\t\t\t\t\t\t<div class=\"msacwl-gallery-caption\">\r\n\t\t\t\t\t\t\t\t\t\t\t\t\t<span class=\"image_title\"><\/span>\r\n\t\t\t\t\t\t\t\t\t\t\t\t\t<span><\/span>\r\n\t\t\t\t\t\t \t\t\t\t\t<\/div>\r\n\t\t\t\t\t\t\t<\/div>\r\n\t\t\t\t\t\t<div class=\"msacwl-slide\" data-item-index=\"4\" >\r\n\t\t\t\t<a class=\"msacwl-img-link\" href=\"javascript:void(0);\" data-mfp-src=\"https:\/\/www.rivera.gub.uy\/portal\/wp-content\/uploads\/2020\/08\/2-6.jpg\">\r\n\t\t\t\t\t<img decoding=\"async\" class=\"msacwl-img\" src=\"https:\/\/www.rivera.gub.uy\/portal\/wp-content\/uploads\/2020\/08\/2-6.jpg\"  data-title=\"\" alt=\"\" \/>\r\n\t\t\t\t<\/a>\r\n\t\t\t\t\t\t\t\t\t<div class=\"msacwl-gallery-caption\">\r\n\t\t\t\t\t\t\t\t\t\t\t\t\t<span class=\"image_title\"><\/span>\r\n\t\t\t\t\t\t\t\t\t\t\t\t\t<span><\/span>\r\n\t\t\t\t\t\t \t\t\t\t\t<\/div>\r\n\t\t\t\t\t\t\t<\/div>\r\n\t\t\t\t\t\t<div class=\"msacwl-slide\" data-item-index=\"5\" >\r\n\t\t\t\t<a class=\"msacwl-img-link\" href=\"javascript:void(0);\" data-mfp-src=\"https:\/\/www.rivera.gub.uy\/portal\/wp-content\/uploads\/2020\/08\/1-8.jpg\">\r\n\t\t\t\t\t<img decoding=\"async\" class=\"msacwl-img\" src=\"https:\/\/www.rivera.gub.uy\/portal\/wp-content\/uploads\/2020\/08\/1-8.jpg\"  data-title=\"\" alt=\"\" \/>\r\n\t\t\t\t<\/a>\r\n\t\t\t\t\t\t\t\t\t<div class=\"msacwl-gallery-caption\">\r\n\t\t\t\t\t\t\t\t\t\t\t\t\t<span class=\"image_title\"><\/span>\r\n\t\t\t\t\t\t\t\t\t\t\t\t\t<span><\/span>\r\n\t\t\t\t\t\t \t\t\t\t\t<\/div>\r\n\t\t\t\t\t\t\t<\/div>\r\n\t\t\t\t\t<\/div>\r\n\t<\/div>\r\n\r\n\t\n<p>&nbsp;<\/p>\n<p>El director general de Desarrollo y Medio Ambiente, Q.F Alejandro Bert\u00f3n, inform\u00f3: \u201cfuimos a plantear la continuidad del proyecto de conexiones intradomiciliarias; hubo una recepci\u00f3n muy importante porque el proyecto que venimos ejecutando llega a su fin, en un convenio con fondos del Banco Interamericano de Desarrollo (BID) a trav\u00e9s del Ministerio de Vivienda ( MVOTMA), entre OSE y la intendencia\u201d&#8230; \u201cluego de cuatro renovaciones lleg\u00f3 a su fin, y planteamos la posibilidad de realizar de una manera m\u00e1s sustentable las intervenciones que han sido muy buenas, con casi 600 viviendas conectadas de gente muy humilde\u201d.<\/p>\n<p>Adem\u00e1s explic\u00f3 que la intendencia de Rivera, aporta recursos humanos y OSE, \u201cvuelca el gasto que tiene la intendencia con OSE, a trav\u00e9s del reconocimiento de deuda\u201d.<\/p>\n<p><iframe loading=\"lazy\" title=\"Acuerdo entre la IDR, MVOTMA y OSE permiti\u00f3 que 600 familias accedan al servicio de saneamiento\" width=\"1160\" height=\"653\" src=\"https:\/\/www.youtube.com\/embed\/_gMf567lO18?feature=oembed\" frameborder=\"0\" allow=\"accelerometer; autoplay; encrypted-media; gyroscope; picture-in-picture\" allowfullscreen><\/iframe><\/p>\n","protected":false},"excerpt":{"rendered":"<p>El secretario general de la IDR, Arq. Jos\u00e9 Mazzoni, se reuni\u00f3 con el directorio de O.S.E, en Montevideo, acompa\u00f1ado por el senador Tabar\u00e9 Viera, el diputado Marne Osorio; el director general de Obras, Arq. Mart\u00edn Garc\u00eda y el director general de Desarrollo y Medio Ambiente, Q.F Alejandro Bert\u00f3n.<\/p>\n","protected":false},"author":7,"featured_media":25929,"comment_status":"open","ping_status":"open","sticky":false,"template":"","format":"standard","meta":{"footnotes":""},"categories":[3,1],"tags":[],"class_list":["post-25924","post","type-post","status-publish","format-standard","has-post-thumbnail","hentry","category-multimedia","category-novedades"],"_links":{"self":[{"href":"https:\/\/www.rivera.gub.uy\/portal\/wp-json\/wp\/v2\/posts\/25924","targetHints":{"allow":["GET"]}}],"collection":[{"href":"https:\/\/www.rivera.gub.uy\/portal\/wp-json\/wp\/v2\/posts"}],"about":[{"href":"https:\/\/www.rivera.gub.uy\/portal\/wp-json\/wp\/v2\/types\/post"}],"author":[{"embeddable":true,"href":"https:\/\/www.rivera.gub.uy\/portal\/wp-json\/wp\/v2\/users\/7"}],"replies":[{"embeddable":true,"href":"https:\/\/www.rivera.gub.uy\/portal\/wp-json\/wp\/v2\/comments?post=25924"}],"version-history":[{"count":1,"href":"https:\/\/www.rivera.gub.uy\/portal\/wp-json\/wp\/v2\/posts\/25924\/revisions"}],"predecessor-version":[{"id":25930,"href":"https:\/\/www.rivera.gub.uy\/portal\/wp-json\/wp\/v2\/posts\/25924\/revisions\/25930"}],"wp:featuredmedia":[{"embeddable":true,"href":"https:\/\/www.rivera.gub.uy\/portal\/wp-json\/wp\/v2\/media\/25929"}],"wp:attachment":[{"href":"https:\/\/www.rivera.gub.uy\/portal\/wp-json\/wp\/v2\/media?parent=25924"}],"wp:term":[{"taxonomy":"category","embeddable":true,"href":"https:\/\/www.rivera.gub.uy\/portal\/wp-json\/wp\/v2\/categories?post=25924"},{"taxonomy":"post_tag","embeddable":true,"href":"https:\/\/www.rivera.gub.uy\/portal\/wp-json\/wp\/v2\/tags?post=25924"}],"curies":[{"name":"wp","href":"https:\/\/api.w.org\/{rel}","templated":true}]}}