{"id":26011,"date":"2020-09-08T19:06:54","date_gmt":"2020-09-08T22:06:54","guid":{"rendered":"https:\/\/www.rivera.gub.uy\/portal\/?p=26011"},"modified":"2020-09-08T19:06:54","modified_gmt":"2020-09-08T22:06:54","slug":"rivera-es-una-de-las-tres-ciudades-solidarias","status":"publish","type":"post","link":"https:\/\/www.rivera.gub.uy\/portal\/rivera-es-una-de-las-tres-ciudades-solidarias\/","title":{"rendered":"Rivera es una de las tres \u201cCiudades Solidarias\u201d"},"content":{"rendered":"<p>Se contin\u00faa generando \u00e1mbitos interinstitucionales, desde la intendencia de Rivera, buscando soluciones para los migrantes que llegan a la frontera.<!--more--><\/p>\n<p>En el d\u00eda de hoy se firm\u00f3 convenio marco de cooperaci\u00f3n Institucional, \u201cCiudades Solidarias\u201d, entre la Intendencia Departamental de Rivera y la Oficina del Alto Comisionado de las Naciones Unidas para los Refugiados (ACNUR).<\/p>\n<p>La intendente departamental de Rivera, Alma Galup Migliarini, junto al secretario general de la IDR, Arq. Jos\u00e9 Mazzoni, se reunieron con el Observatorio Departamental de Migraciones, conformado por varias instituciones (IDR, MIDES, UTU, BPS y Ej\u00e9rcito).<\/p>\n<p>En la apertura y presentaci\u00f3n de antecedentes sobre la cooperaci\u00f3n entre ambos, en el acto oficial de la firma, hicieron uso de la palabra la Coordinadora del Observatorio, Psic. Alicia Schiavo y de forma virtual (Zoom) la Jefa de la Unidad de Soluciones Duraderas, de la oficina Regional del ACNUR para el Sur de Am\u00e9rica Latina, Maddalena Pezzotti.<\/p>\n<p>&nbsp;<\/p>\n\r\n\t<div class=\"msacwl-slider-wrap msacwl-row-clearfix \" data-conf=\"{&quot;autoplay&quot;:&quot;true&quot;,&quot;autoplay_speed&quot;:3000,&quot;speed&quot;:300,&quot;arrows&quot;:&quot;true&quot;,&quot;dots&quot;:&quot;true&quot;,&quot;lazyload&quot;:&quot;&quot;}\">\r\n\t\t<div id=\"msacwl-slider-1\" class=\"msacwl-slider msacwl-common-slider msacwl-slider-popup\">\r\n\t\t\t\t\t\t<div class=\"msacwl-slide\" data-item-index=\"1\" >\r\n\t\t\t\t<a class=\"msacwl-img-link\" href=\"javascript:void(0);\" data-mfp-src=\"https:\/\/www.rivera.gub.uy\/portal\/wp-content\/uploads\/2020\/09\/1-2.jpg\">\r\n\t\t\t\t\t<img decoding=\"async\" class=\"msacwl-img\" src=\"https:\/\/www.rivera.gub.uy\/portal\/wp-content\/uploads\/2020\/09\/1-2.jpg\"  data-title=\"\" alt=\"\" \/>\r\n\t\t\t\t<\/a>\r\n\t\t\t\t\t\t\t\t\t<div class=\"msacwl-gallery-caption\">\r\n\t\t\t\t\t\t\t\t\t\t\t\t\t<span class=\"image_title\"><\/span>\r\n\t\t\t\t\t\t\t\t\t\t\t\t\t<span><\/span>\r\n\t\t\t\t\t\t \t\t\t\t\t<\/div>\r\n\t\t\t\t\t\t\t<\/div>\r\n\t\t\t\t\t\t<div class=\"msacwl-slide\" data-item-index=\"2\" >\r\n\t\t\t\t<a class=\"msacwl-img-link\" href=\"javascript:void(0);\" data-mfp-src=\"https:\/\/www.rivera.gub.uy\/portal\/wp-content\/uploads\/2020\/09\/2-2.jpg\">\r\n\t\t\t\t\t<img decoding=\"async\" class=\"msacwl-img\" src=\"https:\/\/www.rivera.gub.uy\/portal\/wp-content\/uploads\/2020\/09\/2-2.jpg\"  data-title=\"\" alt=\"\" \/>\r\n\t\t\t\t<\/a>\r\n\t\t\t\t\t\t\t\t\t<div class=\"msacwl-gallery-caption\">\r\n\t\t\t\t\t\t\t\t\t\t\t\t\t<span class=\"image_title\"><\/span>\r\n\t\t\t\t\t\t\t\t\t\t\t\t\t<span><\/span>\r\n\t\t\t\t\t\t \t\t\t\t\t<\/div>\r\n\t\t\t\t\t\t\t<\/div>\r\n\t\t\t\t\t\t<div class=\"msacwl-slide\" data-item-index=\"3\" >\r\n\t\t\t\t<a class=\"msacwl-img-link\" href=\"javascript:void(0);\" data-mfp-src=\"https:\/\/www.rivera.gub.uy\/portal\/wp-content\/uploads\/2020\/09\/3-1.jpg\">\r\n\t\t\t\t\t<img decoding=\"async\" class=\"msacwl-img\" src=\"https:\/\/www.rivera.gub.uy\/portal\/wp-content\/uploads\/2020\/09\/3-1.jpg\"  data-title=\"\" alt=\"\" \/>\r\n\t\t\t\t<\/a>\r\n\t\t\t\t\t\t\t\t\t<div class=\"msacwl-gallery-caption\">\r\n\t\t\t\t\t\t\t\t\t\t\t\t\t<span class=\"image_title\"><\/span>\r\n\t\t\t\t\t\t\t\t\t\t\t\t\t<span><\/span>\r\n\t\t\t\t\t\t \t\t\t\t\t<\/div>\r\n\t\t\t\t\t\t\t<\/div>\r\n\t\t\t\t\t\t<div class=\"msacwl-slide\" data-item-index=\"4\" >\r\n\t\t\t\t<a class=\"msacwl-img-link\" href=\"javascript:void(0);\" data-mfp-src=\"https:\/\/www.rivera.gub.uy\/portal\/wp-content\/uploads\/2020\/09\/DSC_0312-1.jpg\">\r\n\t\t\t\t\t<img decoding=\"async\" class=\"msacwl-img\" src=\"https:\/\/www.rivera.gub.uy\/portal\/wp-content\/uploads\/2020\/09\/DSC_0312-1.jpg\"  data-title=\"\" alt=\"\" \/>\r\n\t\t\t\t<\/a>\r\n\t\t\t\t\t\t\t\t\t<div class=\"msacwl-gallery-caption\">\r\n\t\t\t\t\t\t\t\t\t\t\t\t\t<span class=\"image_title\"><\/span>\r\n\t\t\t\t\t\t\t\t\t\t\t\t\t<span><\/span>\r\n\t\t\t\t\t\t \t\t\t\t\t<\/div>\r\n\t\t\t\t\t\t\t<\/div>\r\n\t\t\t\t\t<\/div>\r\n\t<\/div>\r\n\r\n\t\n<p>&nbsp;<\/p>\n<p>Seguidamente, habl\u00f3 el secretario general de la IDR, y el director general de Promoci\u00f3n y Acci\u00f3n Social, Cr. Giovani Conti, informando los diferentes acuerdos institucionales que la IDR, tiene en su haber.<\/p>\n<p>Antes de firmar el convenio de Cooperaci\u00f3n Ciudades Solidarias (zoom), habl\u00f3 el representante Regional de la Oficina de ACNUR para el Sur de Am\u00e9rica Latina, Juan Carlos Murillo, desde Bs. As. y cerrando oficialmente la reuni\u00f3n, lo hizo Alma Galup.<\/p>\n<p>\u201cCiudades Solidarias\u201d<br \/>\nEl convenio tiene como objetivo incorporar la IDR, al programa \u201cCiudades Solidarias\u201d, el cual fue desarrollado por ACNUR, con la finalidad de llevar adelante acciones conjuntas que consideren necesarias para garantizar la protecci\u00f3n y la inclusi\u00f3n socio-econ\u00f3mica de la poblaci\u00f3n de migrantes, para facilitar el acceso a sus derechos civiles, pol\u00edticos, econ\u00f3micos, sociales y culturales.<\/p>\n<p>En Uruguay, son tres los departamentos que han firmado el convenio Marco: Montevideo, Canelones y Rivera.<\/p>\n<p>&nbsp;<\/p>\n<p><iframe loading=\"lazy\" title=\"Rivera es una de las tres \u201cCiudades Solidarias\u201d\" width=\"1160\" height=\"653\" src=\"https:\/\/www.youtube.com\/embed\/JX8x8hTXObA?feature=oembed\" frameborder=\"0\" allow=\"accelerometer; autoplay; encrypted-media; gyroscope; picture-in-picture\" allowfullscreen><\/iframe><\/p>\n","protected":false},"excerpt":{"rendered":"<p>Se contin\u00faa generando \u00e1mbitos interinstitucionales, desde la intendencia de Rivera, buscando soluciones para los migrantes que llegan a la frontera.<\/p>\n","protected":false},"author":7,"featured_media":26016,"comment_status":"open","ping_status":"open","sticky":false,"template":"","format":"standard","meta":{"footnotes":""},"categories":[3,1],"tags":[1168,1169,36,33],"class_list":["post-26011","post","type-post","status-publish","format-standard","has-post-thumbnail","hentry","category-multimedia","category-novedades","tag-acnur","tag-ciudades-solidarias","tag-intendencia","tag-rivera"],"_links":{"self":[{"href":"https:\/\/www.rivera.gub.uy\/portal\/wp-json\/wp\/v2\/posts\/26011","targetHints":{"allow":["GET"]}}],"collection":[{"href":"https:\/\/www.rivera.gub.uy\/portal\/wp-json\/wp\/v2\/posts"}],"about":[{"href":"https:\/\/www.rivera.gub.uy\/portal\/wp-json\/wp\/v2\/types\/post"}],"author":[{"embeddable":true,"href":"https:\/\/www.rivera.gub.uy\/portal\/wp-json\/wp\/v2\/users\/7"}],"replies":[{"embeddable":true,"href":"https:\/\/www.rivera.gub.uy\/portal\/wp-json\/wp\/v2\/comments?post=26011"}],"version-history":[{"count":1,"href":"https:\/\/www.rivera.gub.uy\/portal\/wp-json\/wp\/v2\/posts\/26011\/revisions"}],"predecessor-version":[{"id":26020,"href":"https:\/\/www.rivera.gub.uy\/portal\/wp-json\/wp\/v2\/posts\/26011\/revisions\/26020"}],"wp:featuredmedia":[{"embeddable":true,"href":"https:\/\/www.rivera.gub.uy\/portal\/wp-json\/wp\/v2\/media\/26016"}],"wp:attachment":[{"href":"https:\/\/www.rivera.gub.uy\/portal\/wp-json\/wp\/v2\/media?parent=26011"}],"wp:term":[{"taxonomy":"category","embeddable":true,"href":"https:\/\/www.rivera.gub.uy\/portal\/wp-json\/wp\/v2\/categories?post=26011"},{"taxonomy":"post_tag","embeddable":true,"href":"https:\/\/www.rivera.gub.uy\/portal\/wp-json\/wp\/v2\/tags?post=26011"}],"curies":[{"name":"wp","href":"https:\/\/api.w.org\/{rel}","templated":true}]}}