{"id":26060,"date":"2020-09-10T10:45:21","date_gmt":"2020-09-10T13:45:21","guid":{"rendered":"https:\/\/www.rivera.gub.uy\/portal\/?p=26060"},"modified":"2020-09-10T10:50:18","modified_gmt":"2020-09-10T13:50:18","slug":"lanzamiento-de-la-feria-de-primavera","status":"publish","type":"post","link":"https:\/\/www.rivera.gub.uy\/portal\/lanzamiento-de-la-feria-de-primavera\/","title":{"rendered":"Lanzamiento de la \u201cFeria de Primavera\u201d"},"content":{"rendered":"<p>En la ma\u00f1ana del martes 8 de setiembre, en la sala de conferencia del tercer piso de la IDR, se realiz\u00f3 el lanzamiento de la \u201cFeria de Primavera\u201d, la cual se realizar\u00e1 los d\u00edas 9,10 y 11 de octubre 2020, en la Sala Cultural de Antel.<!--more--><\/p>\n<p>Conformaron la mesa junto a la intendente departamental de Rivera, Alma Galup Migliarini, el secretario general de la IDR, Arq. Jos\u00e9 Mazzoni, la directora de la oficina de Inclusi\u00f3n Social, Ximena Piqu\u00e9, el director de Cultura, Alex Alvez y la presidente de la O.N.G Mujeres Empresarias y Profesionales de Rivera, Isabel Ubal.<\/p>\n<p>\u201cUna convocatoria importante\u201d para la frontera Rivera-Livramento, as\u00ed lo defini\u00f3 la Sra. Intendente, y resalt\u00f3 la variedad de la Feria, que va desde la venta de plantas, objetos decorativos, gastronom\u00eda, productos \u201csecond hand\u201d,artesan\u00eda y joyer\u00eda.<\/p>\n<p>21 stands, con dos metros de distancia entre ellos, dispuestos de tal manera que se puedan recorrer, en un solo sentido, con una puerta de entrada y otra de salida.<\/p>\n<p>&nbsp;<\/p>\n\r\n\t<div class=\"msacwl-slider-wrap msacwl-row-clearfix \" data-conf=\"{&quot;autoplay&quot;:&quot;true&quot;,&quot;autoplay_speed&quot;:3000,&quot;speed&quot;:300,&quot;arrows&quot;:&quot;true&quot;,&quot;dots&quot;:&quot;true&quot;,&quot;lazyload&quot;:&quot;&quot;}\">\r\n\t\t<div id=\"msacwl-slider-1\" class=\"msacwl-slider msacwl-common-slider msacwl-slider-popup\">\r\n\t\t\t\t\t\t<div class=\"msacwl-slide\" data-item-index=\"1\" >\r\n\t\t\t\t<a class=\"msacwl-img-link\" href=\"javascript:void(0);\" data-mfp-src=\"https:\/\/www.rivera.gub.uy\/portal\/wp-content\/uploads\/2020\/09\/DSC_0244.jpg\">\r\n\t\t\t\t\t<img decoding=\"async\" class=\"msacwl-img\" src=\"https:\/\/www.rivera.gub.uy\/portal\/wp-content\/uploads\/2020\/09\/DSC_0244.jpg\"  data-title=\"\" alt=\"\" \/>\r\n\t\t\t\t<\/a>\r\n\t\t\t\t\t\t\t\t\t<div class=\"msacwl-gallery-caption\">\r\n\t\t\t\t\t\t\t\t\t\t\t\t\t<span class=\"image_title\"><\/span>\r\n\t\t\t\t\t\t\t\t\t\t\t\t\t<span><\/span>\r\n\t\t\t\t\t\t \t\t\t\t\t<\/div>\r\n\t\t\t\t\t\t\t<\/div>\r\n\t\t\t\t\t\t<div class=\"msacwl-slide\" data-item-index=\"2\" >\r\n\t\t\t\t<a class=\"msacwl-img-link\" href=\"javascript:void(0);\" data-mfp-src=\"https:\/\/www.rivera.gub.uy\/portal\/wp-content\/uploads\/2020\/09\/DSC_0246.jpg\">\r\n\t\t\t\t\t<img decoding=\"async\" class=\"msacwl-img\" src=\"https:\/\/www.rivera.gub.uy\/portal\/wp-content\/uploads\/2020\/09\/DSC_0246.jpg\"  data-title=\"\" alt=\"\" \/>\r\n\t\t\t\t<\/a>\r\n\t\t\t\t\t\t\t\t\t<div class=\"msacwl-gallery-caption\">\r\n\t\t\t\t\t\t\t\t\t\t\t\t\t<span class=\"image_title\"><\/span>\r\n\t\t\t\t\t\t\t\t\t\t\t\t\t<span><\/span>\r\n\t\t\t\t\t\t \t\t\t\t\t<\/div>\r\n\t\t\t\t\t\t\t<\/div>\r\n\t\t\t\t\t\t<div class=\"msacwl-slide\" data-item-index=\"3\" >\r\n\t\t\t\t<a class=\"msacwl-img-link\" href=\"javascript:void(0);\" data-mfp-src=\"https:\/\/www.rivera.gub.uy\/portal\/wp-content\/uploads\/2020\/09\/DSC_0253.jpg\">\r\n\t\t\t\t\t<img decoding=\"async\" class=\"msacwl-img\" src=\"https:\/\/www.rivera.gub.uy\/portal\/wp-content\/uploads\/2020\/09\/DSC_0253.jpg\"  data-title=\"\" alt=\"\" \/>\r\n\t\t\t\t<\/a>\r\n\t\t\t\t\t\t\t\t\t<div class=\"msacwl-gallery-caption\">\r\n\t\t\t\t\t\t\t\t\t\t\t\t\t<span class=\"image_title\"><\/span>\r\n\t\t\t\t\t\t\t\t\t\t\t\t\t<span><\/span>\r\n\t\t\t\t\t\t \t\t\t\t\t<\/div>\r\n\t\t\t\t\t\t\t<\/div>\r\n\t\t\t\t\t\t<div class=\"msacwl-slide\" data-item-index=\"4\" >\r\n\t\t\t\t<a class=\"msacwl-img-link\" href=\"javascript:void(0);\" data-mfp-src=\"https:\/\/www.rivera.gub.uy\/portal\/wp-content\/uploads\/2020\/09\/DSC_0261.jpg\">\r\n\t\t\t\t\t<img decoding=\"async\" class=\"msacwl-img\" src=\"https:\/\/www.rivera.gub.uy\/portal\/wp-content\/uploads\/2020\/09\/DSC_0261.jpg\"  data-title=\"\" alt=\"\" \/>\r\n\t\t\t\t<\/a>\r\n\t\t\t\t\t\t\t\t\t<div class=\"msacwl-gallery-caption\">\r\n\t\t\t\t\t\t\t\t\t\t\t\t\t<span class=\"image_title\"><\/span>\r\n\t\t\t\t\t\t\t\t\t\t\t\t\t<span><\/span>\r\n\t\t\t\t\t\t \t\t\t\t\t<\/div>\r\n\t\t\t\t\t\t\t<\/div>\r\n\t\t\t\t\t\t<div class=\"msacwl-slide\" data-item-index=\"5\" >\r\n\t\t\t\t<a class=\"msacwl-img-link\" href=\"javascript:void(0);\" data-mfp-src=\"https:\/\/www.rivera.gub.uy\/portal\/wp-content\/uploads\/2020\/09\/DSC_0304.jpg\">\r\n\t\t\t\t\t<img decoding=\"async\" class=\"msacwl-img\" src=\"https:\/\/www.rivera.gub.uy\/portal\/wp-content\/uploads\/2020\/09\/DSC_0304.jpg\"  data-title=\"\" alt=\"\" \/>\r\n\t\t\t\t<\/a>\r\n\t\t\t\t\t\t\t\t\t<div class=\"msacwl-gallery-caption\">\r\n\t\t\t\t\t\t\t\t\t\t\t\t\t<span class=\"image_title\"><\/span>\r\n\t\t\t\t\t\t\t\t\t\t\t\t\t<span><\/span>\r\n\t\t\t\t\t\t \t\t\t\t\t<\/div>\r\n\t\t\t\t\t\t\t<\/div>\r\n\t\t\t\t\t\t<div class=\"msacwl-slide\" data-item-index=\"6\" >\r\n\t\t\t\t<a class=\"msacwl-img-link\" href=\"javascript:void(0);\" data-mfp-src=\"https:\/\/www.rivera.gub.uy\/portal\/wp-content\/uploads\/2020\/09\/sala-cultural-antel-feria-set-2020-01.jpg\">\r\n\t\t\t\t\t<img decoding=\"async\" class=\"msacwl-img\" src=\"https:\/\/www.rivera.gub.uy\/portal\/wp-content\/uploads\/2020\/09\/sala-cultural-antel-feria-set-2020-01.jpg\"  data-title=\"\" alt=\"\" \/>\r\n\t\t\t\t<\/a>\r\n\t\t\t\t\t\t\t\t\t<div class=\"msacwl-gallery-caption\">\r\n\t\t\t\t\t\t\t\t\t\t\t\t\t<span class=\"image_title\"><\/span>\r\n\t\t\t\t\t\t\t\t\t\t\t\t\t<span><\/span>\r\n\t\t\t\t\t\t \t\t\t\t\t<\/div>\r\n\t\t\t\t\t\t\t<\/div>\r\n\t\t\t\t\t<\/div>\r\n\t<\/div>\r\n\r\n\t\n<p>&nbsp;<\/p>\n<p>Estar\u00e1n presentes artistas de renombre como el guasquero Kandy Olivera, Ariel Rodr\u00edguez, que trabaja con plater\u00eda criolla, el artista Pl\u00e1stico Guillermo Laguna (obra Dragones de Plaza Insausti &#8211; Rivera y esculturas del Bosque de cin\u00e9tica y viento &#8211; Plaza 22 de Julio \u2013 Tranqueras), y luthiers del proyecto Afro Fronterizo.<\/p>\n<p><strong>9,10 y 11 de octubre<\/strong><\/p>\n<p>Los horarios de la feria en la sala Cultural de Antel (Agraciada 333) son:<\/p>\n<ul>\n<li>Viernes 9, de 14:00 a 21:00 hs<\/li>\n<li>S\u00e1bado 10, de 10:00 a 21:00 hs<\/li>\n<li>Domingo 11, de 10:00 a 21:00 hs<\/li>\n<\/ul>\n<p>Los tres d\u00edas contar\u00e1n con actividades culturales, que son organizadas por divisi\u00f3n Cultura de la IDR, su director Alex Alvez, inform\u00f3 que el viernes 9 a la hora 18,00 aproximadamente, desfilar\u00e1 desde calle 33 Orientales, por calle Agraciada hasta Ceballos, una escola de samba. El s\u00e1bado a la hora 16,00 y a la hora 20,00 marchar\u00e1n dos bandas Marciales y el domingo a la hora 10,00 cerrar\u00e1 las actividades culturales del tercer d\u00eda a todo candombe con Biricunyamba.<\/p>\n<p>El evento es organizado por Mujeres Empresarias y Profesionales de Rivera (MEPRI), la Intendencia de Rivera (IDR), en coordinaci\u00f3n de las direcciones generales de Desarrollo y Medio Ambiente (oficina de inclusi\u00f3n Social) y Promoci\u00f3n y Acci\u00f3n Social (divisi\u00f3n Cultura).<\/p>\n<p>Los emprendedores se adaptan a la situaci\u00f3n peculiar, con menos stand, con medidas sanitarias rigurosas, manteniendo la distancia, el uso obligatorio de tapabocas y el control de temperatura al ingresar a la feria, los organizadores de la Feria buscan un lugar en el calendario anual riverense.<\/p>\n<p>&nbsp;<\/p>\n<p><iframe loading=\"lazy\" title=\"Lanzamiento de la \u201cFeria de Primavera\u201d\" width=\"1160\" height=\"653\" src=\"https:\/\/www.youtube.com\/embed\/o9SpCXuDq3g?feature=oembed\" frameborder=\"0\" allow=\"accelerometer; autoplay; encrypted-media; gyroscope; picture-in-picture\" allowfullscreen><\/iframe><\/p>\n","protected":false},"excerpt":{"rendered":"<p>En la ma\u00f1ana del martes 8 de setiembre, en la sala de conferencia del tercer piso de la IDR, se realiz\u00f3 el lanzamiento de la \u201cFeria de Primavera\u201d, la cual se realizar\u00e1 los d\u00edas 9,10 y 11 de octubre 2020, en la Sala Cultural de Antel.<\/p>\n","protected":false},"author":7,"featured_media":26065,"comment_status":"open","ping_status":"open","sticky":false,"template":"","format":"standard","meta":{"footnotes":""},"categories":[3,1],"tags":[457,36,1170,33],"class_list":["post-26060","post","type-post","status-publish","format-standard","has-post-thumbnail","hentry","category-multimedia","category-novedades","tag-feria","tag-intendencia","tag-primavera","tag-rivera"],"_links":{"self":[{"href":"https:\/\/www.rivera.gub.uy\/portal\/wp-json\/wp\/v2\/posts\/26060","targetHints":{"allow":["GET"]}}],"collection":[{"href":"https:\/\/www.rivera.gub.uy\/portal\/wp-json\/wp\/v2\/posts"}],"about":[{"href":"https:\/\/www.rivera.gub.uy\/portal\/wp-json\/wp\/v2\/types\/post"}],"author":[{"embeddable":true,"href":"https:\/\/www.rivera.gub.uy\/portal\/wp-json\/wp\/v2\/users\/7"}],"replies":[{"embeddable":true,"href":"https:\/\/www.rivera.gub.uy\/portal\/wp-json\/wp\/v2\/comments?post=26060"}],"version-history":[{"count":2,"href":"https:\/\/www.rivera.gub.uy\/portal\/wp-json\/wp\/v2\/posts\/26060\/revisions"}],"predecessor-version":[{"id":26068,"href":"https:\/\/www.rivera.gub.uy\/portal\/wp-json\/wp\/v2\/posts\/26060\/revisions\/26068"}],"wp:featuredmedia":[{"embeddable":true,"href":"https:\/\/www.rivera.gub.uy\/portal\/wp-json\/wp\/v2\/media\/26065"}],"wp:attachment":[{"href":"https:\/\/www.rivera.gub.uy\/portal\/wp-json\/wp\/v2\/media?parent=26060"}],"wp:term":[{"taxonomy":"category","embeddable":true,"href":"https:\/\/www.rivera.gub.uy\/portal\/wp-json\/wp\/v2\/categories?post=26060"},{"taxonomy":"post_tag","embeddable":true,"href":"https:\/\/www.rivera.gub.uy\/portal\/wp-json\/wp\/v2\/tags?post=26060"}],"curies":[{"name":"wp","href":"https:\/\/api.w.org\/{rel}","templated":true}]}}