{"id":2609,"date":"2017-08-28T15:03:13","date_gmt":"2017-08-28T18:03:13","guid":{"rendered":"http:\/\/www.rivera.gub.uy\/portal\/?p=2609"},"modified":"2017-08-28T15:03:13","modified_gmt":"2017-08-28T18:03:13","slug":"desde-el-gobierno-departamental-se-plantean-sugerencias-para-nuevas-carreras-en-la-utec","status":"publish","type":"post","link":"https:\/\/www.rivera.gub.uy\/portal\/desde-el-gobierno-departamental-se-plantean-sugerencias-para-nuevas-carreras-en-la-utec\/","title":{"rendered":"Desde el gobierno departamental se plantean sugerencias  para nuevas carreras en la UTEC"},"content":{"rendered":"<p class=\"western\"><span style=\"font-size: large\">El mandatario comunal Dr. Marne Osorio Lima, mantuvo una reuni\u00f3n con directores y responsables t\u00e9cnicos de las carreras de la Universidad Tecnol\u00f3gica (UTEC), en todo el pa\u00eds. <\/span><!--more--><\/p>\n<p class=\"western\"><span style=\"font-size: large\">El intendente indic\u00f3 que: \u201cAdem\u00e1s de presentar las carreras que se est\u00e1n llevando a cabo aqu\u00ed en nuestro departamento, la intenci\u00f3n fue plantearles desde el gobierno departamental, aquellos temas que nosotros entendemos que se tiene que involucrar, poniendo sus conocimientos, su capacidad t\u00e9cnica y que tienen que ver con el desarrollo productivo, con el desarrollo local y de la regi\u00f3n. Estuvimos hablando de la log\u00edstica necesaria con el desarrollo del Aeropuerto, el desarrollo Ferroviario, que sacar\u00eda el tr\u00e1nsito pesado de la ciudad de Rivera, de rubros productivos como la producci\u00f3n de arroz, de sandia, industria maderera, ladrillos, carb\u00f3n y miel. <\/span><\/p>\n<p class=\"western\"><span style=\"font-size: large\">Todos rubros productivos que creemos que desde el aporte t\u00e9cnico de la UTEC, nos permitir\u00eda llegar a nuevos mercados, a ser m\u00e1s eficientes\u201d.<\/span><\/p>\n<p class=\"western\"><span style=\"font-size: large\">Osorio manifest\u00f3 tambi\u00e9n, que la promoci\u00f3n de nuevas carreras ser\u00eda muy importante, por la condici\u00f3n de frontera y su econom\u00eda, ser\u00eda interesante tener la carrera de Negocios Internacionales (Relaciones Internacionales), para poner un equipo t\u00e9cnico a trabajar hacia el sur y hacia el norte uruguayo, colocando una marca que se pueda generar, que sirva para promocionar el mercado de la frontera.<\/span><\/p>\n<p class=\"western\"><span style=\"font-size: large\">Adem\u00e1s agreg\u00f3 que otra carrera que ser\u00eda necesaria es avanzar en materia de inform\u00e1tica en grado de Licenciatura, ya que ser\u00eda necesario para desarrollar los conocimientos en tecnolog\u00eda de cuarta generaci\u00f3n como aplicaciones de celulares y aplicaciones de redes sociales.<\/span><\/p>\n<div id='gallery-1' class='gallery galleryid-2609 gallery-columns-5 gallery-size-thumbnail'><figure class='gallery-item'>\n\t\t\t<div class='gallery-icon landscape'>\n\t\t\t\t<a href='https:\/\/www.rivera.gub.uy\/portal\/wp-content\/uploads\/2017\/08\/uyec-2-Copiar.jpg'><img loading=\"lazy\" decoding=\"async\" width=\"141\" height=\"94\" src=\"https:\/\/www.rivera.gub.uy\/portal\/wp-content\/uploads\/2017\/08\/uyec-2-Copiar-141x94.jpg\" class=\"attachment-thumbnail size-thumbnail\" alt=\"\" srcset=\"https:\/\/www.rivera.gub.uy\/portal\/wp-content\/uploads\/2017\/08\/uyec-2-Copiar-141x94.jpg 141w, https:\/\/www.rivera.gub.uy\/portal\/wp-content\/uploads\/2017\/08\/uyec-2-Copiar-281x188.jpg 281w, https:\/\/www.rivera.gub.uy\/portal\/wp-content\/uploads\/2017\/08\/uyec-2-Copiar-768x513.jpg 768w, https:\/\/www.rivera.gub.uy\/portal\/wp-content\/uploads\/2017\/08\/uyec-2-Copiar-936x626.jpg 936w, https:\/\/www.rivera.gub.uy\/portal\/wp-content\/uploads\/2017\/08\/uyec-2-Copiar-600x400.jpg 600w, https:\/\/www.rivera.gub.uy\/portal\/wp-content\/uploads\/2017\/08\/uyec-2-Copiar-820x548.jpg 820w, https:\/\/www.rivera.gub.uy\/portal\/wp-content\/uploads\/2017\/08\/uyec-2-Copiar-272x182.jpg 272w, https:\/\/www.rivera.gub.uy\/portal\/wp-content\/uploads\/2017\/08\/uyec-2-Copiar.jpg 1496w\" sizes=\"auto, (max-width: 141px) 100vw, 141px\" \/><\/a>\n\t\t\t<\/div><\/figure><figure class='gallery-item'>\n\t\t\t<div class='gallery-icon landscape'>\n\t\t\t\t<a href='https:\/\/www.rivera.gub.uy\/portal\/wp-content\/uploads\/2017\/08\/uyec-3-Copiar.jpg'><img loading=\"lazy\" decoding=\"async\" width=\"141\" height=\"94\" src=\"https:\/\/www.rivera.gub.uy\/portal\/wp-content\/uploads\/2017\/08\/uyec-3-Copiar-141x94.jpg\" class=\"attachment-thumbnail size-thumbnail\" alt=\"\" srcset=\"https:\/\/www.rivera.gub.uy\/portal\/wp-content\/uploads\/2017\/08\/uyec-3-Copiar-141x94.jpg 141w, https:\/\/www.rivera.gub.uy\/portal\/wp-content\/uploads\/2017\/08\/uyec-3-Copiar-281x188.jpg 281w, https:\/\/www.rivera.gub.uy\/portal\/wp-content\/uploads\/2017\/08\/uyec-3-Copiar-768x513.jpg 768w, https:\/\/www.rivera.gub.uy\/portal\/wp-content\/uploads\/2017\/08\/uyec-3-Copiar-936x626.jpg 936w, https:\/\/www.rivera.gub.uy\/portal\/wp-content\/uploads\/2017\/08\/uyec-3-Copiar-600x400.jpg 600w, https:\/\/www.rivera.gub.uy\/portal\/wp-content\/uploads\/2017\/08\/uyec-3-Copiar-820x548.jpg 820w, https:\/\/www.rivera.gub.uy\/portal\/wp-content\/uploads\/2017\/08\/uyec-3-Copiar-272x182.jpg 272w, https:\/\/www.rivera.gub.uy\/portal\/wp-content\/uploads\/2017\/08\/uyec-3-Copiar.jpg 1496w\" sizes=\"auto, (max-width: 141px) 100vw, 141px\" \/><\/a>\n\t\t\t<\/div><\/figure><figure class='gallery-item'>\n\t\t\t<div class='gallery-icon landscape'>\n\t\t\t\t<a href='https:\/\/www.rivera.gub.uy\/portal\/wp-content\/uploads\/2017\/08\/uyec-5-Copiar.jpg'><img loading=\"lazy\" decoding=\"async\" width=\"141\" height=\"94\" src=\"https:\/\/www.rivera.gub.uy\/portal\/wp-content\/uploads\/2017\/08\/uyec-5-Copiar-141x94.jpg\" class=\"attachment-thumbnail size-thumbnail\" alt=\"\" srcset=\"https:\/\/www.rivera.gub.uy\/portal\/wp-content\/uploads\/2017\/08\/uyec-5-Copiar-141x94.jpg 141w, https:\/\/www.rivera.gub.uy\/portal\/wp-content\/uploads\/2017\/08\/uyec-5-Copiar-281x188.jpg 281w, https:\/\/www.rivera.gub.uy\/portal\/wp-content\/uploads\/2017\/08\/uyec-5-Copiar-768x513.jpg 768w, https:\/\/www.rivera.gub.uy\/portal\/wp-content\/uploads\/2017\/08\/uyec-5-Copiar-936x626.jpg 936w, https:\/\/www.rivera.gub.uy\/portal\/wp-content\/uploads\/2017\/08\/uyec-5-Copiar-600x400.jpg 600w, https:\/\/www.rivera.gub.uy\/portal\/wp-content\/uploads\/2017\/08\/uyec-5-Copiar-820x548.jpg 820w, https:\/\/www.rivera.gub.uy\/portal\/wp-content\/uploads\/2017\/08\/uyec-5-Copiar-272x182.jpg 272w, https:\/\/www.rivera.gub.uy\/portal\/wp-content\/uploads\/2017\/08\/uyec-5-Copiar.jpg 1496w\" sizes=\"auto, (max-width: 141px) 100vw, 141px\" \/><\/a>\n\t\t\t<\/div><\/figure><figure class='gallery-item'>\n\t\t\t<div class='gallery-icon landscape'>\n\t\t\t\t<a href='https:\/\/www.rivera.gub.uy\/portal\/wp-content\/uploads\/2017\/08\/uyec-6-Copiar.jpg'><img loading=\"lazy\" decoding=\"async\" width=\"141\" height=\"94\" src=\"https:\/\/www.rivera.gub.uy\/portal\/wp-content\/uploads\/2017\/08\/uyec-6-Copiar-141x94.jpg\" class=\"attachment-thumbnail size-thumbnail\" alt=\"\" srcset=\"https:\/\/www.rivera.gub.uy\/portal\/wp-content\/uploads\/2017\/08\/uyec-6-Copiar-141x94.jpg 141w, https:\/\/www.rivera.gub.uy\/portal\/wp-content\/uploads\/2017\/08\/uyec-6-Copiar-281x188.jpg 281w, https:\/\/www.rivera.gub.uy\/portal\/wp-content\/uploads\/2017\/08\/uyec-6-Copiar-768x513.jpg 768w, https:\/\/www.rivera.gub.uy\/portal\/wp-content\/uploads\/2017\/08\/uyec-6-Copiar-936x626.jpg 936w, https:\/\/www.rivera.gub.uy\/portal\/wp-content\/uploads\/2017\/08\/uyec-6-Copiar-600x400.jpg 600w, https:\/\/www.rivera.gub.uy\/portal\/wp-content\/uploads\/2017\/08\/uyec-6-Copiar-820x548.jpg 820w, https:\/\/www.rivera.gub.uy\/portal\/wp-content\/uploads\/2017\/08\/uyec-6-Copiar-272x182.jpg 272w, https:\/\/www.rivera.gub.uy\/portal\/wp-content\/uploads\/2017\/08\/uyec-6-Copiar.jpg 1496w\" sizes=\"auto, (max-width: 141px) 100vw, 141px\" \/><\/a>\n\t\t\t<\/div><\/figure><figure class='gallery-item'>\n\t\t\t<div class='gallery-icon landscape'>\n\t\t\t\t<a href='https:\/\/www.rivera.gub.uy\/portal\/wp-content\/uploads\/2017\/08\/uyec-7-Copiar.jpg'><img loading=\"lazy\" decoding=\"async\" width=\"141\" height=\"94\" src=\"https:\/\/www.rivera.gub.uy\/portal\/wp-content\/uploads\/2017\/08\/uyec-7-Copiar-141x94.jpg\" class=\"attachment-thumbnail size-thumbnail\" alt=\"\" srcset=\"https:\/\/www.rivera.gub.uy\/portal\/wp-content\/uploads\/2017\/08\/uyec-7-Copiar-141x94.jpg 141w, https:\/\/www.rivera.gub.uy\/portal\/wp-content\/uploads\/2017\/08\/uyec-7-Copiar-281x188.jpg 281w, https:\/\/www.rivera.gub.uy\/portal\/wp-content\/uploads\/2017\/08\/uyec-7-Copiar-768x513.jpg 768w, https:\/\/www.rivera.gub.uy\/portal\/wp-content\/uploads\/2017\/08\/uyec-7-Copiar-936x626.jpg 936w, https:\/\/www.rivera.gub.uy\/portal\/wp-content\/uploads\/2017\/08\/uyec-7-Copiar-600x400.jpg 600w, https:\/\/www.rivera.gub.uy\/portal\/wp-content\/uploads\/2017\/08\/uyec-7-Copiar-820x548.jpg 820w, https:\/\/www.rivera.gub.uy\/portal\/wp-content\/uploads\/2017\/08\/uyec-7-Copiar-272x182.jpg 272w, https:\/\/www.rivera.gub.uy\/portal\/wp-content\/uploads\/2017\/08\/uyec-7-Copiar.jpg 1496w\" sizes=\"auto, (max-width: 141px) 100vw, 141px\" \/><\/a>\n\t\t\t<\/div><\/figure>\n\t\t<\/div>\n\n","protected":false},"excerpt":{"rendered":"<p>El mandatario comunal Dr. Marne Osorio Lima, mantuvo una reuni\u00f3n con directores y responsables t\u00e9cnicos de las carreras de la Universidad Tecnol\u00f3gica (UTEC), en todo el pa\u00eds.<\/p>\n","protected":false},"author":7,"featured_media":2615,"comment_status":"open","ping_status":"open","sticky":false,"template":"","format":"standard","meta":{"footnotes":""},"categories":[1,18],"tags":[36,120,33,127],"class_list":["post-2609","post","type-post","status-publish","format-standard","has-post-thumbnail","hentry","category-novedades","category-participacion","tag-intendencia","tag-marne-osorio","tag-rivera","tag-utec","has-post-video"],"_links":{"self":[{"href":"https:\/\/www.rivera.gub.uy\/portal\/wp-json\/wp\/v2\/posts\/2609","targetHints":{"allow":["GET"]}}],"collection":[{"href":"https:\/\/www.rivera.gub.uy\/portal\/wp-json\/wp\/v2\/posts"}],"about":[{"href":"https:\/\/www.rivera.gub.uy\/portal\/wp-json\/wp\/v2\/types\/post"}],"author":[{"embeddable":true,"href":"https:\/\/www.rivera.gub.uy\/portal\/wp-json\/wp\/v2\/users\/7"}],"replies":[{"embeddable":true,"href":"https:\/\/www.rivera.gub.uy\/portal\/wp-json\/wp\/v2\/comments?post=2609"}],"version-history":[{"count":1,"href":"https:\/\/www.rivera.gub.uy\/portal\/wp-json\/wp\/v2\/posts\/2609\/revisions"}],"predecessor-version":[{"id":2616,"href":"https:\/\/www.rivera.gub.uy\/portal\/wp-json\/wp\/v2\/posts\/2609\/revisions\/2616"}],"wp:featuredmedia":[{"embeddable":true,"href":"https:\/\/www.rivera.gub.uy\/portal\/wp-json\/wp\/v2\/media\/2615"}],"wp:attachment":[{"href":"https:\/\/www.rivera.gub.uy\/portal\/wp-json\/wp\/v2\/media?parent=2609"}],"wp:term":[{"taxonomy":"category","embeddable":true,"href":"https:\/\/www.rivera.gub.uy\/portal\/wp-json\/wp\/v2\/categories?post=2609"},{"taxonomy":"post_tag","embeddable":true,"href":"https:\/\/www.rivera.gub.uy\/portal\/wp-json\/wp\/v2\/tags?post=2609"}],"curies":[{"name":"wp","href":"https:\/\/api.w.org\/{rel}","templated":true}]}}