{"id":26123,"date":"2020-09-14T17:58:54","date_gmt":"2020-09-14T20:58:54","guid":{"rendered":"https:\/\/www.rivera.gub.uy\/portal\/?p=26123"},"modified":"2020-09-14T17:59:08","modified_gmt":"2020-09-14T20:59:08","slug":"visita-rivera-el-subsecretario-nacional-del-deporte","status":"publish","type":"post","link":"https:\/\/www.rivera.gub.uy\/portal\/visita-rivera-el-subsecretario-nacional-del-deporte\/","title":{"rendered":"Visita Rivera el subsecretario Nacional del Deporte"},"content":{"rendered":"<p>La intendente departamental de Rivera, Alma Galup Migliarini, recibi\u00f3 en su despacho al subsecretario Nacional del Deporte, Pablo Ferrari (para luego brindar una conferencia de prensa) quien lleg\u00f3 al departamento con una agenda muy nutrida, \u201cesa agenda parte de la base de tener mucho contenido, esta direcci\u00f3n de Deportes est\u00e1 trabajando muy bien, es el resultado de un trabajo a largo plazo \u201d, expres\u00f3 el subsecretario.<!--more--><\/p>\n<p>Acompa\u00f1aban a la Sra. intendente, el secretario general de la IDR, Arq. Jos\u00e9 Mazzoni, el director general de Promoci\u00f3n y Acci\u00f3n Social, Cr. Giovani Conti, el coordinador de la Unidad de Promoci\u00f3n y director de divisi\u00f3n Deportes, Horacio Hern\u00e1ndez; junto al Senador de la Rep\u00fablica, Tabar\u00e9 Viera Duarte.<\/p>\n<p>Alma Galup, resalt\u00f3 que en Rivera existe motivaci\u00f3n orientada y dirigida en el deporte, \u201csu visita constituye un apoyo, para todo lo que se pueda emprender de ac\u00e1 en m\u00e1s, y para que sigan desarroll\u00e1ndose actividades deportivas en el medio\u201d .<\/p>\n<p>El director de divisi\u00f3n Deportes, espera que desembarque en el departamento la federaci\u00f3n de paleta vasca y lucha libre, \u201cLas federaciones encuentran en Rivera un lugar donde traen sus proyectos y se desarrollan\u201d adem\u00e1s destac\u00f3 el deporte comunitario, que lleg\u00f3 a los barrios, proyectos como \u201cRivera Ciudad Activa\u201d que engloba lo que vamos hacer los pr\u00f3ximos a\u00f1os\u201d.<\/p>\n<p>&nbsp;<\/p>\n\r\n\t<div class=\"msacwl-slider-wrap msacwl-row-clearfix \" data-conf=\"{&quot;autoplay&quot;:&quot;true&quot;,&quot;autoplay_speed&quot;:3000,&quot;speed&quot;:300,&quot;arrows&quot;:&quot;true&quot;,&quot;dots&quot;:&quot;true&quot;,&quot;lazyload&quot;:&quot;&quot;}\">\r\n\t\t<div id=\"msacwl-slider-1\" class=\"msacwl-slider msacwl-common-slider msacwl-slider-popup\">\r\n\t\t\t\t\t\t<div class=\"msacwl-slide\" data-item-index=\"1\" >\r\n\t\t\t\t<a class=\"msacwl-img-link\" href=\"javascript:void(0);\" data-mfp-src=\"https:\/\/www.rivera.gub.uy\/portal\/wp-content\/uploads\/2020\/09\/DSC_0678.jpg\">\r\n\t\t\t\t\t<img decoding=\"async\" class=\"msacwl-img\" src=\"https:\/\/www.rivera.gub.uy\/portal\/wp-content\/uploads\/2020\/09\/DSC_0678.jpg\"  data-title=\"\" alt=\"\" \/>\r\n\t\t\t\t<\/a>\r\n\t\t\t\t\t\t\t\t\t<div class=\"msacwl-gallery-caption\">\r\n\t\t\t\t\t\t\t\t\t\t\t\t\t<span class=\"image_title\"><\/span>\r\n\t\t\t\t\t\t\t\t\t\t\t\t\t<span><\/span>\r\n\t\t\t\t\t\t \t\t\t\t\t<\/div>\r\n\t\t\t\t\t\t\t<\/div>\r\n\t\t\t\t\t\t<div class=\"msacwl-slide\" data-item-index=\"2\" >\r\n\t\t\t\t<a class=\"msacwl-img-link\" href=\"javascript:void(0);\" data-mfp-src=\"https:\/\/www.rivera.gub.uy\/portal\/wp-content\/uploads\/2020\/09\/DSC_0694.jpg\">\r\n\t\t\t\t\t<img decoding=\"async\" class=\"msacwl-img\" src=\"https:\/\/www.rivera.gub.uy\/portal\/wp-content\/uploads\/2020\/09\/DSC_0694.jpg\"  data-title=\"\" alt=\"\" \/>\r\n\t\t\t\t<\/a>\r\n\t\t\t\t\t\t\t\t\t<div class=\"msacwl-gallery-caption\">\r\n\t\t\t\t\t\t\t\t\t\t\t\t\t<span class=\"image_title\"><\/span>\r\n\t\t\t\t\t\t\t\t\t\t\t\t\t<span><\/span>\r\n\t\t\t\t\t\t \t\t\t\t\t<\/div>\r\n\t\t\t\t\t\t\t<\/div>\r\n\t\t\t\t\t\t<div class=\"msacwl-slide\" data-item-index=\"3\" >\r\n\t\t\t\t<a class=\"msacwl-img-link\" href=\"javascript:void(0);\" data-mfp-src=\"https:\/\/www.rivera.gub.uy\/portal\/wp-content\/uploads\/2020\/09\/DSC_0702.jpg\">\r\n\t\t\t\t\t<img decoding=\"async\" class=\"msacwl-img\" src=\"https:\/\/www.rivera.gub.uy\/portal\/wp-content\/uploads\/2020\/09\/DSC_0702.jpg\"  data-title=\"\" alt=\"\" \/>\r\n\t\t\t\t<\/a>\r\n\t\t\t\t\t\t\t\t\t<div class=\"msacwl-gallery-caption\">\r\n\t\t\t\t\t\t\t\t\t\t\t\t\t<span class=\"image_title\"><\/span>\r\n\t\t\t\t\t\t\t\t\t\t\t\t\t<span><\/span>\r\n\t\t\t\t\t\t \t\t\t\t\t<\/div>\r\n\t\t\t\t\t\t\t<\/div>\r\n\t\t\t\t\t\t<div class=\"msacwl-slide\" data-item-index=\"4\" >\r\n\t\t\t\t<a class=\"msacwl-img-link\" href=\"javascript:void(0);\" data-mfp-src=\"https:\/\/www.rivera.gub.uy\/portal\/wp-content\/uploads\/2020\/09\/DSC_0710.jpg\">\r\n\t\t\t\t\t<img decoding=\"async\" class=\"msacwl-img\" src=\"https:\/\/www.rivera.gub.uy\/portal\/wp-content\/uploads\/2020\/09\/DSC_0710.jpg\"  data-title=\"\" alt=\"\" \/>\r\n\t\t\t\t<\/a>\r\n\t\t\t\t\t\t\t\t\t<div class=\"msacwl-gallery-caption\">\r\n\t\t\t\t\t\t\t\t\t\t\t\t\t<span class=\"image_title\"><\/span>\r\n\t\t\t\t\t\t\t\t\t\t\t\t\t<span><\/span>\r\n\t\t\t\t\t\t \t\t\t\t\t<\/div>\r\n\t\t\t\t\t\t\t<\/div>\r\n\t\t\t\t\t<\/div>\r\n\t<\/div>\r\n\r\n\t\n<p>&nbsp;<\/p>\n<p>Pablo Ferrari, habl\u00f3 desde otro lugar tambi\u00e9n, lo hizo como presidente de la Federaci\u00f3n Uruguaya de Handball, \u201cal Mundial de Egipto, la selecci\u00f3n masculina ya clasific\u00f3, se nos ha pedido de que se juegue una eliminatoria en Uruguay, me encantar\u00eda que si se corre la fecha del mundial, podamos hacerla en el Arena de Rivera\u201d; auguro que Uruguay va a recibir muchos eventos internacionales, \u201cqueremos que la secretar\u00eda de deportes tenga en cuenta a la intendencia de Rivera y a las fuerzas vivas para recibir eventos deportivos que nutren y mueven la econom\u00eda\u201d.<\/p>\n<p>La inactividad f\u00edsica, es un problema de salud p\u00fablica mundial, al menos un 60% de de la poblaci\u00f3n mundial, no realiza actividad f\u00edsica necesaria para obtener beneficios para su salud.<\/p>\n<p>Invertir en el deporte es ahorrar en salud, seguridad y violencia, resalt\u00f3 Ferrari, quien felicit\u00f3 a la intendencia , por ser ejemplo en la diversidad de disciplinas deportivas practicadas en el departamento como: Rugby, tenis de mesa, pat\u00edn, remo, atletismo, basquetbol, handball y f\u00fatbol.<\/p>\n<p>&nbsp;<\/p>\n<p><iframe loading=\"lazy\" title=\"Visita Rivera el subsecretario Nacional del Deporte\" width=\"1160\" height=\"653\" src=\"https:\/\/www.youtube.com\/embed\/LnPF180fcww?feature=oembed\" frameborder=\"0\" allow=\"accelerometer; autoplay; clipboard-write; encrypted-media; gyroscope; picture-in-picture\" allowfullscreen><\/iframe><\/p>\n","protected":false},"excerpt":{"rendered":"<p>La intendente departamental de Rivera, Alma Galup Migliarini, recibi\u00f3 en su despacho al subsecretario Nacional del Deporte, Pablo Ferrari (para luego brindar una conferencia de prensa) quien lleg\u00f3 al departamento con una agenda muy nutrida, \u201cesa agenda parte de la base de tener mucho contenido, esta direcci\u00f3n de Deportes est\u00e1 trabajando muy bien, es el [&hellip;]<\/p>\n","protected":false},"author":7,"featured_media":26124,"comment_status":"open","ping_status":"open","sticky":false,"template":"","format":"standard","meta":{"footnotes":""},"categories":[3,1],"tags":[47,750,36,33],"class_list":["post-26123","post","type-post","status-publish","format-standard","has-post-thumbnail","hentry","category-multimedia","category-novedades","tag-deportes","tag-deportes-rivera","tag-intendencia","tag-rivera"],"_links":{"self":[{"href":"https:\/\/www.rivera.gub.uy\/portal\/wp-json\/wp\/v2\/posts\/26123","targetHints":{"allow":["GET"]}}],"collection":[{"href":"https:\/\/www.rivera.gub.uy\/portal\/wp-json\/wp\/v2\/posts"}],"about":[{"href":"https:\/\/www.rivera.gub.uy\/portal\/wp-json\/wp\/v2\/types\/post"}],"author":[{"embeddable":true,"href":"https:\/\/www.rivera.gub.uy\/portal\/wp-json\/wp\/v2\/users\/7"}],"replies":[{"embeddable":true,"href":"https:\/\/www.rivera.gub.uy\/portal\/wp-json\/wp\/v2\/comments?post=26123"}],"version-history":[{"count":1,"href":"https:\/\/www.rivera.gub.uy\/portal\/wp-json\/wp\/v2\/posts\/26123\/revisions"}],"predecessor-version":[{"id":26128,"href":"https:\/\/www.rivera.gub.uy\/portal\/wp-json\/wp\/v2\/posts\/26123\/revisions\/26128"}],"wp:featuredmedia":[{"embeddable":true,"href":"https:\/\/www.rivera.gub.uy\/portal\/wp-json\/wp\/v2\/media\/26124"}],"wp:attachment":[{"href":"https:\/\/www.rivera.gub.uy\/portal\/wp-json\/wp\/v2\/media?parent=26123"}],"wp:term":[{"taxonomy":"category","embeddable":true,"href":"https:\/\/www.rivera.gub.uy\/portal\/wp-json\/wp\/v2\/categories?post=26123"},{"taxonomy":"post_tag","embeddable":true,"href":"https:\/\/www.rivera.gub.uy\/portal\/wp-json\/wp\/v2\/tags?post=26123"}],"curies":[{"name":"wp","href":"https:\/\/api.w.org\/{rel}","templated":true}]}}