{"id":26161,"date":"2020-09-16T12:05:58","date_gmt":"2020-09-16T15:05:58","guid":{"rendered":"https:\/\/www.rivera.gub.uy\/portal\/?p=26161"},"modified":"2020-09-16T13:43:44","modified_gmt":"2020-09-16T16:43:44","slug":"transformacion-urbana-de-la-zona-este-de-rivera","status":"publish","type":"post","link":"https:\/\/www.rivera.gub.uy\/portal\/transformacion-urbana-de-la-zona-este-de-rivera\/","title":{"rendered":"Transformaci\u00f3n Urbana de la Zona Este de Rivera"},"content":{"rendered":"<p>Dentro del Programa de Transformaci\u00f3n Urbana ejecutado por la Intendencia Departamental, a trav\u00e9s de la Direcci\u00f3n General de Obras, en la zona este de la ciudad de Rivera, comprendida por los barrios Misiones, Si\u00f1eriz, Cerro Caqueiro, Magisterial, Ceballos, Los Pirineos, Pueblo Nuevo, Rampla, Legislativo, Don Bosco, Bisio y Bella Vista posibilitando nuevas condiciones para disfrutar de la ciudad.<!--more--><\/p>\n<p>Se llev\u00f3 a cabo la construcci\u00f3n de 13574 m cord\u00f3n cuneta , 85 366 m\u00b2 carpeta asf\u00e1ltica, 4.635 m\u00b2 de pavimento de asfalto y 35564 m\u00b2 de pavimento empedrado.<\/p>\n<p>Pr\u00f3ximamente se inaugurar\u00e1 la obra de pavimentaci\u00f3n de Bernardino Freitas.<\/p>\n<p>&nbsp;<\/p>\n<p><iframe loading=\"lazy\" title=\"Transformaci\u00f3n Urbana de la zona este de Rivera\" width=\"1160\" height=\"653\" src=\"https:\/\/www.youtube.com\/embed\/IWEQfkCjB3E?feature=oembed\" frameborder=\"0\" allow=\"accelerometer; autoplay; clipboard-write; encrypted-media; gyroscope; picture-in-picture\" allowfullscreen><\/iframe><\/p>\n<p>&nbsp;<\/p>\n","protected":false},"excerpt":{"rendered":"<p>Dentro del Programa de Transformaci\u00f3n Urbana ejecutado por la Intendencia Departamental, a trav\u00e9s de la Direcci\u00f3n General de Obras, en la zona este de la ciudad de Rivera, comprendida por los barrios Misiones, Si\u00f1eriz, Cerro Caqueiro, Magisterial, Ceballos, Los Pirineos, Pueblo Nuevo, Rampla, Legislativo, Don Bosco, Bisio y Bella Vista posibilitando nuevas condiciones para disfrutar [&hellip;]<\/p>\n","protected":false},"author":7,"featured_media":26162,"comment_status":"open","ping_status":"open","sticky":false,"template":"","format":"standard","meta":{"footnotes":""},"categories":[3,1],"tags":[],"class_list":["post-26161","post","type-post","status-publish","format-standard","has-post-thumbnail","hentry","category-multimedia","category-novedades"],"_links":{"self":[{"href":"https:\/\/www.rivera.gub.uy\/portal\/wp-json\/wp\/v2\/posts\/26161","targetHints":{"allow":["GET"]}}],"collection":[{"href":"https:\/\/www.rivera.gub.uy\/portal\/wp-json\/wp\/v2\/posts"}],"about":[{"href":"https:\/\/www.rivera.gub.uy\/portal\/wp-json\/wp\/v2\/types\/post"}],"author":[{"embeddable":true,"href":"https:\/\/www.rivera.gub.uy\/portal\/wp-json\/wp\/v2\/users\/7"}],"replies":[{"embeddable":true,"href":"https:\/\/www.rivera.gub.uy\/portal\/wp-json\/wp\/v2\/comments?post=26161"}],"version-history":[{"count":2,"href":"https:\/\/www.rivera.gub.uy\/portal\/wp-json\/wp\/v2\/posts\/26161\/revisions"}],"predecessor-version":[{"id":26164,"href":"https:\/\/www.rivera.gub.uy\/portal\/wp-json\/wp\/v2\/posts\/26161\/revisions\/26164"}],"wp:featuredmedia":[{"embeddable":true,"href":"https:\/\/www.rivera.gub.uy\/portal\/wp-json\/wp\/v2\/media\/26162"}],"wp:attachment":[{"href":"https:\/\/www.rivera.gub.uy\/portal\/wp-json\/wp\/v2\/media?parent=26161"}],"wp:term":[{"taxonomy":"category","embeddable":true,"href":"https:\/\/www.rivera.gub.uy\/portal\/wp-json\/wp\/v2\/categories?post=26161"},{"taxonomy":"post_tag","embeddable":true,"href":"https:\/\/www.rivera.gub.uy\/portal\/wp-json\/wp\/v2\/tags?post=26161"}],"curies":[{"name":"wp","href":"https:\/\/api.w.org\/{rel}","templated":true}]}}