{"id":26411,"date":"2020-10-02T15:11:58","date_gmt":"2020-10-02T18:11:58","guid":{"rendered":"https:\/\/www.rivera.gub.uy\/portal\/?p=26411"},"modified":"2020-10-02T19:44:06","modified_gmt":"2020-10-02T22:44:06","slug":"idr-y-cecoed-toman-medidas-en-conjunto-para-incluir-a-los-que-realizan-actividades-religiosas-y-a-los-que-trasladan-a-migrantes","status":"publish","type":"post","link":"https:\/\/www.rivera.gub.uy\/portal\/idr-y-cecoed-toman-medidas-en-conjunto-para-incluir-a-los-que-realizan-actividades-religiosas-y-a-los-que-trasladan-a-migrantes\/","title":{"rendered":"IDR y CECOED toman medidas en conjunto para incluir a los que realizan actividades religiosas y a los que trasladan a migrantes"},"content":{"rendered":"<p>En horas de la ma\u00f1ana de este viernes 2 de octubre la Sra. intendente departamental de Rivera, Alma Galup Migliarini, presidi\u00f3 una reuni\u00f3n de trabajo con integrantes del Centro Coordinador de Emergencia Departamental (CECOED).<br \/>\nEn la oportunidad estuvo acompa\u00f1ada desde la Intendencia por el secretario general, ARQ. Jos\u00e9 Mazzoni Gollard\u00eda, el director general de Promoci\u00f3n y Acci\u00f3n Social, Cr. Giovanni Conti, y el coordinador del centro de Emergencia, Adm. Gustavo Guedes.<!--more--><\/p>\n<p>La Sra. Intendente, inform\u00f3 que el motivo de la misma es una &#8220;puesta a punto&#8221;, sobre la situaci\u00f3n actual del departamento con respecto a la emergencia sanitaria (COVID-19), pero sobre todo seguir de cerca la evoluci\u00f3n de los nuevos brotes registrados en Rivera.<\/p>\n<p>&nbsp;<\/p>\n\r\n\t<div class=\"msacwl-slider-wrap msacwl-row-clearfix \" data-conf=\"{&quot;autoplay&quot;:&quot;true&quot;,&quot;autoplay_speed&quot;:3000,&quot;speed&quot;:300,&quot;arrows&quot;:&quot;true&quot;,&quot;dots&quot;:&quot;true&quot;,&quot;lazyload&quot;:&quot;&quot;}\">\r\n\t\t<div id=\"msacwl-slider-1\" class=\"msacwl-slider msacwl-common-slider msacwl-slider-popup\">\r\n\t\t\t\t\t\t<div class=\"msacwl-slide\" data-item-index=\"1\" >\r\n\t\t\t\t<a class=\"msacwl-img-link\" href=\"javascript:void(0);\" data-mfp-src=\"https:\/\/www.rivera.gub.uy\/portal\/wp-content\/uploads\/2020\/10\/DSC_0502.jpg\">\r\n\t\t\t\t\t<img decoding=\"async\" class=\"msacwl-img\" src=\"https:\/\/www.rivera.gub.uy\/portal\/wp-content\/uploads\/2020\/10\/DSC_0502.jpg\"  data-title=\"\" alt=\"\" \/>\r\n\t\t\t\t<\/a>\r\n\t\t\t\t\t\t\t\t\t<div class=\"msacwl-gallery-caption\">\r\n\t\t\t\t\t\t\t\t\t\t\t\t\t<span class=\"image_title\"><\/span>\r\n\t\t\t\t\t\t\t\t\t\t\t\t\t<span><\/span>\r\n\t\t\t\t\t\t \t\t\t\t\t<\/div>\r\n\t\t\t\t\t\t\t<\/div>\r\n\t\t\t\t\t\t<div class=\"msacwl-slide\" data-item-index=\"2\" >\r\n\t\t\t\t<a class=\"msacwl-img-link\" href=\"javascript:void(0);\" data-mfp-src=\"https:\/\/www.rivera.gub.uy\/portal\/wp-content\/uploads\/2020\/10\/DSC_0507.jpg\">\r\n\t\t\t\t\t<img decoding=\"async\" class=\"msacwl-img\" src=\"https:\/\/www.rivera.gub.uy\/portal\/wp-content\/uploads\/2020\/10\/DSC_0507.jpg\"  data-title=\"\" alt=\"\" \/>\r\n\t\t\t\t<\/a>\r\n\t\t\t\t\t\t\t\t\t<div class=\"msacwl-gallery-caption\">\r\n\t\t\t\t\t\t\t\t\t\t\t\t\t<span class=\"image_title\"><\/span>\r\n\t\t\t\t\t\t\t\t\t\t\t\t\t<span><\/span>\r\n\t\t\t\t\t\t \t\t\t\t\t<\/div>\r\n\t\t\t\t\t\t\t<\/div>\r\n\t\t\t\t\t\t<div class=\"msacwl-slide\" data-item-index=\"3\" >\r\n\t\t\t\t<a class=\"msacwl-img-link\" href=\"javascript:void(0);\" data-mfp-src=\"https:\/\/www.rivera.gub.uy\/portal\/wp-content\/uploads\/2020\/10\/DSC_0509.jpg\">\r\n\t\t\t\t\t<img decoding=\"async\" class=\"msacwl-img\" src=\"https:\/\/www.rivera.gub.uy\/portal\/wp-content\/uploads\/2020\/10\/DSC_0509.jpg\"  data-title=\"\" alt=\"\" \/>\r\n\t\t\t\t<\/a>\r\n\t\t\t\t\t\t\t\t\t<div class=\"msacwl-gallery-caption\">\r\n\t\t\t\t\t\t\t\t\t\t\t\t\t<span class=\"image_title\"><\/span>\r\n\t\t\t\t\t\t\t\t\t\t\t\t\t<span><\/span>\r\n\t\t\t\t\t\t \t\t\t\t\t<\/div>\r\n\t\t\t\t\t\t\t<\/div>\r\n\t\t\t\t\t\t<div class=\"msacwl-slide\" data-item-index=\"4\" >\r\n\t\t\t\t<a class=\"msacwl-img-link\" href=\"javascript:void(0);\" data-mfp-src=\"https:\/\/www.rivera.gub.uy\/portal\/wp-content\/uploads\/2020\/10\/DSC_0512.jpg\">\r\n\t\t\t\t\t<img decoding=\"async\" class=\"msacwl-img\" src=\"https:\/\/www.rivera.gub.uy\/portal\/wp-content\/uploads\/2020\/10\/DSC_0512.jpg\"  data-title=\"\" alt=\"\" \/>\r\n\t\t\t\t<\/a>\r\n\t\t\t\t\t\t\t\t\t<div class=\"msacwl-gallery-caption\">\r\n\t\t\t\t\t\t\t\t\t\t\t\t\t<span class=\"image_title\"><\/span>\r\n\t\t\t\t\t\t\t\t\t\t\t\t\t<span><\/span>\r\n\t\t\t\t\t\t \t\t\t\t\t<\/div>\r\n\t\t\t\t\t\t\t<\/div>\r\n\t\t\t\t\t<\/div>\r\n\t<\/div>\r\n\r\n\t\n<p>&nbsp;<\/p>\n<p>Fueron dos los puntos tratados:<\/p>\n<ol>\n<li>Convocar para la pr\u00f3xima semana, a las personas que realizan actividades religiosas, para tomar medidas en conjunto.<\/li>\n<li>Sobre los taximetristas que trasladan a migrantes; elaborar un protocolo que los gu\u00ede a la hora que alg\u00fan migrante quiera eludir los controles.<\/li>\n<\/ol>\n<p>El protocolo ser\u00e1 enviado a trav\u00e9s de la direcci\u00f3n general de Tr\u00e1nsito, con el fin de proteger tanto a los conductores como a los pasajeros.<\/p>\n<p>&nbsp;<\/p>\n<p><iframe loading=\"lazy\" title=\"IDR y CECOED toman medidas en conjunto\" width=\"1160\" height=\"653\" src=\"https:\/\/www.youtube.com\/embed\/ofioYBf7ubg?feature=oembed\" frameborder=\"0\" allow=\"accelerometer; autoplay; clipboard-write; encrypted-media; gyroscope; picture-in-picture\" allowfullscreen><\/iframe><\/p>\n","protected":false},"excerpt":{"rendered":"<p>En horas de la ma\u00f1ana de este viernes 2 de octubre la Sra. intendente departamental de Rivera, Alma Galup Migliarini, presidi\u00f3 una reuni\u00f3n de trabajo con integrantes del Centro Coordinador de Emergencia Departamental (CECOED). En la oportunidad estuvo acompa\u00f1ada desde la Intendencia por el secretario general, ARQ. Jos\u00e9 Mazzoni Gollard\u00eda, el director general de Promoci\u00f3n [&hellip;]<\/p>\n","protected":false},"author":7,"featured_media":26412,"comment_status":"open","ping_status":"open","sticky":false,"template":"","format":"standard","meta":{"footnotes":""},"categories":[1122,3,1],"tags":[507,1139],"class_list":["post-26411","post","type-post","status-publish","format-standard","has-post-thumbnail","hentry","category-coronavirus","category-multimedia","category-novedades","tag-cecoed","tag-migrantes"],"_links":{"self":[{"href":"https:\/\/www.rivera.gub.uy\/portal\/wp-json\/wp\/v2\/posts\/26411","targetHints":{"allow":["GET"]}}],"collection":[{"href":"https:\/\/www.rivera.gub.uy\/portal\/wp-json\/wp\/v2\/posts"}],"about":[{"href":"https:\/\/www.rivera.gub.uy\/portal\/wp-json\/wp\/v2\/types\/post"}],"author":[{"embeddable":true,"href":"https:\/\/www.rivera.gub.uy\/portal\/wp-json\/wp\/v2\/users\/7"}],"replies":[{"embeddable":true,"href":"https:\/\/www.rivera.gub.uy\/portal\/wp-json\/wp\/v2\/comments?post=26411"}],"version-history":[{"count":3,"href":"https:\/\/www.rivera.gub.uy\/portal\/wp-json\/wp\/v2\/posts\/26411\/revisions"}],"predecessor-version":[{"id":26420,"href":"https:\/\/www.rivera.gub.uy\/portal\/wp-json\/wp\/v2\/posts\/26411\/revisions\/26420"}],"wp:featuredmedia":[{"embeddable":true,"href":"https:\/\/www.rivera.gub.uy\/portal\/wp-json\/wp\/v2\/media\/26412"}],"wp:attachment":[{"href":"https:\/\/www.rivera.gub.uy\/portal\/wp-json\/wp\/v2\/media?parent=26411"}],"wp:term":[{"taxonomy":"category","embeddable":true,"href":"https:\/\/www.rivera.gub.uy\/portal\/wp-json\/wp\/v2\/categories?post=26411"},{"taxonomy":"post_tag","embeddable":true,"href":"https:\/\/www.rivera.gub.uy\/portal\/wp-json\/wp\/v2\/tags?post=26411"}],"curies":[{"name":"wp","href":"https:\/\/api.w.org\/{rel}","templated":true}]}}