{"id":26605,"date":"2020-10-14T18:36:26","date_gmt":"2020-10-14T21:36:26","guid":{"rendered":"https:\/\/www.rivera.gub.uy\/portal\/?p=26605"},"modified":"2020-10-14T18:36:26","modified_gmt":"2020-10-14T21:36:26","slug":"el-programa-centros-barriales-brinda-la-posibilidad-de-alcanzar-recursos-economicos","status":"publish","type":"post","link":"https:\/\/www.rivera.gub.uy\/portal\/el-programa-centros-barriales-brinda-la-posibilidad-de-alcanzar-recursos-economicos\/","title":{"rendered":"El programa \u201cCentros Barriales\u201d brinda la posibilidad de alcanzar recursos econ\u00f3micos"},"content":{"rendered":"<p>El programa Centros Barriales, es instrumentado por la direcci\u00f3n General de Promoci\u00f3n y Acci\u00f3n Social de la Intendencia de Rivera y es coordinado por Oscar Far\u00edas, quien inform\u00f3 los cursos que se brindan este a\u00f1o, teniendo en cuenta que los cursos comenzaron en julio y siguen un estricto protocolo sanitario.<!--more--><\/p>\n<p>Est\u00e1 cimentado en tres grandes pilares, que la intendencia departamental de Rivera, viene trabajando con pol\u00edticas de cercan\u00edas y una gesti\u00f3n descentralizada, brindando la posibilidad de poder alcanzar recursos econ\u00f3micos a trav\u00e9s de sus oficios y talleres.<\/p>\n<ol>\n<li>Infraestructura de Centros Barriales (diferentes puntos de la ciudad)<\/li>\n<li>Recursos Humanos<\/li>\n<li>\u00a0Cursos dictados<\/li>\n<\/ol>\n<p>\u201cHan encontrado en el programa Centros Barriales, una herramienta donde adquieren una profesi\u00f3n, un oficio, hoy est\u00e1n trabajando y es su principal fuente de ingreso econ\u00f3mico\u201d Oscar Far\u00edas.<\/p>\n<p>Est\u00e1n presentes en diferentes barrios: Recreo, Progreso, La Virgencita, Sta Isabel, Sonia, Insausti, Bisio, Estiva, Hormiga y junto a la ONG CERPROS.<\/p>\n<p>&nbsp;<\/p>\n\r\n\t<div class=\"msacwl-slider-wrap msacwl-row-clearfix \" data-conf=\"{&quot;autoplay&quot;:&quot;true&quot;,&quot;autoplay_speed&quot;:3000,&quot;speed&quot;:300,&quot;arrows&quot;:&quot;true&quot;,&quot;dots&quot;:&quot;true&quot;,&quot;lazyload&quot;:&quot;&quot;}\">\r\n\t\t<div id=\"msacwl-slider-1\" class=\"msacwl-slider msacwl-common-slider msacwl-slider-popup\">\r\n\t\t\t\t\t\t<div class=\"msacwl-slide\" data-item-index=\"1\" >\r\n\t\t\t\t<a class=\"msacwl-img-link\" href=\"javascript:void(0);\" data-mfp-src=\"https:\/\/www.rivera.gub.uy\/portal\/wp-content\/uploads\/2020\/10\/DSC_1242.jpg\">\r\n\t\t\t\t\t<img decoding=\"async\" class=\"msacwl-img\" src=\"https:\/\/www.rivera.gub.uy\/portal\/wp-content\/uploads\/2020\/10\/DSC_1242.jpg\"  data-title=\"\" alt=\"\" \/>\r\n\t\t\t\t<\/a>\r\n\t\t\t\t\t\t\t\t\t<div class=\"msacwl-gallery-caption\">\r\n\t\t\t\t\t\t\t\t\t\t\t\t\t<span class=\"image_title\"><\/span>\r\n\t\t\t\t\t\t\t\t\t\t\t\t\t<span><\/span>\r\n\t\t\t\t\t\t \t\t\t\t\t<\/div>\r\n\t\t\t\t\t\t\t<\/div>\r\n\t\t\t\t\t\t<div class=\"msacwl-slide\" data-item-index=\"2\" >\r\n\t\t\t\t<a class=\"msacwl-img-link\" href=\"javascript:void(0);\" data-mfp-src=\"https:\/\/www.rivera.gub.uy\/portal\/wp-content\/uploads\/2020\/10\/DSC_1244.jpg\">\r\n\t\t\t\t\t<img decoding=\"async\" class=\"msacwl-img\" src=\"https:\/\/www.rivera.gub.uy\/portal\/wp-content\/uploads\/2020\/10\/DSC_1244.jpg\"  data-title=\"\" alt=\"\" \/>\r\n\t\t\t\t<\/a>\r\n\t\t\t\t\t\t\t\t\t<div class=\"msacwl-gallery-caption\">\r\n\t\t\t\t\t\t\t\t\t\t\t\t\t<span class=\"image_title\"><\/span>\r\n\t\t\t\t\t\t\t\t\t\t\t\t\t<span><\/span>\r\n\t\t\t\t\t\t \t\t\t\t\t<\/div>\r\n\t\t\t\t\t\t\t<\/div>\r\n\t\t\t\t\t\t<div class=\"msacwl-slide\" data-item-index=\"3\" >\r\n\t\t\t\t<a class=\"msacwl-img-link\" href=\"javascript:void(0);\" data-mfp-src=\"https:\/\/www.rivera.gub.uy\/portal\/wp-content\/uploads\/2020\/10\/DSC_1245.jpg\">\r\n\t\t\t\t\t<img decoding=\"async\" class=\"msacwl-img\" src=\"https:\/\/www.rivera.gub.uy\/portal\/wp-content\/uploads\/2020\/10\/DSC_1245.jpg\"  data-title=\"\" alt=\"\" \/>\r\n\t\t\t\t<\/a>\r\n\t\t\t\t\t\t\t\t\t<div class=\"msacwl-gallery-caption\">\r\n\t\t\t\t\t\t\t\t\t\t\t\t\t<span class=\"image_title\"><\/span>\r\n\t\t\t\t\t\t\t\t\t\t\t\t\t<span><\/span>\r\n\t\t\t\t\t\t \t\t\t\t\t<\/div>\r\n\t\t\t\t\t\t\t<\/div>\r\n\t\t\t\t\t\t<div class=\"msacwl-slide\" data-item-index=\"4\" >\r\n\t\t\t\t<a class=\"msacwl-img-link\" href=\"javascript:void(0);\" data-mfp-src=\"https:\/\/www.rivera.gub.uy\/portal\/wp-content\/uploads\/2020\/10\/DSC_1247.jpg\">\r\n\t\t\t\t\t<img decoding=\"async\" class=\"msacwl-img\" src=\"https:\/\/www.rivera.gub.uy\/portal\/wp-content\/uploads\/2020\/10\/DSC_1247.jpg\"  data-title=\"\" alt=\"\" \/>\r\n\t\t\t\t<\/a>\r\n\t\t\t\t\t\t\t\t\t<div class=\"msacwl-gallery-caption\">\r\n\t\t\t\t\t\t\t\t\t\t\t\t\t<span class=\"image_title\"><\/span>\r\n\t\t\t\t\t\t\t\t\t\t\t\t\t<span><\/span>\r\n\t\t\t\t\t\t \t\t\t\t\t<\/div>\r\n\t\t\t\t\t\t\t<\/div>\r\n\t\t\t\t\t\t<div class=\"msacwl-slide\" data-item-index=\"5\" >\r\n\t\t\t\t<a class=\"msacwl-img-link\" href=\"javascript:void(0);\" data-mfp-src=\"https:\/\/www.rivera.gub.uy\/portal\/wp-content\/uploads\/2020\/10\/DSC_1259.jpg\">\r\n\t\t\t\t\t<img decoding=\"async\" class=\"msacwl-img\" src=\"https:\/\/www.rivera.gub.uy\/portal\/wp-content\/uploads\/2020\/10\/DSC_1259.jpg\"  data-title=\"\" alt=\"\" \/>\r\n\t\t\t\t<\/a>\r\n\t\t\t\t\t\t\t\t\t<div class=\"msacwl-gallery-caption\">\r\n\t\t\t\t\t\t\t\t\t\t\t\t\t<span class=\"image_title\"><\/span>\r\n\t\t\t\t\t\t\t\t\t\t\t\t\t<span><\/span>\r\n\t\t\t\t\t\t \t\t\t\t\t<\/div>\r\n\t\t\t\t\t\t\t<\/div>\r\n\t\t\t\t\t<\/div>\r\n\t<\/div>\r\n\r\n\t\n<p>&nbsp;<\/p>\n<p>Este a\u00f1o el m\u00e1ximo de alumnos por curso son entre 10 y 12 personas, donde a final de a\u00f1o se entregar\u00e1n certificados y diplomas a los diferentes alumnos que asistieron a los cursos de:<br \/>\nCocina pr\u00e1ctica, Pintura en Tela, Manicura y Pedicura, Peluquer\u00eda\/Colorimetr\u00eda, Maquillaje Profesional y Automaquillaje, Costura Creativa,Costura F\u00e1cil.<br \/>\nY a los oficios de Herrer\u00eda y Chapa y Pintura.<\/p>\n<p>&nbsp;<\/p>\n<p><iframe loading=\"lazy\" title=\"El programa \u201cCentros Barriales\u201d brinda la posibilidad de alcanzar recursos econ\u00f3micos\" width=\"1160\" height=\"653\" src=\"https:\/\/www.youtube.com\/embed\/jirWqVwgleQ?feature=oembed\" frameborder=\"0\" allow=\"accelerometer; autoplay; clipboard-write; encrypted-media; gyroscope; picture-in-picture\" allowfullscreen><\/iframe><\/p>\n","protected":false},"excerpt":{"rendered":"<p>El programa Centros Barriales, es instrumentado por la direcci\u00f3n General de Promoci\u00f3n y Acci\u00f3n Social de la Intendencia de Rivera y es coordinado por Oscar Far\u00edas, quien inform\u00f3 los cursos que se brindan este a\u00f1o, teniendo en cuenta que los cursos comenzaron en julio y siguen un estricto protocolo sanitario.<\/p>\n","protected":false},"author":7,"featured_media":26610,"comment_status":"open","ping_status":"open","sticky":false,"template":"","format":"standard","meta":{"footnotes":""},"categories":[3,1],"tags":[150,36,33],"class_list":["post-26605","post","type-post","status-publish","format-standard","has-post-thumbnail","hentry","category-multimedia","category-novedades","tag-centros-barriales","tag-intendencia","tag-rivera"],"_links":{"self":[{"href":"https:\/\/www.rivera.gub.uy\/portal\/wp-json\/wp\/v2\/posts\/26605","targetHints":{"allow":["GET"]}}],"collection":[{"href":"https:\/\/www.rivera.gub.uy\/portal\/wp-json\/wp\/v2\/posts"}],"about":[{"href":"https:\/\/www.rivera.gub.uy\/portal\/wp-json\/wp\/v2\/types\/post"}],"author":[{"embeddable":true,"href":"https:\/\/www.rivera.gub.uy\/portal\/wp-json\/wp\/v2\/users\/7"}],"replies":[{"embeddable":true,"href":"https:\/\/www.rivera.gub.uy\/portal\/wp-json\/wp\/v2\/comments?post=26605"}],"version-history":[{"count":1,"href":"https:\/\/www.rivera.gub.uy\/portal\/wp-json\/wp\/v2\/posts\/26605\/revisions"}],"predecessor-version":[{"id":26611,"href":"https:\/\/www.rivera.gub.uy\/portal\/wp-json\/wp\/v2\/posts\/26605\/revisions\/26611"}],"wp:featuredmedia":[{"embeddable":true,"href":"https:\/\/www.rivera.gub.uy\/portal\/wp-json\/wp\/v2\/media\/26610"}],"wp:attachment":[{"href":"https:\/\/www.rivera.gub.uy\/portal\/wp-json\/wp\/v2\/media?parent=26605"}],"wp:term":[{"taxonomy":"category","embeddable":true,"href":"https:\/\/www.rivera.gub.uy\/portal\/wp-json\/wp\/v2\/categories?post=26605"},{"taxonomy":"post_tag","embeddable":true,"href":"https:\/\/www.rivera.gub.uy\/portal\/wp-json\/wp\/v2\/tags?post=26605"}],"curies":[{"name":"wp","href":"https:\/\/api.w.org\/{rel}","templated":true}]}}