{"id":26632,"date":"2020-10-15T16:43:40","date_gmt":"2020-10-15T19:43:40","guid":{"rendered":"https:\/\/www.rivera.gub.uy\/portal\/?p=26632"},"modified":"2020-10-16T16:51:16","modified_gmt":"2020-10-16T19:51:16","slug":"comision-sectorial-de-descentralizacion-aprobo-un-nuevo-proyecto-para-rivera","status":"publish","type":"post","link":"https:\/\/www.rivera.gub.uy\/portal\/comision-sectorial-de-descentralizacion-aprobo-un-nuevo-proyecto-para-rivera\/","title":{"rendered":"\u201cNoticias altamente positivas\u201d refuerzan pol\u00edticas de desarrollo territorial de la Intendencia Departamental de Rivera"},"content":{"rendered":"<p>El secretario general de la Intendencia Departamental de Rivera, Arq. Jos\u00e9 Mazzoni, inform\u00f3 que el pasado jueves 15 de octubre, particip\u00f3 primeramente de la reuni\u00f3n de la Mesa del Congreso de Intendentes, la Comisi\u00f3n Sectorial de Descentralizaci\u00f3n y en horas de la tarde form\u00f3 parte de la sesi\u00f3n del Congreso de Intendentes.<!--more--><\/p>\n<p>\u201cUna etapa muy importante para el departamento de Rivera, fue la firma de los contratos con ANDE, el Congreso de Intendentes y la Uni\u00f3n Europea\u201d Mazzoni inform\u00f3 que recibieron la visita del Embajador de la Uni\u00f3n Europea y la presidente de ANDE, quienes junto al secretario firmaron los dos proyectos para Rivera:<\/p>\n<p>1- Fortalecimiento de la industria de la madera de la regi\u00f3n Norte, con \u00e9nfasis en la competitividad de las MIPYMES.<br \/>\n2- Potenciando una cultura tur\u00edstica responsable en la frontera Rivera-Livramento.<\/p>\n<p>Con una inversi\u00f3n total de Cuatro millones de d\u00f3lares (U$4.000.000), que llega al departamento con financiaci\u00f3n de la UE y CI.<\/p>\n<p>&nbsp;<\/p>\n\r\n\t<div class=\"msacwl-slider-wrap msacwl-row-clearfix \" data-conf=\"{&quot;autoplay&quot;:&quot;true&quot;,&quot;autoplay_speed&quot;:3000,&quot;speed&quot;:300,&quot;arrows&quot;:&quot;true&quot;,&quot;dots&quot;:&quot;true&quot;,&quot;lazyload&quot;:&quot;&quot;}\">\r\n\t\t<div id=\"msacwl-slider-1\" class=\"msacwl-slider msacwl-common-slider msacwl-slider-popup\">\r\n\t\t\t\t\t\t<div class=\"msacwl-slide\" data-item-index=\"1\" >\r\n\t\t\t\t<a class=\"msacwl-img-link\" href=\"javascript:void(0);\" data-mfp-src=\"https:\/\/www.rivera.gub.uy\/portal\/wp-content\/uploads\/2020\/10\/WhatsApp-Image-2020-10-15-at-3.21.12-PM.jpeg\">\r\n\t\t\t\t\t<img decoding=\"async\" class=\"msacwl-img\" src=\"https:\/\/www.rivera.gub.uy\/portal\/wp-content\/uploads\/2020\/10\/WhatsApp-Image-2020-10-15-at-3.21.12-PM.jpeg\"  data-title=\"\" alt=\"\" \/>\r\n\t\t\t\t<\/a>\r\n\t\t\t\t\t\t\t\t\t<div class=\"msacwl-gallery-caption\">\r\n\t\t\t\t\t\t\t\t\t\t\t\t\t<span class=\"image_title\"><\/span>\r\n\t\t\t\t\t\t\t\t\t\t\t\t\t<span><\/span>\r\n\t\t\t\t\t\t \t\t\t\t\t<\/div>\r\n\t\t\t\t\t\t\t<\/div>\r\n\t\t\t\t\t\t<div class=\"msacwl-slide\" data-item-index=\"2\" >\r\n\t\t\t\t<a class=\"msacwl-img-link\" href=\"javascript:void(0);\" data-mfp-src=\"https:\/\/www.rivera.gub.uy\/portal\/wp-content\/uploads\/2020\/10\/WhatsApp-Image-2020-10-15-at-3.21.13-PM-1.jpeg\">\r\n\t\t\t\t\t<img decoding=\"async\" class=\"msacwl-img\" src=\"https:\/\/www.rivera.gub.uy\/portal\/wp-content\/uploads\/2020\/10\/WhatsApp-Image-2020-10-15-at-3.21.13-PM-1.jpeg\"  data-title=\"\" alt=\"\" \/>\r\n\t\t\t\t<\/a>\r\n\t\t\t\t\t\t\t\t\t<div class=\"msacwl-gallery-caption\">\r\n\t\t\t\t\t\t\t\t\t\t\t\t\t<span class=\"image_title\"><\/span>\r\n\t\t\t\t\t\t\t\t\t\t\t\t\t<span><\/span>\r\n\t\t\t\t\t\t \t\t\t\t\t<\/div>\r\n\t\t\t\t\t\t\t<\/div>\r\n\t\t\t\t\t\t<div class=\"msacwl-slide\" data-item-index=\"3\" >\r\n\t\t\t\t<a class=\"msacwl-img-link\" href=\"javascript:void(0);\" data-mfp-src=\"https:\/\/www.rivera.gub.uy\/portal\/wp-content\/uploads\/2020\/10\/WhatsApp-Image-2020-10-15-at-3.21.13-PM-2.jpeg\">\r\n\t\t\t\t\t<img decoding=\"async\" class=\"msacwl-img\" src=\"https:\/\/www.rivera.gub.uy\/portal\/wp-content\/uploads\/2020\/10\/WhatsApp-Image-2020-10-15-at-3.21.13-PM-2.jpeg\"  data-title=\"\" alt=\"\" \/>\r\n\t\t\t\t<\/a>\r\n\t\t\t\t\t\t\t\t\t<div class=\"msacwl-gallery-caption\">\r\n\t\t\t\t\t\t\t\t\t\t\t\t\t<span class=\"image_title\"><\/span>\r\n\t\t\t\t\t\t\t\t\t\t\t\t\t<span><\/span>\r\n\t\t\t\t\t\t \t\t\t\t\t<\/div>\r\n\t\t\t\t\t\t\t<\/div>\r\n\t\t\t\t\t\t<div class=\"msacwl-slide\" data-item-index=\"4\" >\r\n\t\t\t\t<a class=\"msacwl-img-link\" href=\"javascript:void(0);\" data-mfp-src=\"https:\/\/www.rivera.gub.uy\/portal\/wp-content\/uploads\/2020\/10\/WhatsApp-Image-2020-10-15-at-3.21.13-PM.jpeg\">\r\n\t\t\t\t\t<img decoding=\"async\" class=\"msacwl-img\" src=\"https:\/\/www.rivera.gub.uy\/portal\/wp-content\/uploads\/2020\/10\/WhatsApp-Image-2020-10-15-at-3.21.13-PM.jpeg\"  data-title=\"\" alt=\"\" \/>\r\n\t\t\t\t<\/a>\r\n\t\t\t\t\t\t\t\t\t<div class=\"msacwl-gallery-caption\">\r\n\t\t\t\t\t\t\t\t\t\t\t\t\t<span class=\"image_title\"><\/span>\r\n\t\t\t\t\t\t\t\t\t\t\t\t\t<span><\/span>\r\n\t\t\t\t\t\t \t\t\t\t\t<\/div>\r\n\t\t\t\t\t\t\t<\/div>\r\n\t\t\t\t\t\t<div class=\"msacwl-slide\" data-item-index=\"5\" >\r\n\t\t\t\t<a class=\"msacwl-img-link\" href=\"javascript:void(0);\" data-mfp-src=\"https:\/\/www.rivera.gub.uy\/portal\/wp-content\/uploads\/2020\/10\/l5.jpg\">\r\n\t\t\t\t\t<img decoding=\"async\" class=\"msacwl-img\" src=\"https:\/\/www.rivera.gub.uy\/portal\/wp-content\/uploads\/2020\/10\/l5.jpg\"  data-title=\"\" alt=\"\" \/>\r\n\t\t\t\t<\/a>\r\n\t\t\t\t\t\t\t\t\t<div class=\"msacwl-gallery-caption\">\r\n\t\t\t\t\t\t\t\t\t\t\t\t\t<span class=\"image_title\"><\/span>\r\n\t\t\t\t\t\t\t\t\t\t\t\t\t<span><\/span>\r\n\t\t\t\t\t\t \t\t\t\t\t<\/div>\r\n\t\t\t\t\t\t\t<\/div>\r\n\t\t\t\t\t\t<div class=\"msacwl-slide\" data-item-index=\"6\" >\r\n\t\t\t\t<a class=\"msacwl-img-link\" href=\"javascript:void(0);\" data-mfp-src=\"https:\/\/www.rivera.gub.uy\/portal\/wp-content\/uploads\/2020\/10\/l6.jpg\">\r\n\t\t\t\t\t<img decoding=\"async\" class=\"msacwl-img\" src=\"https:\/\/www.rivera.gub.uy\/portal\/wp-content\/uploads\/2020\/10\/l6.jpg\"  data-title=\"\" alt=\"\" \/>\r\n\t\t\t\t<\/a>\r\n\t\t\t\t\t\t\t\t\t<div class=\"msacwl-gallery-caption\">\r\n\t\t\t\t\t\t\t\t\t\t\t\t\t<span class=\"image_title\"><\/span>\r\n\t\t\t\t\t\t\t\t\t\t\t\t\t<span><\/span>\r\n\t\t\t\t\t\t \t\t\t\t\t<\/div>\r\n\t\t\t\t\t\t\t<\/div>\r\n\t\t\t\t\t\t<div class=\"msacwl-slide\" data-item-index=\"7\" >\r\n\t\t\t\t<a class=\"msacwl-img-link\" href=\"javascript:void(0);\" data-mfp-src=\"https:\/\/www.rivera.gub.uy\/portal\/wp-content\/uploads\/2020\/10\/l7.jpg\">\r\n\t\t\t\t\t<img decoding=\"async\" class=\"msacwl-img\" src=\"https:\/\/www.rivera.gub.uy\/portal\/wp-content\/uploads\/2020\/10\/l7.jpg\"  data-title=\"\" alt=\"\" \/>\r\n\t\t\t\t<\/a>\r\n\t\t\t\t\t\t\t\t\t<div class=\"msacwl-gallery-caption\">\r\n\t\t\t\t\t\t\t\t\t\t\t\t\t<span class=\"image_title\"><\/span>\r\n\t\t\t\t\t\t\t\t\t\t\t\t\t<span><\/span>\r\n\t\t\t\t\t\t \t\t\t\t\t<\/div>\r\n\t\t\t\t\t\t\t<\/div>\r\n\t\t\t\t\t<\/div>\r\n\t<\/div>\r\n\r\n\t\n<p>&nbsp;<\/p>\n<p>Uno de los momentos m\u00e1s destacados en la sesi\u00f3n del Congeso de Intendentes, fu\u00e9 la firma de los contratos con ANDE- CI- UE.<br \/>\nEn la sesi\u00f3n del Congreso de Intendentes, recibieron a la actual primera dama de la Rep\u00fablica, Lorena Ponce de Le\u00f3n N\u00fa\u00f1ez, quien present\u00f3 un proyecto de reciclaje con la carteler\u00eda pol\u00edtica, para que cada intendencia lo ejecute.<\/p>\n<p><strong>$ 13.274.439<\/strong><\/p>\n<p>En la Comisi\u00f3n Sectorial de Descentralizaci\u00f3n, se aprob\u00f3 y se firm\u00f3 un proyecto \u201cmuy importante\u201d para Rivera, \u201ctoda la recuperaci\u00f3n de la carpeta asf\u00e1ltica de la Bvar. Pte. Viera y la avenida Cuar\u00f3 (entre Pte. Viera y Avda. Brasil; y en Pte. Viera en toda su extensi\u00f3n (desde calle Agraciada hasta Avda. Cuar\u00f3). Dicha obra cuenta con un total aproximado de 13 millones de pesos de inversi\u00f3n, con la particularidad de estar ejecutada antes de fin de a\u00f1o, ya que fue designado en el presupuesto 2020.<\/p>\n<p>\u201cSon noticias altamente positivas que vienen a reforzar lo que es una pol\u00edtica de desarrollo territorial que implementamos desde la intendencia departamental, con muchos proyectos y cantidad de l\u00edneas de acci\u00f3n y de trabajo, que nos van a permitir seguir posicionando a Rivera como un referente a nivel Nacional\u201d.<\/p>\n<p>El secretario inform\u00f3 que en la ma\u00f1ana de hoy, la C\u00e1mara de Representantes, aprob\u00f3 el proyecto de Ley de Presupuesto (dando paso al Senado que tendr\u00e1 45 d\u00edas para analizarlo); en \u00e9l hay un inciso que corresponde a la creaci\u00f3n del Parque Tecnol\u00f3gico del Norte en Rivera, un proyecto que se viene trabajando hace tres a\u00f1os, \u201cnos permitir\u00e1 desarrollar en el Polo Educativo (terreno lindero ) un desarrollo racional, educativo vinculado a la producci\u00f3n __de lo que se trata un Parque Tecnol\u00f3gico __, son auspicios muy importantes para el departamento\u201d.<\/p>\n<p>&nbsp;<\/p>\n<p>&nbsp;<\/p>\n<p><iframe loading=\"lazy\" title=\"Refuerzan pol\u00edticas de desarrollo territorial de la Intendencia Departamental de Rivera\" width=\"1160\" height=\"653\" src=\"https:\/\/www.youtube.com\/embed\/K6U-94u0gh4?feature=oembed\" frameborder=\"0\" allow=\"accelerometer; autoplay; clipboard-write; encrypted-media; gyroscope; picture-in-picture\" allowfullscreen><\/iframe><\/p>\n","protected":false},"excerpt":{"rendered":"<p>El secretario general de la Intendencia Departamental de Rivera, Arq. Jos\u00e9 Mazzoni, inform\u00f3 que el pasado jueves 15 de octubre, particip\u00f3 primeramente de la reuni\u00f3n de la Mesa del Congreso de Intendentes, la Comisi\u00f3n Sectorial de Descentralizaci\u00f3n y en horas de la tarde form\u00f3 parte de la sesi\u00f3n del Congreso de Intendentes.<\/p>\n","protected":false},"author":7,"featured_media":26636,"comment_status":"open","ping_status":"open","sticky":false,"template":"","format":"standard","meta":{"footnotes":""},"categories":[3,1],"tags":[646,36,33],"class_list":["post-26632","post","type-post","status-publish","format-standard","has-post-thumbnail","hentry","category-multimedia","category-novedades","tag-congreso-de-intendentes","tag-intendencia","tag-rivera"],"_links":{"self":[{"href":"https:\/\/www.rivera.gub.uy\/portal\/wp-json\/wp\/v2\/posts\/26632","targetHints":{"allow":["GET"]}}],"collection":[{"href":"https:\/\/www.rivera.gub.uy\/portal\/wp-json\/wp\/v2\/posts"}],"about":[{"href":"https:\/\/www.rivera.gub.uy\/portal\/wp-json\/wp\/v2\/types\/post"}],"author":[{"embeddable":true,"href":"https:\/\/www.rivera.gub.uy\/portal\/wp-json\/wp\/v2\/users\/7"}],"replies":[{"embeddable":true,"href":"https:\/\/www.rivera.gub.uy\/portal\/wp-json\/wp\/v2\/comments?post=26632"}],"version-history":[{"count":4,"href":"https:\/\/www.rivera.gub.uy\/portal\/wp-json\/wp\/v2\/posts\/26632\/revisions"}],"predecessor-version":[{"id":26650,"href":"https:\/\/www.rivera.gub.uy\/portal\/wp-json\/wp\/v2\/posts\/26632\/revisions\/26650"}],"wp:featuredmedia":[{"embeddable":true,"href":"https:\/\/www.rivera.gub.uy\/portal\/wp-json\/wp\/v2\/media\/26636"}],"wp:attachment":[{"href":"https:\/\/www.rivera.gub.uy\/portal\/wp-json\/wp\/v2\/media?parent=26632"}],"wp:term":[{"taxonomy":"category","embeddable":true,"href":"https:\/\/www.rivera.gub.uy\/portal\/wp-json\/wp\/v2\/categories?post=26632"},{"taxonomy":"post_tag","embeddable":true,"href":"https:\/\/www.rivera.gub.uy\/portal\/wp-json\/wp\/v2\/tags?post=26632"}],"curies":[{"name":"wp","href":"https:\/\/api.w.org\/{rel}","templated":true}]}}