{"id":2707,"date":"2017-08-30T12:27:00","date_gmt":"2017-08-30T15:27:00","guid":{"rendered":"http:\/\/www.rivera.gub.uy\/portal\/?p=2707"},"modified":"2017-08-30T12:27:21","modified_gmt":"2017-08-30T15:27:21","slug":"pequenos-productores-de-zonas-sub-urbanas-seran-asesorados-por-el-equipo-tecnico-de-desarrollo-rural-idr","status":"publish","type":"post","link":"https:\/\/www.rivera.gub.uy\/portal\/pequenos-productores-de-zonas-sub-urbanas-seran-asesorados-por-el-equipo-tecnico-de-desarrollo-rural-idr\/","title":{"rendered":"Peque\u00f1os productores de zonas sub urbanas ser\u00e1n asesorados por el equipo t\u00e9cnico de Desarrollo Rural IDR"},"content":{"rendered":"<p>Desde la Unidad de Desarrollo, a trav\u00e9s de Desarrollo Rural, el equipo t\u00e9cnico de la Divisi\u00f3n, visitar\u00e1 este viernes 31 de agosto a peque\u00f1os productores de la zona sub urbana de nuestro departamento.<\/p>\n<p>En di\u00e1logo con Susana Santana, integrante del equipo de Desarrollo Rural y encargada de gesti\u00f3n social, tendr\u00e1n como objetivo asesorar a los productores en la Horticultura.<!--more--><br \/>\nSantana explic\u00f3: \u201cYa venimos hace tiempo realizando este trabajo y lo que queremos es explicarles y asesorar a los productores de que es m\u00e1s f\u00e1cil quedarse en la tierra por la riqueza que tiene, y que se puede producir para consumo y para comercializar. Queremos reorganizarlos e incentivarlos para que ellos puedan producir\u201d.<\/p>\n<p>Dentro de lo relatado, la integrante del equipo de Desarrollo Rural, explic\u00f3 que los productores que visitar\u00e1n son \u201cproductores nuevos\u201d, que ya vienen produciendo y pueden cosechar a\u00fan m\u00e1s verduras seg\u00fan el tiempo de siembra de cada uno.<\/p>\n<p>Los productores contemplados en esta ocasi\u00f3n ser\u00e1n, F\u00e1tima Fern\u00e1ndez (Ruta 5), Sandra Rodr\u00edguez (Tres Cerros) y Jorge Fern\u00e1ndez (Arroyo Sauzal).<br \/>\nSusana Santana destac\u00f3 la disposici\u00f3n de todo el equipo para asesorar y ayudar a todos los productores que lo necesiten.<\/p>\n<div id='gallery-1' class='gallery galleryid-2707 gallery-columns-4 gallery-size-thumbnail'><figure class='gallery-item'>\n\t\t\t<div class='gallery-icon landscape'>\n\t\t\t\t<a href='https:\/\/www.rivera.gub.uy\/portal\/wp-content\/uploads\/2017\/08\/DSC_0015-Copiar.jpg'><img loading=\"lazy\" decoding=\"async\" width=\"132\" height=\"94\" src=\"https:\/\/www.rivera.gub.uy\/portal\/wp-content\/uploads\/2017\/08\/DSC_0015-Copiar-132x94.jpg\" class=\"attachment-thumbnail size-thumbnail\" alt=\"\" srcset=\"https:\/\/www.rivera.gub.uy\/portal\/wp-content\/uploads\/2017\/08\/DSC_0015-Copiar-132x94.jpg 132w, https:\/\/www.rivera.gub.uy\/portal\/wp-content\/uploads\/2017\/08\/DSC_0015-Copiar-263x188.jpg 263w, https:\/\/www.rivera.gub.uy\/portal\/wp-content\/uploads\/2017\/08\/DSC_0015-Copiar-768x549.jpg 768w, https:\/\/www.rivera.gub.uy\/portal\/wp-content\/uploads\/2017\/08\/DSC_0015-Copiar-876x626.jpg 876w, https:\/\/www.rivera.gub.uy\/portal\/wp-content\/uploads\/2017\/08\/DSC_0015-Copiar-820x586.jpg 820w, https:\/\/www.rivera.gub.uy\/portal\/wp-content\/uploads\/2017\/08\/DSC_0015-Copiar.jpg 1575w\" sizes=\"auto, (max-width: 132px) 100vw, 132px\" \/><\/a>\n\t\t\t<\/div><\/figure><figure class='gallery-item'>\n\t\t\t<div class='gallery-icon landscape'>\n\t\t\t\t<a href='https:\/\/www.rivera.gub.uy\/portal\/wp-content\/uploads\/2017\/08\/DSC_0072-Copiar.jpg'><img loading=\"lazy\" decoding=\"async\" width=\"132\" height=\"94\" src=\"https:\/\/www.rivera.gub.uy\/portal\/wp-content\/uploads\/2017\/08\/DSC_0072-Copiar-132x94.jpg\" class=\"attachment-thumbnail size-thumbnail\" alt=\"\" srcset=\"https:\/\/www.rivera.gub.uy\/portal\/wp-content\/uploads\/2017\/08\/DSC_0072-Copiar-132x94.jpg 132w, https:\/\/www.rivera.gub.uy\/portal\/wp-content\/uploads\/2017\/08\/DSC_0072-Copiar-263x188.jpg 263w, https:\/\/www.rivera.gub.uy\/portal\/wp-content\/uploads\/2017\/08\/DSC_0072-Copiar-768x549.jpg 768w, https:\/\/www.rivera.gub.uy\/portal\/wp-content\/uploads\/2017\/08\/DSC_0072-Copiar-876x626.jpg 876w, https:\/\/www.rivera.gub.uy\/portal\/wp-content\/uploads\/2017\/08\/DSC_0072-Copiar-820x586.jpg 820w, https:\/\/www.rivera.gub.uy\/portal\/wp-content\/uploads\/2017\/08\/DSC_0072-Copiar.jpg 1575w\" sizes=\"auto, (max-width: 132px) 100vw, 132px\" \/><\/a>\n\t\t\t<\/div><\/figure><figure class='gallery-item'>\n\t\t\t<div class='gallery-icon landscape'>\n\t\t\t\t<a href='https:\/\/www.rivera.gub.uy\/portal\/wp-content\/uploads\/2017\/08\/DSC_0214-Copiar.jpg'><img loading=\"lazy\" decoding=\"async\" width=\"132\" height=\"94\" src=\"https:\/\/www.rivera.gub.uy\/portal\/wp-content\/uploads\/2017\/08\/DSC_0214-Copiar-132x94.jpg\" class=\"attachment-thumbnail size-thumbnail\" alt=\"\" srcset=\"https:\/\/www.rivera.gub.uy\/portal\/wp-content\/uploads\/2017\/08\/DSC_0214-Copiar-132x94.jpg 132w, https:\/\/www.rivera.gub.uy\/portal\/wp-content\/uploads\/2017\/08\/DSC_0214-Copiar-263x188.jpg 263w, https:\/\/www.rivera.gub.uy\/portal\/wp-content\/uploads\/2017\/08\/DSC_0214-Copiar-768x549.jpg 768w, https:\/\/www.rivera.gub.uy\/portal\/wp-content\/uploads\/2017\/08\/DSC_0214-Copiar-876x626.jpg 876w, https:\/\/www.rivera.gub.uy\/portal\/wp-content\/uploads\/2017\/08\/DSC_0214-Copiar-820x586.jpg 820w, https:\/\/www.rivera.gub.uy\/portal\/wp-content\/uploads\/2017\/08\/DSC_0214-Copiar.jpg 1575w\" sizes=\"auto, (max-width: 132px) 100vw, 132px\" \/><\/a>\n\t\t\t<\/div><\/figure><figure class='gallery-item'>\n\t\t\t<div class='gallery-icon landscape'>\n\t\t\t\t<a href='https:\/\/www.rivera.gub.uy\/portal\/wp-content\/uploads\/2017\/08\/DSC_1005-Copiar.jpg'><img loading=\"lazy\" decoding=\"async\" width=\"132\" height=\"94\" src=\"https:\/\/www.rivera.gub.uy\/portal\/wp-content\/uploads\/2017\/08\/DSC_1005-Copiar-132x94.jpg\" class=\"attachment-thumbnail size-thumbnail\" alt=\"\" srcset=\"https:\/\/www.rivera.gub.uy\/portal\/wp-content\/uploads\/2017\/08\/DSC_1005-Copiar-132x94.jpg 132w, https:\/\/www.rivera.gub.uy\/portal\/wp-content\/uploads\/2017\/08\/DSC_1005-Copiar-263x188.jpg 263w, https:\/\/www.rivera.gub.uy\/portal\/wp-content\/uploads\/2017\/08\/DSC_1005-Copiar-768x549.jpg 768w, https:\/\/www.rivera.gub.uy\/portal\/wp-content\/uploads\/2017\/08\/DSC_1005-Copiar-876x626.jpg 876w, https:\/\/www.rivera.gub.uy\/portal\/wp-content\/uploads\/2017\/08\/DSC_1005-Copiar-820x586.jpg 820w, https:\/\/www.rivera.gub.uy\/portal\/wp-content\/uploads\/2017\/08\/DSC_1005-Copiar.jpg 1575w\" sizes=\"auto, (max-width: 132px) 100vw, 132px\" \/><\/a>\n\t\t\t<\/div><\/figure>\n\t\t<\/div>\n\n","protected":false},"excerpt":{"rendered":"<p>Desde la Unidad de Desarrollo, a trav\u00e9s de Desarrollo Rural, el equipo t\u00e9cnico de la Divisi\u00f3n, visitar\u00e1 este viernes 31 de agosto a peque\u00f1os productores de la zona sub urbana de nuestro departamento. En di\u00e1logo con Susana Santana, integrante del equipo de Desarrollo Rural y encargada de gesti\u00f3n social, tendr\u00e1n como objetivo asesorar a los [&hellip;]<\/p>\n","protected":false},"author":7,"featured_media":2711,"comment_status":"open","ping_status":"open","sticky":false,"template":"","format":"standard","meta":{"footnotes":""},"categories":[9,1,18,13],"tags":[80,36,79,33,116],"class_list":["post-2707","post","type-post","status-publish","format-standard","has-post-thumbnail","hentry","category-desarrollo-empresarial","category-novedades","category-participacion","category-proyectos-estrategicos","tag-desarrollo","tag-intendencia","tag-medio-ambiente","tag-rivera","tag-rural"],"_links":{"self":[{"href":"https:\/\/www.rivera.gub.uy\/portal\/wp-json\/wp\/v2\/posts\/2707","targetHints":{"allow":["GET"]}}],"collection":[{"href":"https:\/\/www.rivera.gub.uy\/portal\/wp-json\/wp\/v2\/posts"}],"about":[{"href":"https:\/\/www.rivera.gub.uy\/portal\/wp-json\/wp\/v2\/types\/post"}],"author":[{"embeddable":true,"href":"https:\/\/www.rivera.gub.uy\/portal\/wp-json\/wp\/v2\/users\/7"}],"replies":[{"embeddable":true,"href":"https:\/\/www.rivera.gub.uy\/portal\/wp-json\/wp\/v2\/comments?post=2707"}],"version-history":[{"count":2,"href":"https:\/\/www.rivera.gub.uy\/portal\/wp-json\/wp\/v2\/posts\/2707\/revisions"}],"predecessor-version":[{"id":2713,"href":"https:\/\/www.rivera.gub.uy\/portal\/wp-json\/wp\/v2\/posts\/2707\/revisions\/2713"}],"wp:featuredmedia":[{"embeddable":true,"href":"https:\/\/www.rivera.gub.uy\/portal\/wp-json\/wp\/v2\/media\/2711"}],"wp:attachment":[{"href":"https:\/\/www.rivera.gub.uy\/portal\/wp-json\/wp\/v2\/media?parent=2707"}],"wp:term":[{"taxonomy":"category","embeddable":true,"href":"https:\/\/www.rivera.gub.uy\/portal\/wp-json\/wp\/v2\/categories?post=2707"},{"taxonomy":"post_tag","embeddable":true,"href":"https:\/\/www.rivera.gub.uy\/portal\/wp-json\/wp\/v2\/tags?post=2707"}],"curies":[{"name":"wp","href":"https:\/\/api.w.org\/{rel}","templated":true}]}}