{"id":27081,"date":"2020-11-19T11:54:54","date_gmt":"2020-11-19T14:54:54","guid":{"rendered":"https:\/\/www.rivera.gub.uy\/portal\/?p=27081"},"modified":"2020-11-20T12:14:24","modified_gmt":"2020-11-20T15:14:24","slug":"campana-de-sensibilizacion-hacia-la-no-violencia-contra-la-mujer-2","status":"publish","type":"post","link":"https:\/\/www.rivera.gub.uy\/portal\/campana-de-sensibilizacion-hacia-la-no-violencia-contra-la-mujer-2\/","title":{"rendered":"Patricia Espinosa: Campa\u00f1a de sensibilizaci\u00f3n hacia la no violencia contra la mujer"},"content":{"rendered":"<p>La violencia contra las mujeres es un obst\u00e1culo para construir sociedades inclusivas y sostenibles.<br \/>\n25 de noviembre, D\u00eda de la Eliminaci\u00f3n de la Violencia contra la Mujer<!--more--><\/p>\n<p>&nbsp;<\/p>\n<p><iframe loading=\"lazy\" title=\"Patricia Espinosa: Campa\u00f1a de sensibilizaci\u00f3n hacia la no violencia contra la mujer\" width=\"1160\" height=\"653\" src=\"https:\/\/www.youtube.com\/embed\/J6DeLavJXdw?feature=oembed\" frameborder=\"0\" allow=\"accelerometer; autoplay; clipboard-write; encrypted-media; gyroscope; picture-in-picture\" allowfullscreen><\/iframe><\/p>\n","protected":false},"excerpt":{"rendered":"<p>La violencia contra las mujeres es un obst\u00e1culo para construir sociedades inclusivas y sostenibles. 25 de noviembre, D\u00eda de la Eliminaci\u00f3n de la Violencia contra la Mujer<\/p>\n","protected":false},"author":7,"featured_media":27056,"comment_status":"open","ping_status":"open","sticky":false,"template":"","format":"standard","meta":{"footnotes":""},"categories":[3,1],"tags":[36,428,1196,33,104,904],"class_list":["post-27081","post","type-post","status-publish","format-standard","has-post-thumbnail","hentry","category-multimedia","category-novedades","tag-intendencia","tag-mujer","tag-patricia-espinosa","tag-rivera","tag-uruguay","tag-violencia"],"_links":{"self":[{"href":"https:\/\/www.rivera.gub.uy\/portal\/wp-json\/wp\/v2\/posts\/27081","targetHints":{"allow":["GET"]}}],"collection":[{"href":"https:\/\/www.rivera.gub.uy\/portal\/wp-json\/wp\/v2\/posts"}],"about":[{"href":"https:\/\/www.rivera.gub.uy\/portal\/wp-json\/wp\/v2\/types\/post"}],"author":[{"embeddable":true,"href":"https:\/\/www.rivera.gub.uy\/portal\/wp-json\/wp\/v2\/users\/7"}],"replies":[{"embeddable":true,"href":"https:\/\/www.rivera.gub.uy\/portal\/wp-json\/wp\/v2\/comments?post=27081"}],"version-history":[{"count":4,"href":"https:\/\/www.rivera.gub.uy\/portal\/wp-json\/wp\/v2\/posts\/27081\/revisions"}],"predecessor-version":[{"id":27152,"href":"https:\/\/www.rivera.gub.uy\/portal\/wp-json\/wp\/v2\/posts\/27081\/revisions\/27152"}],"wp:featuredmedia":[{"embeddable":true,"href":"https:\/\/www.rivera.gub.uy\/portal\/wp-json\/wp\/v2\/media\/27056"}],"wp:attachment":[{"href":"https:\/\/www.rivera.gub.uy\/portal\/wp-json\/wp\/v2\/media?parent=27081"}],"wp:term":[{"taxonomy":"category","embeddable":true,"href":"https:\/\/www.rivera.gub.uy\/portal\/wp-json\/wp\/v2\/categories?post=27081"},{"taxonomy":"post_tag","embeddable":true,"href":"https:\/\/www.rivera.gub.uy\/portal\/wp-json\/wp\/v2\/tags?post=27081"}],"curies":[{"name":"wp","href":"https:\/\/api.w.org\/{rel}","templated":true}]}}