{"id":2714,"date":"2017-08-30T13:01:56","date_gmt":"2017-08-30T16:01:56","guid":{"rendered":"http:\/\/www.rivera.gub.uy\/portal\/?p=2714"},"modified":"2017-09-01T18:32:39","modified_gmt":"2017-09-01T21:32:39","slug":"se-viene-la-6a-fecha-del-campeonato-gaucho-de-marcas-y-pilotos","status":"publish","type":"post","link":"https:\/\/www.rivera.gub.uy\/portal\/se-viene-la-6a-fecha-del-campeonato-gaucho-de-marcas-y-pilotos\/","title":{"rendered":"Se viene la 6\u00aa Fecha del \u201cCampeonato Ga\u00facho de Marcas y Pilotos\u201d"},"content":{"rendered":"<p>Este fin de semana se cumplir\u00e1\u00a0 la 6\u00aa Fecha del Campeonato Ga\u00facho de Marcas y Pilotos,\u00a0 en el Aut\u00f3dromo Municipal, Eduardo P. Cabrera, acompa\u00f1ada por la Copa Classic, Copa Fusca y S\u00faper Chevette (regional).<\/p>\n<p>El coordinador del Aut\u00f3dromo, Sr. Pablo Cabrera,\u00a0 se\u00f1al\u00f3 que \u00e9sta es la categor\u00eda m\u00e1s importante de R\u00edo Grande do Sul, motivo por el cual estar\u00e1n presentes en la frontera,\u00a0 los mejores pilotos de estas categor\u00edas.<!--more--><\/p>\n<p>Las carreras se llevaran a cabo el viernes 1, s\u00e1bado 2 y\u00a0 el domingo 3 de septiembre, teniendo en cuenta que el d\u00eda\u00a0 viernes y s\u00e1bado ser\u00e1n los entrenamientos oficiales\u00a0 y el domingo se realizan las carreras oficiales por clasificaci\u00f3n y las finales.<\/p>\n<p>Las entradas generales valen $ 200\u00a0 y con entrada a boxes $ 400, ser\u00e1n v\u00e1lidas para s\u00e1bado y domingo.<\/p>\n<p>Cabrera se\u00f1al\u00f3 que el estacionamiento ser\u00e1 gratuito y adem\u00e1s agreg\u00f3; \u201cesperamos a todo el p\u00fablico, a que vengan\u00a0 acompa\u00f1ar a los pilotos y sus equipos en este fin de semana. El viernes todos los que quieran sacarse fotos pueden hacerlo,\u00a0 ser\u00e1 a puertas abiertas, as\u00ed que los invitamos a todos y tambi\u00e9n contar con la presencia del corredor riverense Fabricio Larratea,\u00a0 que competir\u00e1. Ser\u00e1n alrededor de cien\u00a0 coches compitiendo o sea ser\u00e1 todo una fiesta\u201d<\/p>\n<p>Menores de 7 a\u00f1os no pagan.<\/p>\n<p><iframe loading=\"lazy\" width=\"1160\" height=\"653\" src=\"https:\/\/www.youtube.com\/embed\/gQ50ya14aaE?feature=oembed\" frameborder=\"0\" allowfullscreen><\/iframe><\/p>\n","protected":false},"excerpt":{"rendered":"<p>Este fin de semana se cumplir\u00e1\u00a0 la 6\u00aa Fecha del Campeonato Ga\u00facho de Marcas y Pilotos,\u00a0 en el Aut\u00f3dromo Municipal, Eduardo P. Cabrera, acompa\u00f1ada por la Copa Classic, Copa Fusca y S\u00faper Chevette (regional). El coordinador del Aut\u00f3dromo, Sr. Pablo Cabrera,\u00a0 se\u00f1al\u00f3 que \u00e9sta es la categor\u00eda m\u00e1s importante de R\u00edo Grande do Sul, motivo [&hellip;]<\/p>\n","protected":false},"author":7,"featured_media":2739,"comment_status":"open","ping_status":"open","sticky":false,"template":"","format":"standard","meta":{"footnotes":""},"categories":[56,24,1],"tags":[146,149,145,155,36,144,33],"class_list":["post-2714","post","type-post","status-publish","format-standard","has-post-thumbnail","hentry","category-deportes","category-destacados","category-novedades","tag-autodromo","tag-campeonato","tag-campeonato-gaucho","tag-carreras","tag-intendencia","tag-marcas-y-pilotos","tag-rivera","has-post-video"],"_links":{"self":[{"href":"https:\/\/www.rivera.gub.uy\/portal\/wp-json\/wp\/v2\/posts\/2714","targetHints":{"allow":["GET"]}}],"collection":[{"href":"https:\/\/www.rivera.gub.uy\/portal\/wp-json\/wp\/v2\/posts"}],"about":[{"href":"https:\/\/www.rivera.gub.uy\/portal\/wp-json\/wp\/v2\/types\/post"}],"author":[{"embeddable":true,"href":"https:\/\/www.rivera.gub.uy\/portal\/wp-json\/wp\/v2\/users\/7"}],"replies":[{"embeddable":true,"href":"https:\/\/www.rivera.gub.uy\/portal\/wp-json\/wp\/v2\/comments?post=2714"}],"version-history":[{"count":2,"href":"https:\/\/www.rivera.gub.uy\/portal\/wp-json\/wp\/v2\/posts\/2714\/revisions"}],"predecessor-version":[{"id":2740,"href":"https:\/\/www.rivera.gub.uy\/portal\/wp-json\/wp\/v2\/posts\/2714\/revisions\/2740"}],"wp:featuredmedia":[{"embeddable":true,"href":"https:\/\/www.rivera.gub.uy\/portal\/wp-json\/wp\/v2\/media\/2739"}],"wp:attachment":[{"href":"https:\/\/www.rivera.gub.uy\/portal\/wp-json\/wp\/v2\/media?parent=2714"}],"wp:term":[{"taxonomy":"category","embeddable":true,"href":"https:\/\/www.rivera.gub.uy\/portal\/wp-json\/wp\/v2\/categories?post=2714"},{"taxonomy":"post_tag","embeddable":true,"href":"https:\/\/www.rivera.gub.uy\/portal\/wp-json\/wp\/v2\/tags?post=2714"}],"curies":[{"name":"wp","href":"https:\/\/api.w.org\/{rel}","templated":true}]}}