{"id":27146,"date":"2020-11-20T09:58:38","date_gmt":"2020-11-20T12:58:38","guid":{"rendered":"https:\/\/www.rivera.gub.uy\/portal\/?p=27146"},"modified":"2020-11-23T10:03:06","modified_gmt":"2020-11-23T13:03:06","slug":"freddy-fernandez-campana-de-sensibilizacion-hacia-la-no-violencia-contra-la-mujer","status":"publish","type":"post","link":"https:\/\/www.rivera.gub.uy\/portal\/freddy-fernandez-campana-de-sensibilizacion-hacia-la-no-violencia-contra-la-mujer\/","title":{"rendered":"Freddy Fern\u00e1ndez: Campa\u00f1a de sensibilizaci\u00f3n hacia la no violencia contra la mujer"},"content":{"rendered":"<p>Cada 25 de Noviembre hablamos sobre la violencia contra mujeres y ni\u00f1as, considerada una de las violaciones de los derechos humanos m\u00e1s extendidas, persistentes y devastadoras a lo largo de la historia, pero que tristemente a\u00fan se mantienen en nuestros d\u00edas.<\/p>\n<div id=\"meta\" class=\"style-scope ytd-watch-flexy\">\n<div id=\"meta-contents\" class=\"style-scope ytd-watch-flexy\">\n<div id=\"container\" class=\"style-scope ytd-video-secondary-info-renderer\">\n<div id=\"content\" class=\"style-scope ytd-expander\">\n<div id=\"description\" class=\"style-scope ytd-video-secondary-info-renderer\">25 de noviembre, D\u00eda de la Eliminaci\u00f3n de la Violencia contra la Mujer<\/div>\n<\/div>\n<\/div>\n<\/div>\n<\/div>\n<p><!--more--><\/p>\n<p>&nbsp;<\/p>\n<p><iframe loading=\"lazy\" title=\"Freddy Fern\u00e1ndez : Campa\u00f1a de sensibilizaci\u00f3n hacia la no violencia contra la mujer\" width=\"1160\" height=\"653\" src=\"https:\/\/www.youtube.com\/embed\/3wiYnN----s?feature=oembed\" frameborder=\"0\" allow=\"accelerometer; autoplay; clipboard-write; encrypted-media; gyroscope; picture-in-picture\" allowfullscreen><\/iframe><\/p>\n","protected":false},"excerpt":{"rendered":"<p>Cada 25 de Noviembre hablamos sobre la violencia contra mujeres y ni\u00f1as, considerada una de las violaciones de los derechos humanos m\u00e1s extendidas, persistentes y devastadoras a lo largo de la historia, pero que tristemente a\u00fan se mantienen en nuestros d\u00edas. 25 de noviembre, D\u00eda de la Eliminaci\u00f3n de la Violencia contra la Mujer<\/p>\n","protected":false},"author":7,"featured_media":27056,"comment_status":"open","ping_status":"open","sticky":false,"template":"","format":"standard","meta":{"footnotes":""},"categories":[3,1],"tags":[48,1193,36,428,33,904],"class_list":["post-27146","post","type-post","status-publish","format-standard","has-post-thumbnail","hentry","category-multimedia","category-novedades","tag-dia","tag-freddy-fernandez","tag-intendencia","tag-mujer","tag-rivera","tag-violencia"],"_links":{"self":[{"href":"https:\/\/www.rivera.gub.uy\/portal\/wp-json\/wp\/v2\/posts\/27146","targetHints":{"allow":["GET"]}}],"collection":[{"href":"https:\/\/www.rivera.gub.uy\/portal\/wp-json\/wp\/v2\/posts"}],"about":[{"href":"https:\/\/www.rivera.gub.uy\/portal\/wp-json\/wp\/v2\/types\/post"}],"author":[{"embeddable":true,"href":"https:\/\/www.rivera.gub.uy\/portal\/wp-json\/wp\/v2\/users\/7"}],"replies":[{"embeddable":true,"href":"https:\/\/www.rivera.gub.uy\/portal\/wp-json\/wp\/v2\/comments?post=27146"}],"version-history":[{"count":3,"href":"https:\/\/www.rivera.gub.uy\/portal\/wp-json\/wp\/v2\/posts\/27146\/revisions"}],"predecessor-version":[{"id":27165,"href":"https:\/\/www.rivera.gub.uy\/portal\/wp-json\/wp\/v2\/posts\/27146\/revisions\/27165"}],"wp:featuredmedia":[{"embeddable":true,"href":"https:\/\/www.rivera.gub.uy\/portal\/wp-json\/wp\/v2\/media\/27056"}],"wp:attachment":[{"href":"https:\/\/www.rivera.gub.uy\/portal\/wp-json\/wp\/v2\/media?parent=27146"}],"wp:term":[{"taxonomy":"category","embeddable":true,"href":"https:\/\/www.rivera.gub.uy\/portal\/wp-json\/wp\/v2\/categories?post=27146"},{"taxonomy":"post_tag","embeddable":true,"href":"https:\/\/www.rivera.gub.uy\/portal\/wp-json\/wp\/v2\/tags?post=27146"}],"curies":[{"name":"wp","href":"https:\/\/api.w.org\/{rel}","templated":true}]}}