{"id":27155,"date":"2020-11-21T10:03:15","date_gmt":"2020-11-21T13:03:15","guid":{"rendered":"https:\/\/www.rivera.gub.uy\/portal\/?p=27155"},"modified":"2020-11-23T10:03:52","modified_gmt":"2020-11-23T13:03:52","slug":"alexis-reyes-campana-de-sensibilizacion-hacia-la-no-violencia-contra-la-mujer","status":"publish","type":"post","link":"https:\/\/www.rivera.gub.uy\/portal\/alexis-reyes-campana-de-sensibilizacion-hacia-la-no-violencia-contra-la-mujer\/","title":{"rendered":"Alexis Reyes: Campa\u00f1a de sensibilizaci\u00f3n hacia la no violencia contra la mujer"},"content":{"rendered":"<p>Tomar conciencia de la violencia hacia mujeres y ni\u00f1os es un debe que tenemos como sociedad .<\/p>\n<p>25 de Noviembre, D\u00eda de la Eliminaci\u00f3n de la Violencia contra la Mujer.<\/p>\n<p><!--more--><\/p>\n<p>&nbsp;<\/p>\n<p><iframe loading=\"lazy\" title=\"Alexis Reyes: Campa\u00f1a de sensibilizaci\u00f3n hacia la no violencia contra la mujer\" width=\"1160\" height=\"653\" src=\"https:\/\/www.youtube.com\/embed\/ePdQKunaqFE?feature=oembed\" frameborder=\"0\" allow=\"accelerometer; autoplay; clipboard-write; encrypted-media; gyroscope; picture-in-picture\" allowfullscreen><\/iframe><\/p>\n","protected":false},"excerpt":{"rendered":"<p>Tomar conciencia de la violencia hacia mujeres y ni\u00f1os es un debe que tenemos como sociedad . 25 de Noviembre, D\u00eda de la Eliminaci\u00f3n de la Violencia contra la Mujer.<\/p>\n","protected":false},"author":7,"featured_media":27056,"comment_status":"open","ping_status":"open","sticky":false,"template":"","format":"standard","meta":{"footnotes":""},"categories":[3,1],"tags":[1198,36,33,104],"class_list":["post-27155","post","type-post","status-publish","format-standard","has-post-thumbnail","hentry","category-multimedia","category-novedades","tag-alexis-reyes","tag-intendencia","tag-rivera","tag-uruguay"],"_links":{"self":[{"href":"https:\/\/www.rivera.gub.uy\/portal\/wp-json\/wp\/v2\/posts\/27155","targetHints":{"allow":["GET"]}}],"collection":[{"href":"https:\/\/www.rivera.gub.uy\/portal\/wp-json\/wp\/v2\/posts"}],"about":[{"href":"https:\/\/www.rivera.gub.uy\/portal\/wp-json\/wp\/v2\/types\/post"}],"author":[{"embeddable":true,"href":"https:\/\/www.rivera.gub.uy\/portal\/wp-json\/wp\/v2\/users\/7"}],"replies":[{"embeddable":true,"href":"https:\/\/www.rivera.gub.uy\/portal\/wp-json\/wp\/v2\/comments?post=27155"}],"version-history":[{"count":2,"href":"https:\/\/www.rivera.gub.uy\/portal\/wp-json\/wp\/v2\/posts\/27155\/revisions"}],"predecessor-version":[{"id":27166,"href":"https:\/\/www.rivera.gub.uy\/portal\/wp-json\/wp\/v2\/posts\/27155\/revisions\/27166"}],"wp:featuredmedia":[{"embeddable":true,"href":"https:\/\/www.rivera.gub.uy\/portal\/wp-json\/wp\/v2\/media\/27056"}],"wp:attachment":[{"href":"https:\/\/www.rivera.gub.uy\/portal\/wp-json\/wp\/v2\/media?parent=27155"}],"wp:term":[{"taxonomy":"category","embeddable":true,"href":"https:\/\/www.rivera.gub.uy\/portal\/wp-json\/wp\/v2\/categories?post=27155"},{"taxonomy":"post_tag","embeddable":true,"href":"https:\/\/www.rivera.gub.uy\/portal\/wp-json\/wp\/v2\/tags?post=27155"}],"curies":[{"name":"wp","href":"https:\/\/api.w.org\/{rel}","templated":true}]}}