{"id":27836,"date":"2020-12-31T11:42:43","date_gmt":"2020-12-31T14:42:43","guid":{"rendered":"https:\/\/www.rivera.gub.uy\/portal\/?p=27836"},"modified":"2020-12-31T11:57:23","modified_gmt":"2020-12-31T14:57:23","slug":"mensaje-de-fin-de-ano-2020-del-intendente-cr-richard-sander-darin","status":"publish","type":"post","link":"https:\/\/www.rivera.gub.uy\/portal\/mensaje-de-fin-de-ano-2020-del-intendente-cr-richard-sander-darin\/","title":{"rendered":"Mensaje de fin de a\u00f1o 2020 del Intendente Cr. Richard Sander Dar\u00edn"},"content":{"rendered":"<p>Queridos vecinos estamos terminando un a\u00f1o que quedar\u00e1 grabado en nuestra memoria y por ello quiero agradecer a todos quienes realizan un gran esfuerzo para seguir avanzando, unidos y solidarios como sociedad. <!--more--><br \/>\n2020 fue un a\u00f1o de mucho trabajo porque definimos las l\u00edneas de acci\u00f3n para el pr\u00f3ximo quinquenio, con proyectos que potenciar\u00e1n el desarrollo del departamento, con especial \u00e9nfasis en la equidad.<\/p>\n<p>No tenemos dudas que 2021 constituir\u00e1 un a\u00f1o clave para la puesta en marcha de iniciativas que aportar\u00e1n posibilidades con mejoras en las condiciones de vida de nuestros vecinos. La prioridad ser\u00e1 el acceso a un techo digno, nuevas fuentes de trabajo, un polo educativo referencia nacional para estudios universitarios, una zona franca y un parque tecnol\u00f3gico atractivo a la inversi\u00f3n privada.<\/p>\n<p>Hoy debemos celebrar en la intimidad del hogar, siguiendo estrictamente las recomendaciones sanitarias, pero con la esperanza intacta y la certeza que las dificultades nos hacen fuertes. Que la tecnolog\u00eda nos aproxime y no dejemos de vivir el verdadero sentido de estas fiestas tradicionales.<\/p>\n<p>Deseo a todos una Navidad en paz y un 2021 colmado de esperanza&#8230;<\/p>\n<p>&nbsp;<\/p>\n<p style=\"text-align: left;\"><strong>Richard Sander Dar\u00edn<\/strong><br \/>\nIntendente de Rivera<\/p>\n<p>&nbsp;<\/p>\n<p><iframe loading=\"lazy\" title=\"Saludo de fin de a\u00f1o del Intendente Cr. Richard Sander Dar\u00edn\" width=\"1160\" height=\"653\" src=\"https:\/\/www.youtube.com\/embed\/bEcL42fYqfY?feature=oembed\" frameborder=\"0\" allow=\"accelerometer; autoplay; clipboard-write; encrypted-media; gyroscope; picture-in-picture\" allowfullscreen><\/iframe><\/p>\n","protected":false},"excerpt":{"rendered":"<p>Queridos vecinos estamos terminando un a\u00f1o que quedar\u00e1 grabado en nuestra memoria y por ello quiero agradecer a todos quienes realizan un gran esfuerzo para seguir avanzando, unidos y solidarios como sociedad.<\/p>\n","protected":false},"author":7,"featured_media":27806,"comment_status":"open","ping_status":"open","sticky":false,"template":"","format":"standard","meta":{"footnotes":""},"categories":[3,1],"tags":[],"class_list":["post-27836","post","type-post","status-publish","format-standard","has-post-thumbnail","hentry","category-multimedia","category-novedades"],"_links":{"self":[{"href":"https:\/\/www.rivera.gub.uy\/portal\/wp-json\/wp\/v2\/posts\/27836","targetHints":{"allow":["GET"]}}],"collection":[{"href":"https:\/\/www.rivera.gub.uy\/portal\/wp-json\/wp\/v2\/posts"}],"about":[{"href":"https:\/\/www.rivera.gub.uy\/portal\/wp-json\/wp\/v2\/types\/post"}],"author":[{"embeddable":true,"href":"https:\/\/www.rivera.gub.uy\/portal\/wp-json\/wp\/v2\/users\/7"}],"replies":[{"embeddable":true,"href":"https:\/\/www.rivera.gub.uy\/portal\/wp-json\/wp\/v2\/comments?post=27836"}],"version-history":[{"count":2,"href":"https:\/\/www.rivera.gub.uy\/portal\/wp-json\/wp\/v2\/posts\/27836\/revisions"}],"predecessor-version":[{"id":27838,"href":"https:\/\/www.rivera.gub.uy\/portal\/wp-json\/wp\/v2\/posts\/27836\/revisions\/27838"}],"wp:featuredmedia":[{"embeddable":true,"href":"https:\/\/www.rivera.gub.uy\/portal\/wp-json\/wp\/v2\/media\/27806"}],"wp:attachment":[{"href":"https:\/\/www.rivera.gub.uy\/portal\/wp-json\/wp\/v2\/media?parent=27836"}],"wp:term":[{"taxonomy":"category","embeddable":true,"href":"https:\/\/www.rivera.gub.uy\/portal\/wp-json\/wp\/v2\/categories?post=27836"},{"taxonomy":"post_tag","embeddable":true,"href":"https:\/\/www.rivera.gub.uy\/portal\/wp-json\/wp\/v2\/tags?post=27836"}],"curies":[{"name":"wp","href":"https:\/\/api.w.org\/{rel}","templated":true}]}}