{"id":27915,"date":"2020-12-30T14:01:45","date_gmt":"2020-12-30T17:01:45","guid":{"rendered":"https:\/\/www.rivera.gub.uy\/portal\/?p=27915"},"modified":"2021-05-31T14:39:20","modified_gmt":"2021-05-31T17:39:20","slug":"plan-de-desarrollo-y-ordenamiento-territorial-para-la-villa-de-minas-de-corrales","status":"publish","type":"post","link":"https:\/\/www.rivera.gub.uy\/portal\/plan-de-desarrollo-y-ordenamiento-territorial-para-la-villa-de-minas-de-corrales\/","title":{"rendered":"Plan de Desarrollo y Ordenamiento Territorial para la Villa de Minas de Corrales"},"content":{"rendered":"<p>El Plan de Desarrollo y Ordenamiento Territorial para la Villa de Minas de Corrales y su \u00e1rea de influencia constituye un instrumento sustantivo de la pol\u00edtica municipal y departamental.<\/p>\n<p>El mismo es elaborado por el Ejecutivo Departamental en estrecha coordinaci\u00f3n con el Municipio. Su aprobaci\u00f3n corresponde al Gobierno Departamental.<!--more--><\/p>\n<p>El \u00e1rea comprende unos 1700 Km2, en torno a la villa de Minas de Corrales, centro urbano hist\u00f3ricamente vinculado a la actividad minera y a los servicios a la poblaci\u00f3n y a la producci\u00f3n agropecuaria.<\/p>\n<p>El \u00e1mbito tiene poco m\u00e1s de cuatro mil habitantes estimados a 2018, b\u00e1sicamente concentrados en la villa.<\/p>\n<p>La producci\u00f3n forestal, ganadera, agr\u00edcola y minera constituyen los rubros predominantes en el \u00e1mbito rural. La miner\u00eda de oro, los Cerros Chatos, los valles entre el r\u00edo Tacuaremb\u00f3 y los arroyos Cu\u00f1apir\u00fa, Buena Orden y Zapucay y la Villa posada sobre un promontorio conforman la singularidad del \u00e1mbito en los contextos Departamental y Nacional. Las rutas 5, 29, 28 y 27 garantizan la conectividad de la Villa con el resto del pa\u00eds.<\/p>\n<p>&nbsp;<\/p>\n<p>Plan (<a href=\"https:\/\/drive.google.com\/file\/d\/1xIoJ9AkE1uH7FcPTIUjH-XJOTkerATQd\/view?usp=sharing\" target=\"_blank\" rel=\"noopener noreferrer\">descargar v. 14.10.2020)<\/a><\/p>\n<p>IAE (<a href=\"https:\/\/drive.google.com\/file\/d\/1gVZ6L6wiQYWbYx6dLO_E-sZPIXnYa0FI\/view?usp=sharing\">descargar v.14.10.2020<\/a>)<\/p>\n<p><a href=\"https:\/\/www.rivera.gub.uy\/portal\/plan-de-desarrollo-y-ordenamiento-territorial-de-minas-de-corrales\/\" target=\"_blank\" rel=\"noopener noreferrer\">Versi\u00f3n anterior<\/a><\/p>\n","protected":false},"excerpt":{"rendered":"<p>El Plan de Desarrollo y Ordenamiento Territorial para la Villa de Minas de Corrales y su \u00e1rea de influencia constituye un instrumento sustantivo de la pol\u00edtica municipal y departamental. El mismo es elaborado por el Ejecutivo Departamental en estrecha coordinaci\u00f3n con el Municipio. Su aprobaci\u00f3n corresponde al Gobierno Departamental.<\/p>\n","protected":false},"author":7,"featured_media":12908,"comment_status":"open","ping_status":"open","sticky":false,"template":"","format":"standard","meta":{"footnotes":""},"categories":[1257,17,1,28,13],"tags":[],"class_list":["post-27915","post","type-post","status-publish","format-standard","has-post-thumbnail","hentry","category-i-o-t-aprobados-plan-de-ordenamiento-territorial","category-normativa","category-novedades","category-ordenanzas","category-proyectos-estrategicos"],"_links":{"self":[{"href":"https:\/\/www.rivera.gub.uy\/portal\/wp-json\/wp\/v2\/posts\/27915","targetHints":{"allow":["GET"]}}],"collection":[{"href":"https:\/\/www.rivera.gub.uy\/portal\/wp-json\/wp\/v2\/posts"}],"about":[{"href":"https:\/\/www.rivera.gub.uy\/portal\/wp-json\/wp\/v2\/types\/post"}],"author":[{"embeddable":true,"href":"https:\/\/www.rivera.gub.uy\/portal\/wp-json\/wp\/v2\/users\/7"}],"replies":[{"embeddable":true,"href":"https:\/\/www.rivera.gub.uy\/portal\/wp-json\/wp\/v2\/comments?post=27915"}],"version-history":[{"count":3,"href":"https:\/\/www.rivera.gub.uy\/portal\/wp-json\/wp\/v2\/posts\/27915\/revisions"}],"predecessor-version":[{"id":28011,"href":"https:\/\/www.rivera.gub.uy\/portal\/wp-json\/wp\/v2\/posts\/27915\/revisions\/28011"}],"wp:featuredmedia":[{"embeddable":true,"href":"https:\/\/www.rivera.gub.uy\/portal\/wp-json\/wp\/v2\/media\/12908"}],"wp:attachment":[{"href":"https:\/\/www.rivera.gub.uy\/portal\/wp-json\/wp\/v2\/media?parent=27915"}],"wp:term":[{"taxonomy":"category","embeddable":true,"href":"https:\/\/www.rivera.gub.uy\/portal\/wp-json\/wp\/v2\/categories?post=27915"},{"taxonomy":"post_tag","embeddable":true,"href":"https:\/\/www.rivera.gub.uy\/portal\/wp-json\/wp\/v2\/tags?post=27915"}],"curies":[{"name":"wp","href":"https:\/\/api.w.org\/{rel}","templated":true}]}}