{"id":28039,"date":"2021-01-07T14:23:29","date_gmt":"2021-01-07T17:23:29","guid":{"rendered":"https:\/\/www.rivera.gub.uy\/portal\/?p=28039"},"modified":"2021-01-07T15:23:05","modified_gmt":"2021-01-07T18:23:05","slug":"103-anos-de-vichadero","status":"publish","type":"post","link":"https:\/\/www.rivera.gub.uy\/portal\/103-anos-de-vichadero\/","title":{"rendered":"103 a\u00f1os de Vichadero"},"content":{"rendered":"<p>El intendente departamental de Rivera, Cr. Richard Sander, saluda al municipio de Vichadero por sus 103.\u00ba aniversario del inicio de proceso fundacional.<!--more--><\/p>\n<p>Llegue a todos los vichaderenses nuestro m\u00e1s c\u00e1lido saludo, con la certeza de continuar apostando al crecimiento de tan importante n\u00facleo poblacional para nuestro departamento.<\/p>\n<p><a href=\"https:\/\/www.rivera.gub.uy\/portal\/wp-content\/uploads\/2021\/01\/Banner-Aniversario-Vichadero.png\"><img loading=\"lazy\" decoding=\"async\" class=\"aligncenter wp-image-28040 size-large\" src=\"https:\/\/www.rivera.gub.uy\/portal\/wp-content\/uploads\/2021\/01\/Banner-Aniversario-Vichadero-626x626.png\" alt=\"\" width=\"626\" height=\"626\" srcset=\"https:\/\/www.rivera.gub.uy\/portal\/wp-content\/uploads\/2021\/01\/Banner-Aniversario-Vichadero-626x626.png 626w, https:\/\/www.rivera.gub.uy\/portal\/wp-content\/uploads\/2021\/01\/Banner-Aniversario-Vichadero-94x94.png 94w, https:\/\/www.rivera.gub.uy\/portal\/wp-content\/uploads\/2021\/01\/Banner-Aniversario-Vichadero-188x188.png 188w, https:\/\/www.rivera.gub.uy\/portal\/wp-content\/uploads\/2021\/01\/Banner-Aniversario-Vichadero-768x768.png 768w, https:\/\/www.rivera.gub.uy\/portal\/wp-content\/uploads\/2021\/01\/Banner-Aniversario-Vichadero-820x820.png 820w, https:\/\/www.rivera.gub.uy\/portal\/wp-content\/uploads\/2021\/01\/Banner-Aniversario-Vichadero.png 1200w\" sizes=\"auto, (max-width: 626px) 100vw, 626px\" \/><\/a><\/p>\n","protected":false},"excerpt":{"rendered":"<p>El intendente departamental de Rivera, Cr. Richard Sander, saluda al municipio de Vichadero por sus 103.\u00ba aniversario del inicio de proceso fundacional.<\/p>\n","protected":false},"author":7,"featured_media":28041,"comment_status":"open","ping_status":"open","sticky":false,"template":"","format":"standard","meta":{"footnotes":""},"categories":[1],"tags":[36,33,118],"class_list":["post-28039","post","type-post","status-publish","format-standard","has-post-thumbnail","hentry","category-novedades","tag-intendencia","tag-rivera","tag-vichadero"],"_links":{"self":[{"href":"https:\/\/www.rivera.gub.uy\/portal\/wp-json\/wp\/v2\/posts\/28039","targetHints":{"allow":["GET"]}}],"collection":[{"href":"https:\/\/www.rivera.gub.uy\/portal\/wp-json\/wp\/v2\/posts"}],"about":[{"href":"https:\/\/www.rivera.gub.uy\/portal\/wp-json\/wp\/v2\/types\/post"}],"author":[{"embeddable":true,"href":"https:\/\/www.rivera.gub.uy\/portal\/wp-json\/wp\/v2\/users\/7"}],"replies":[{"embeddable":true,"href":"https:\/\/www.rivera.gub.uy\/portal\/wp-json\/wp\/v2\/comments?post=28039"}],"version-history":[{"count":3,"href":"https:\/\/www.rivera.gub.uy\/portal\/wp-json\/wp\/v2\/posts\/28039\/revisions"}],"predecessor-version":[{"id":28044,"href":"https:\/\/www.rivera.gub.uy\/portal\/wp-json\/wp\/v2\/posts\/28039\/revisions\/28044"}],"wp:featuredmedia":[{"embeddable":true,"href":"https:\/\/www.rivera.gub.uy\/portal\/wp-json\/wp\/v2\/media\/28041"}],"wp:attachment":[{"href":"https:\/\/www.rivera.gub.uy\/portal\/wp-json\/wp\/v2\/media?parent=28039"}],"wp:term":[{"taxonomy":"category","embeddable":true,"href":"https:\/\/www.rivera.gub.uy\/portal\/wp-json\/wp\/v2\/categories?post=28039"},{"taxonomy":"post_tag","embeddable":true,"href":"https:\/\/www.rivera.gub.uy\/portal\/wp-json\/wp\/v2\/tags?post=28039"}],"curies":[{"name":"wp","href":"https:\/\/api.w.org\/{rel}","templated":true}]}}