{"id":28139,"date":"2021-01-11T22:06:53","date_gmt":"2021-01-12T01:06:53","guid":{"rendered":"https:\/\/www.rivera.gub.uy\/portal\/?p=28139"},"modified":"2021-01-13T11:46:25","modified_gmt":"2021-01-13T14:46:25","slug":"nueva-reunion-del-cecoed","status":"publish","type":"post","link":"https:\/\/www.rivera.gub.uy\/portal\/nueva-reunion-del-cecoed\/","title":{"rendered":"Nueva reuni\u00f3n del CECOED"},"content":{"rendered":"<p>En horas de la tarde de hoy lunes 11 de enero, se realiz\u00f3 una nueva reuni\u00f3n del CECOED ampliado con la participaci\u00f3n de los diputados por Rivera, el senador Tabar\u00e9 Viera, directivos de las mutualistas de salud, el Gral. Mart\u00ednez de la Div. Ej\u00e9rcito III y autoridades de Santana do Livramento.<!--more--><br \/>\nSeg\u00fan lo informara el intendente departamental, Cr. Richard Sander, los principales temas tratados fueron<\/p>\n<ul>\n<li>mantenimiento de las medidas sanitarias para el departamento hasta el 25 de enero, fecha en la que se tomar\u00e1n medidas de acuerdo al desarrollo de la situaci\u00f3n.<\/li>\n<li>nota que se enviar\u00e1 al gobierno nacional solicitando:\n<ul>\n<li>aumento del testeo diario realizado en Rivera<\/li>\n<li>que se coloque a nuestro departamento en el Plan de Vacunas como prioridad, luego de que se aplique la misma al grupo considerado de riesgo<\/li>\n<\/ul>\n<\/li>\n<\/ul>\n<p>&nbsp;<\/p>\n\r\n\t<div class=\"msacwl-slider-wrap msacwl-row-clearfix \" data-conf=\"{&quot;autoplay&quot;:&quot;true&quot;,&quot;autoplay_speed&quot;:3000,&quot;speed&quot;:300,&quot;arrows&quot;:&quot;true&quot;,&quot;dots&quot;:&quot;true&quot;,&quot;lazyload&quot;:&quot;&quot;}\">\r\n\t\t<div id=\"msacwl-slider-1\" class=\"msacwl-slider msacwl-common-slider msacwl-slider-popup\">\r\n\t\t\t\t\t\t<div class=\"msacwl-slide\" data-item-index=\"1\" >\r\n\t\t\t\t<a class=\"msacwl-img-link\" href=\"javascript:void(0);\" data-mfp-src=\"https:\/\/www.rivera.gub.uy\/portal\/wp-content\/uploads\/2021\/01\/MOR_0982.jpg\">\r\n\t\t\t\t\t<img decoding=\"async\" class=\"msacwl-img\" src=\"https:\/\/www.rivera.gub.uy\/portal\/wp-content\/uploads\/2021\/01\/MOR_0982.jpg\"  data-title=\"\" alt=\"\" \/>\r\n\t\t\t\t<\/a>\r\n\t\t\t\t\t\t\t\t\t<div class=\"msacwl-gallery-caption\">\r\n\t\t\t\t\t\t\t\t\t\t\t\t\t<span class=\"image_title\"><\/span>\r\n\t\t\t\t\t\t\t\t\t\t\t\t\t<span><\/span>\r\n\t\t\t\t\t\t \t\t\t\t\t<\/div>\r\n\t\t\t\t\t\t\t<\/div>\r\n\t\t\t\t\t\t<div class=\"msacwl-slide\" data-item-index=\"2\" >\r\n\t\t\t\t<a class=\"msacwl-img-link\" href=\"javascript:void(0);\" data-mfp-src=\"https:\/\/www.rivera.gub.uy\/portal\/wp-content\/uploads\/2021\/01\/MOR_0990.jpg\">\r\n\t\t\t\t\t<img decoding=\"async\" class=\"msacwl-img\" src=\"https:\/\/www.rivera.gub.uy\/portal\/wp-content\/uploads\/2021\/01\/MOR_0990.jpg\"  data-title=\"\" alt=\"\" \/>\r\n\t\t\t\t<\/a>\r\n\t\t\t\t\t\t\t\t\t<div class=\"msacwl-gallery-caption\">\r\n\t\t\t\t\t\t\t\t\t\t\t\t\t<span class=\"image_title\"><\/span>\r\n\t\t\t\t\t\t\t\t\t\t\t\t\t<span><\/span>\r\n\t\t\t\t\t\t \t\t\t\t\t<\/div>\r\n\t\t\t\t\t\t\t<\/div>\r\n\t\t\t\t\t\t<div class=\"msacwl-slide\" data-item-index=\"3\" >\r\n\t\t\t\t<a class=\"msacwl-img-link\" href=\"javascript:void(0);\" data-mfp-src=\"https:\/\/www.rivera.gub.uy\/portal\/wp-content\/uploads\/2021\/01\/MOR_1006.jpg\">\r\n\t\t\t\t\t<img decoding=\"async\" class=\"msacwl-img\" src=\"https:\/\/www.rivera.gub.uy\/portal\/wp-content\/uploads\/2021\/01\/MOR_1006.jpg\"  data-title=\"\" alt=\"\" \/>\r\n\t\t\t\t<\/a>\r\n\t\t\t\t\t\t\t\t\t<div class=\"msacwl-gallery-caption\">\r\n\t\t\t\t\t\t\t\t\t\t\t\t\t<span class=\"image_title\"><\/span>\r\n\t\t\t\t\t\t\t\t\t\t\t\t\t<span><\/span>\r\n\t\t\t\t\t\t \t\t\t\t\t<\/div>\r\n\t\t\t\t\t\t\t<\/div>\r\n\t\t\t\t\t<\/div>\r\n\t<\/div>\r\n\r\n\t\n<p style=\"padding-left: 40px;\">\n","protected":false},"excerpt":{"rendered":"<p>En horas de la tarde de hoy lunes 11 de enero, se realiz\u00f3 una nueva reuni\u00f3n del CECOED ampliado con la participaci\u00f3n de los diputados por Rivera, el senador Tabar\u00e9 Viera, directivos de las mutualistas de salud, el Gral. Mart\u00ednez de la Div. Ej\u00e9rcito III y autoridades de Santana do Livramento.<\/p>\n","protected":false},"author":7,"featured_media":28142,"comment_status":"open","ping_status":"open","sticky":false,"template":"","format":"standard","meta":{"footnotes":""},"categories":[1122,1],"tags":[507,1081,33],"class_list":["post-28139","post","type-post","status-publish","format-standard","has-post-thumbnail","hentry","category-coronavirus","category-novedades","tag-cecoed","tag-covid-19","tag-rivera"],"_links":{"self":[{"href":"https:\/\/www.rivera.gub.uy\/portal\/wp-json\/wp\/v2\/posts\/28139","targetHints":{"allow":["GET"]}}],"collection":[{"href":"https:\/\/www.rivera.gub.uy\/portal\/wp-json\/wp\/v2\/posts"}],"about":[{"href":"https:\/\/www.rivera.gub.uy\/portal\/wp-json\/wp\/v2\/types\/post"}],"author":[{"embeddable":true,"href":"https:\/\/www.rivera.gub.uy\/portal\/wp-json\/wp\/v2\/users\/7"}],"replies":[{"embeddable":true,"href":"https:\/\/www.rivera.gub.uy\/portal\/wp-json\/wp\/v2\/comments?post=28139"}],"version-history":[{"count":2,"href":"https:\/\/www.rivera.gub.uy\/portal\/wp-json\/wp\/v2\/posts\/28139\/revisions"}],"predecessor-version":[{"id":28169,"href":"https:\/\/www.rivera.gub.uy\/portal\/wp-json\/wp\/v2\/posts\/28139\/revisions\/28169"}],"wp:featuredmedia":[{"embeddable":true,"href":"https:\/\/www.rivera.gub.uy\/portal\/wp-json\/wp\/v2\/media\/28142"}],"wp:attachment":[{"href":"https:\/\/www.rivera.gub.uy\/portal\/wp-json\/wp\/v2\/media?parent=28139"}],"wp:term":[{"taxonomy":"category","embeddable":true,"href":"https:\/\/www.rivera.gub.uy\/portal\/wp-json\/wp\/v2\/categories?post=28139"},{"taxonomy":"post_tag","embeddable":true,"href":"https:\/\/www.rivera.gub.uy\/portal\/wp-json\/wp\/v2\/tags?post=28139"}],"curies":[{"name":"wp","href":"https:\/\/api.w.org\/{rel}","templated":true}]}}