{"id":28152,"date":"2021-01-12T11:34:21","date_gmt":"2021-01-12T14:34:21","guid":{"rendered":"https:\/\/www.rivera.gub.uy\/portal\/?p=28152"},"modified":"2021-01-12T11:34:21","modified_gmt":"2021-01-12T14:34:21","slug":"llamado-para-la-contratacion-de-coordinador","status":"publish","type":"post","link":"https:\/\/www.rivera.gub.uy\/portal\/llamado-para-la-contratacion-de-coordinador\/","title":{"rendered":"Llamado para la contrataci\u00f3n de Coordinador"},"content":{"rendered":"<p>Intendencia de Rivera<\/p>\n<p>Direcci\u00f3n General de Desarrollo y Medio Ambiente<\/p>\n<p>Llamado para la contrataci\u00f3n de coordinador de Tacuaremb\u00f3, del Proyecto: \u201cFortalecimiento de la industria de la madera de la Regi\u00f3n Norte, con \u00e9nfasis en la competitividad de las MIPYMES\u201d.<!--more--><\/p>\n<p>Recepci\u00f3n de cartas de postulaci\u00f3n y curriculums: desde el 12 de enero de 2021 hasta el d\u00eda 22 de enero, hora 14, por el e-mail <a href=\"mailto:curriculumvitae.idr@gmail.com\">curriculumvitae.idr@gmail.com<\/a> y <a href=\"mailto:des.maderero@gmail.com\">des.maderero@gmail.com<\/a>.<br \/>\nLos e-mails que lleguen pasada la hora 14 .00 no ser\u00e1n tenidos en cuenta.<\/p>\n<p>Bases disponibles en portal de la IDR \u00f3 en p\u00e1gina de compras estatales o en Direcci\u00f3n General de Desarrollo y Medio ambiente.<\/p>\n<p>&nbsp;<\/p>\n<p>Bases (<a href=\"https:\/\/www.rivera.gub.uy\/portal\/wp-content\/uploads\/2021\/01\/TDR-coordinador-12_01-2.pdf\" target=\"_blank\" rel=\"noopener noreferrer\">descargar<\/a>)<\/p>\n","protected":false},"excerpt":{"rendered":"<p>Intendencia de Rivera Direcci\u00f3n General de Desarrollo y Medio Ambiente Llamado para la contrataci\u00f3n de coordinador de Tacuaremb\u00f3, del Proyecto: \u201cFortalecimiento de la industria de la madera de la Regi\u00f3n Norte, con \u00e9nfasis en la competitividad de las MIPYMES\u201d.<\/p>\n","protected":false},"author":7,"featured_media":27899,"comment_status":"open","ping_status":"open","sticky":false,"template":"","format":"standard","meta":{"footnotes":""},"categories":[8,1],"tags":[1204,36,241,33,1205],"class_list":["post-28152","post","type-post","status-publish","format-standard","has-post-thumbnail","hentry","category-llamados-a-concursos","category-novedades","tag-coordinador","tag-intendencia","tag-llamado","tag-rivera","tag-tacuarembo"],"_links":{"self":[{"href":"https:\/\/www.rivera.gub.uy\/portal\/wp-json\/wp\/v2\/posts\/28152","targetHints":{"allow":["GET"]}}],"collection":[{"href":"https:\/\/www.rivera.gub.uy\/portal\/wp-json\/wp\/v2\/posts"}],"about":[{"href":"https:\/\/www.rivera.gub.uy\/portal\/wp-json\/wp\/v2\/types\/post"}],"author":[{"embeddable":true,"href":"https:\/\/www.rivera.gub.uy\/portal\/wp-json\/wp\/v2\/users\/7"}],"replies":[{"embeddable":true,"href":"https:\/\/www.rivera.gub.uy\/portal\/wp-json\/wp\/v2\/comments?post=28152"}],"version-history":[{"count":1,"href":"https:\/\/www.rivera.gub.uy\/portal\/wp-json\/wp\/v2\/posts\/28152\/revisions"}],"predecessor-version":[{"id":28154,"href":"https:\/\/www.rivera.gub.uy\/portal\/wp-json\/wp\/v2\/posts\/28152\/revisions\/28154"}],"wp:featuredmedia":[{"embeddable":true,"href":"https:\/\/www.rivera.gub.uy\/portal\/wp-json\/wp\/v2\/media\/27899"}],"wp:attachment":[{"href":"https:\/\/www.rivera.gub.uy\/portal\/wp-json\/wp\/v2\/media?parent=28152"}],"wp:term":[{"taxonomy":"category","embeddable":true,"href":"https:\/\/www.rivera.gub.uy\/portal\/wp-json\/wp\/v2\/categories?post=28152"},{"taxonomy":"post_tag","embeddable":true,"href":"https:\/\/www.rivera.gub.uy\/portal\/wp-json\/wp\/v2\/tags?post=28152"}],"curies":[{"name":"wp","href":"https:\/\/api.w.org\/{rel}","templated":true}]}}