{"id":28203,"date":"2021-01-15T12:40:32","date_gmt":"2021-01-15T15:40:32","guid":{"rendered":"https:\/\/www.rivera.gub.uy\/portal\/?p=28203"},"modified":"2021-01-15T12:45:33","modified_gmt":"2021-01-15T15:45:33","slug":"riverenses-son-prioridad","status":"publish","type":"post","link":"https:\/\/www.rivera.gub.uy\/portal\/riverenses-son-prioridad\/","title":{"rendered":"Riverenses son prioridad"},"content":{"rendered":"<p>A instancias de la solicitud efectuada\u00a0\u00a0por el intendente departamental, Cr. Richard Sander,\u00a0\u00a0a los efectos de que se priorizara a Rivera en el plan de vacunaci\u00f3n nacional para COVID-19, lo que ya tiene el visto bueno del Presidente, El Pa\u00eds destaca que\u00a0\u201cEsta petici\u00f3n cay\u00f3 muy bien en el ambiente cient\u00edfico, que coincide con la Intendencia de Rivera en que vacunar a esta poblaci\u00f3n puede ser muy \u00fatil a los efectos de detener la propagaci\u00f3n del virus en el norte e incluso evitar que ingresen al pa\u00eds nuevas cepas del virus.\u201d<!--more--><\/p>\n<p>&nbsp;<\/p>\n<p>Fuente: <a href=\"https:\/\/www.elpais.com.uy\/informacion\/salud\/dosis-accesibles-vacuna-covid-sugerencia-cientificos-lacalle-pou.html\" target=\"_blank\" rel=\"noopener noreferrer\">www.elpais.com.uy<\/a><\/p>\n","protected":false},"excerpt":{"rendered":"<p>A instancias de la solicitud efectuada\u00a0\u00a0por el intendente departamental, Cr. Richard Sander,\u00a0\u00a0a los efectos de que se priorizara a Rivera en el plan de vacunaci\u00f3n nacional para COVID-19, lo que ya tiene el visto bueno del Presidente, El Pa\u00eds destaca que\u00a0\u201cEsta petici\u00f3n cay\u00f3 muy bien en el ambiente cient\u00edfico, que coincide con la Intendencia de [&hellip;]<\/p>\n","protected":false},"author":7,"featured_media":28210,"comment_status":"open","ping_status":"open","sticky":false,"template":"","format":"standard","meta":{"footnotes":""},"categories":[1122,1],"tags":[1082,1118,1207,36,33],"class_list":["post-28203","post","type-post","status-publish","format-standard","has-post-thumbnail","hentry","category-coronavirus","category-novedades","tag-coronavirus","tag-covid","tag-dosis","tag-intendencia","tag-rivera"],"_links":{"self":[{"href":"https:\/\/www.rivera.gub.uy\/portal\/wp-json\/wp\/v2\/posts\/28203","targetHints":{"allow":["GET"]}}],"collection":[{"href":"https:\/\/www.rivera.gub.uy\/portal\/wp-json\/wp\/v2\/posts"}],"about":[{"href":"https:\/\/www.rivera.gub.uy\/portal\/wp-json\/wp\/v2\/types\/post"}],"author":[{"embeddable":true,"href":"https:\/\/www.rivera.gub.uy\/portal\/wp-json\/wp\/v2\/users\/7"}],"replies":[{"embeddable":true,"href":"https:\/\/www.rivera.gub.uy\/portal\/wp-json\/wp\/v2\/comments?post=28203"}],"version-history":[{"count":1,"href":"https:\/\/www.rivera.gub.uy\/portal\/wp-json\/wp\/v2\/posts\/28203\/revisions"}],"predecessor-version":[{"id":28204,"href":"https:\/\/www.rivera.gub.uy\/portal\/wp-json\/wp\/v2\/posts\/28203\/revisions\/28204"}],"wp:featuredmedia":[{"embeddable":true,"href":"https:\/\/www.rivera.gub.uy\/portal\/wp-json\/wp\/v2\/media\/28210"}],"wp:attachment":[{"href":"https:\/\/www.rivera.gub.uy\/portal\/wp-json\/wp\/v2\/media?parent=28203"}],"wp:term":[{"taxonomy":"category","embeddable":true,"href":"https:\/\/www.rivera.gub.uy\/portal\/wp-json\/wp\/v2\/categories?post=28203"},{"taxonomy":"post_tag","embeddable":true,"href":"https:\/\/www.rivera.gub.uy\/portal\/wp-json\/wp\/v2\/tags?post=28203"}],"curies":[{"name":"wp","href":"https:\/\/api.w.org\/{rel}","templated":true}]}}