{"id":28574,"date":"2021-02-12T13:24:30","date_gmt":"2021-02-12T16:24:30","guid":{"rendered":"https:\/\/www.rivera.gub.uy\/portal\/?p=28574"},"modified":"2021-02-12T13:24:30","modified_gmt":"2021-02-12T16:24:30","slug":"reunion-del-intendente-richard-sander-con-autoridades-nacionales","status":"publish","type":"post","link":"https:\/\/www.rivera.gub.uy\/portal\/reunion-del-intendente-richard-sander-con-autoridades-nacionales\/","title":{"rendered":"Reuni\u00f3n del intendente Richard Sander con autoridades nacionales"},"content":{"rendered":"<p>En los \u00faltimos d\u00edas el intendente departamental, Cr. Richard Sander Dar\u00edn, ha cumplido una intensa agenda en la capital del pa\u00eds, a trav\u00e9s de reuniones con distintas autoridades nacionales.<\/p>\n<p>Cabe destacar que las actividades giran en torno a diversos temas que buscan satisfacer las necesidades del departamento puntualmente, as\u00ed como otros a nivel nacional.<\/p>\n<p><!--more--><br \/>\nA saber:<\/p>\n<ul>\n<li>Congreso de Intendentes &#8211; en el \u00e1mbito de las comisiones, Sectorial de Descentralizaci\u00f3n y de Seguimiento del SUCIVE, por tema patentes.<\/li>\n<li>Dr. Pablo Abdala, presidente de INAU, sobre nuevos Caif<\/li>\n<li>Con el directorio de AFE, en el que se dialog\u00f3 sobre la terminal de Tranqueras y terrenos para viviendas<\/li>\n<li>Prof. Pablo Bartol, ministro de Desarrollo Social, con quien trat\u00f3 aspectos de trabajo y nuevos proyectos sociales<\/li>\n<li>Dra. Carolina Ache Batlle, viceministra de Relaciones Exteriores, en el marco de una reuni\u00f3n de coordinaci\u00f3n interinstitucional, en la que se abordaron aspectos vinculados con la situaci\u00f3n de los solicitantes de refugio en frontera, resultando en los siguientes acuerdos:\n<ul>\n<li>Mantener el \u00e1mbito de coordinaci\u00f3n y volver a reunirse en 20 d\u00edas, sumando a las otras Intendencias de frontera y al Ministerio de Econom\u00eda y Finanzas.<\/li>\n<li>Elaborar un plan presupuestado, de m\u00e1s largo plazo, para que el MSP presente al MEF.<\/li>\n<li>Difundir m\u00e1s ampliamente el Protocolo entre los actores de frontera y que cada Comit\u00e9 Departamental complete el espacio previsto para sus medidas espec\u00edficas en el marco del citado protocolo.<\/li>\n<\/ul>\n<\/li>\n<\/ul>\n<p>En los pr\u00f3ximos d\u00edas se estar\u00e1n concretando otra serie de encuentros, que buscan traer recursos y soluciones a los temas que preocupan a la presente Administraci\u00f3n, enmarcadas en las pol\u00edticas sociales, sanitarias y econ\u00f3micas que se llevan adelante.<\/p>\n<p>&nbsp;<\/p>\n\r\n\t<div class=\"msacwl-slider-wrap msacwl-row-clearfix \" data-conf=\"{&quot;autoplay&quot;:&quot;true&quot;,&quot;autoplay_speed&quot;:3000,&quot;speed&quot;:300,&quot;arrows&quot;:&quot;true&quot;,&quot;dots&quot;:&quot;true&quot;,&quot;lazyload&quot;:&quot;&quot;}\">\r\n\t\t<div id=\"msacwl-slider-1\" class=\"msacwl-slider msacwl-common-slider msacwl-slider-popup\">\r\n\t\t\t\t\t\t<div class=\"msacwl-slide\" data-item-index=\"1\" >\r\n\t\t\t\t<a class=\"msacwl-img-link\" href=\"javascript:void(0);\" data-mfp-src=\"https:\/\/www.rivera.gub.uy\/portal\/wp-content\/uploads\/2021\/02\/richard-1.jpg\">\r\n\t\t\t\t\t<img decoding=\"async\" class=\"msacwl-img\" src=\"https:\/\/www.rivera.gub.uy\/portal\/wp-content\/uploads\/2021\/02\/richard-1.jpg\"  data-title=\"\" alt=\"\" \/>\r\n\t\t\t\t<\/a>\r\n\t\t\t\t\t\t\t\t\t<div class=\"msacwl-gallery-caption\">\r\n\t\t\t\t\t\t\t\t\t\t\t\t\t<span class=\"image_title\"><\/span>\r\n\t\t\t\t\t\t\t\t\t\t\t\t\t<span><\/span>\r\n\t\t\t\t\t\t \t\t\t\t\t<\/div>\r\n\t\t\t\t\t\t\t<\/div>\r\n\t\t\t\t\t\t<div class=\"msacwl-slide\" data-item-index=\"2\" >\r\n\t\t\t\t<a class=\"msacwl-img-link\" href=\"javascript:void(0);\" data-mfp-src=\"https:\/\/www.rivera.gub.uy\/portal\/wp-content\/uploads\/2021\/02\/richard-3.jpg\">\r\n\t\t\t\t\t<img decoding=\"async\" class=\"msacwl-img\" src=\"https:\/\/www.rivera.gub.uy\/portal\/wp-content\/uploads\/2021\/02\/richard-3.jpg\"  data-title=\"\" alt=\"\" \/>\r\n\t\t\t\t<\/a>\r\n\t\t\t\t\t\t\t\t\t<div class=\"msacwl-gallery-caption\">\r\n\t\t\t\t\t\t\t\t\t\t\t\t\t<span class=\"image_title\"><\/span>\r\n\t\t\t\t\t\t\t\t\t\t\t\t\t<span><\/span>\r\n\t\t\t\t\t\t \t\t\t\t\t<\/div>\r\n\t\t\t\t\t\t\t<\/div>\r\n\t\t\t\t\t\t<div class=\"msacwl-slide\" data-item-index=\"3\" >\r\n\t\t\t\t<a class=\"msacwl-img-link\" href=\"javascript:void(0);\" data-mfp-src=\"https:\/\/www.rivera.gub.uy\/portal\/wp-content\/uploads\/2021\/02\/richard-2.jpg\">\r\n\t\t\t\t\t<img decoding=\"async\" class=\"msacwl-img\" src=\"https:\/\/www.rivera.gub.uy\/portal\/wp-content\/uploads\/2021\/02\/richard-2.jpg\"  data-title=\"\" alt=\"\" \/>\r\n\t\t\t\t<\/a>\r\n\t\t\t\t\t\t\t\t\t<div class=\"msacwl-gallery-caption\">\r\n\t\t\t\t\t\t\t\t\t\t\t\t\t<span class=\"image_title\"><\/span>\r\n\t\t\t\t\t\t\t\t\t\t\t\t\t<span><\/span>\r\n\t\t\t\t\t\t \t\t\t\t\t<\/div>\r\n\t\t\t\t\t\t\t<\/div>\r\n\t\t\t\t\t<\/div>\r\n\t<\/div>\r\n\r\n\t\n<p>&nbsp;<\/p>\n","protected":false},"excerpt":{"rendered":"<p>En los \u00faltimos d\u00edas el intendente departamental, Cr. Richard Sander Dar\u00edn, ha cumplido una intensa agenda en la capital del pa\u00eds, a trav\u00e9s de reuniones con distintas autoridades nacionales. Cabe destacar que las actividades giran en torno a diversos temas que buscan satisfacer las necesidades del departamento puntualmente, as\u00ed como otros a nivel nacional.<\/p>\n","protected":false},"author":7,"featured_media":28575,"comment_status":"open","ping_status":"open","sticky":false,"template":"","format":"standard","meta":{"footnotes":""},"categories":[1],"tags":[1220,45,343],"class_list":["post-28574","post","type-post","status-publish","format-standard","has-post-thumbnail","hentry","category-novedades","tag-agenda","tag-intendente","tag-richard-sander"],"_links":{"self":[{"href":"https:\/\/www.rivera.gub.uy\/portal\/wp-json\/wp\/v2\/posts\/28574","targetHints":{"allow":["GET"]}}],"collection":[{"href":"https:\/\/www.rivera.gub.uy\/portal\/wp-json\/wp\/v2\/posts"}],"about":[{"href":"https:\/\/www.rivera.gub.uy\/portal\/wp-json\/wp\/v2\/types\/post"}],"author":[{"embeddable":true,"href":"https:\/\/www.rivera.gub.uy\/portal\/wp-json\/wp\/v2\/users\/7"}],"replies":[{"embeddable":true,"href":"https:\/\/www.rivera.gub.uy\/portal\/wp-json\/wp\/v2\/comments?post=28574"}],"version-history":[{"count":1,"href":"https:\/\/www.rivera.gub.uy\/portal\/wp-json\/wp\/v2\/posts\/28574\/revisions"}],"predecessor-version":[{"id":28578,"href":"https:\/\/www.rivera.gub.uy\/portal\/wp-json\/wp\/v2\/posts\/28574\/revisions\/28578"}],"wp:featuredmedia":[{"embeddable":true,"href":"https:\/\/www.rivera.gub.uy\/portal\/wp-json\/wp\/v2\/media\/28575"}],"wp:attachment":[{"href":"https:\/\/www.rivera.gub.uy\/portal\/wp-json\/wp\/v2\/media?parent=28574"}],"wp:term":[{"taxonomy":"category","embeddable":true,"href":"https:\/\/www.rivera.gub.uy\/portal\/wp-json\/wp\/v2\/categories?post=28574"},{"taxonomy":"post_tag","embeddable":true,"href":"https:\/\/www.rivera.gub.uy\/portal\/wp-json\/wp\/v2\/tags?post=28574"}],"curies":[{"name":"wp","href":"https:\/\/api.w.org\/{rel}","templated":true}]}}