{"id":28590,"date":"2021-02-12T11:01:32","date_gmt":"2021-02-12T14:01:32","guid":{"rendered":"https:\/\/www.rivera.gub.uy\/portal\/?p=28590"},"modified":"2021-02-12T23:04:49","modified_gmt":"2021-02-13T02:04:49","slug":"rivera-de-memoria-tacuruses-tributan-al-poeta-agustin-ramon-bisio","status":"publish","type":"post","link":"https:\/\/www.rivera.gub.uy\/portal\/rivera-de-memoria-tacuruses-tributan-al-poeta-agustin-ramon-bisio\/","title":{"rendered":"Rivera de Memoria: Tacuruses tributan al poeta Agust\u00edn Ram\u00f3n Bisio"},"content":{"rendered":"<p>Dando continuidad al Proyecto Rivera de Memoria, hoy compartimos este breve tributo al poeta riverense Agust\u00edn Ram\u00f3n Bisio donde Tacuruses, d\u00fao riverense integrado por los hermanos Yamand\u00fa y Tabar\u00e9 da Cruz, interpreta una de sus obras.<!--more--><\/p>\n<p>En este trabajo los artistas narran la experiencia de musicalizar canciones del poeta nacido en Paso de Castro, con una percepci\u00f3n muy especial del hombre que tuvo influencia en muchos \u00e1mbitos de la sociedad riverense de la \u00e9poca, en las primeras d\u00e9cadas del Siglo XX.<\/p>\n<p><iframe loading=\"lazy\" title=\"Rivera de Memoria: Tacuruses tributan al poeta Agust\u00edn Ram\u00f3n Bisio\" width=\"1160\" height=\"653\" src=\"https:\/\/www.youtube.com\/embed\/dcEStqNjmdU?feature=oembed\" frameborder=\"0\" allow=\"accelerometer; autoplay; clipboard-write; encrypted-media; gyroscope; picture-in-picture\" allowfullscreen><\/iframe><\/p>\n<p>&nbsp;<\/p>\n<p>Tacuruses son artistas riverenses del g\u00e9nero folcl\u00f3rico que se caracterizan por transmitir y expresar el sentir musical y po\u00e9tico de la frontera. En su obra discogr\u00e1fica encontramos letras y versos de importantes referentes de la literatura de la regi\u00f3n, musicalizaron junto a Yoni de Mello, cantautor riverense, varias poes\u00edas de Agust\u00edn Ram\u00f3n Bisio.<\/p>\n<p>En el video se escucha Sombrero de Tiririca publicada en \u201cBrindis Agreste\u201d en 1947.<\/p>\n<audio class=\"wp-audio-shortcode\" id=\"audio-28590-1\" preload=\"none\" style=\"width: 100%;\" controls=\"controls\"><source type=\"audio\/mpeg\" src=\"https:\/\/mx.ivoox.com\/es\/sombrero-tiririca_md_65374286_wp_1.mp3?_=1\" \/><a href=\"https:\/\/mx.ivoox.com\/es\/sombrero-tiririca_md_65374286_wp_1.mp3\">https:\/\/mx.ivoox.com\/es\/sombrero-tiririca_md_65374286_wp_1.mp3<\/a><\/audio>\n<p><a title=\"Sombrero de Tiririca \" href=\"https:\/\/go.ivoox.com\/rf\/65374286\">Ir a descargar<\/a><\/p>\n<p><strong>SOMBRERO DE TIRIRICA (Frangmento)<\/strong><\/p>\n<p>Sombrero de tiririca<br \/>\ndel colono riograndense,<br \/>\nque te nacionalizaste<br \/>\nchacarero riverense:<br \/>\ncuando nuevo, muy armado,<br \/>\nde alas altas,<br \/>\nde copa igual a un cup\u00ed;<br \/>\ncuando viejo, desgarbado,<br \/>\nde alas gachas,<br \/>\ncomo el cerro Batov\u00ed.<\/p>\n<p>Te tra\u00edan los \u201cbirivas\u201d,<br \/>\nen carreta o en carguero,<br \/>\njunto al \u201csambur\u00e1\u201d de chala,<br \/>\ny junto al \u201ctercio\u201d de cuero;<br \/>\nsombrero de tiririca,<br \/>\ny hasta de caraguat\u00e1,<br \/>\nprimo hermano de las \u201cyueras\u201d<br \/>\ntejidas con \u201cyiriv\u00e1\u201d.<\/p>\n<p>Hoy te estamos trayendo,<br \/>\nm\u00e1s moderno,<br \/>\ntodav\u00eda de Brasil;<br \/>\n\u00a1ya no vienes en carreta,<br \/>\nni en carguero:<br \/>\nviajas en ferrocarril!\u2026<\/p>\n","protected":false},"excerpt":{"rendered":"<p>Dando continuidad al Proyecto Rivera de Memoria, hoy compartimos este breve tributo al poeta riverense Agust\u00edn Ram\u00f3n Bisio donde Tacuruses, d\u00fao riverense integrado por los hermanos Yamand\u00fa y Tabar\u00e9 da Cruz, interpreta una de sus obras.<\/p>\n","protected":false},"author":7,"featured_media":28495,"comment_status":"open","ping_status":"open","sticky":false,"template":"","format":"standard","meta":{"footnotes":""},"categories":[3,1],"tags":[1214,36,33,1222,1221],"class_list":["post-28590","post","type-post","status-publish","format-standard","has-post-thumbnail","hentry","category-multimedia","category-novedades","tag-agustin-bisio","tag-intendencia","tag-rivera","tag-tacuruses","tag-tiririca"],"_links":{"self":[{"href":"https:\/\/www.rivera.gub.uy\/portal\/wp-json\/wp\/v2\/posts\/28590","targetHints":{"allow":["GET"]}}],"collection":[{"href":"https:\/\/www.rivera.gub.uy\/portal\/wp-json\/wp\/v2\/posts"}],"about":[{"href":"https:\/\/www.rivera.gub.uy\/portal\/wp-json\/wp\/v2\/types\/post"}],"author":[{"embeddable":true,"href":"https:\/\/www.rivera.gub.uy\/portal\/wp-json\/wp\/v2\/users\/7"}],"replies":[{"embeddable":true,"href":"https:\/\/www.rivera.gub.uy\/portal\/wp-json\/wp\/v2\/comments?post=28590"}],"version-history":[{"count":2,"href":"https:\/\/www.rivera.gub.uy\/portal\/wp-json\/wp\/v2\/posts\/28590\/revisions"}],"predecessor-version":[{"id":28592,"href":"https:\/\/www.rivera.gub.uy\/portal\/wp-json\/wp\/v2\/posts\/28590\/revisions\/28592"}],"wp:featuredmedia":[{"embeddable":true,"href":"https:\/\/www.rivera.gub.uy\/portal\/wp-json\/wp\/v2\/media\/28495"}],"wp:attachment":[{"href":"https:\/\/www.rivera.gub.uy\/portal\/wp-json\/wp\/v2\/media?parent=28590"}],"wp:term":[{"taxonomy":"category","embeddable":true,"href":"https:\/\/www.rivera.gub.uy\/portal\/wp-json\/wp\/v2\/categories?post=28590"},{"taxonomy":"post_tag","embeddable":true,"href":"https:\/\/www.rivera.gub.uy\/portal\/wp-json\/wp\/v2\/tags?post=28590"}],"curies":[{"name":"wp","href":"https:\/\/api.w.org\/{rel}","templated":true}]}}