{"id":28597,"date":"2021-02-15T08:51:47","date_gmt":"2021-02-15T11:51:47","guid":{"rendered":"https:\/\/www.rivera.gub.uy\/portal\/?p=28597"},"modified":"2021-02-17T08:58:22","modified_gmt":"2021-02-17T11:58:22","slug":"15-de-febrero-dia-del-lazo-dorado-por-los-ninos-y-adolescentes","status":"publish","type":"post","link":"https:\/\/www.rivera.gub.uy\/portal\/15-de-febrero-dia-del-lazo-dorado-por-los-ninos-y-adolescentes\/","title":{"rendered":"15 de febrero d\u00eda del \u201clazo dorado\u201d por los ni\u00f1os y adolescentes"},"content":{"rendered":"<p>En el marco del D\u00eda Internacional de la lucha contra el C\u00e1ncer Infantil, la Intendencia Departamental de Rivera renueva el compromiso asumido en 2019 con la Fundaci\u00f3n P\u00e9rez Scremini, con acciones de sensibilizaci\u00f3n, log\u00edstica y otras operaciones concretas, que buscan mejorar la calidad de vida y por ende, la recuperaci\u00f3n de los peque\u00f1os pacientes.<\/p>\n<p><!--more--><\/p>\n<p>Desde el viernes pasado, en la fachada del edificio comunal, enarbolan dos pendones dorados, a modo de invocar el lazo s\u00edmbolo de la lucha contra el c\u00e1ncer de ni\u00f1os y adolescentes.<\/p>\n<p>El c\u00e1ncer es una de las principales causas de muerte de ni\u00f1os y adolescentes a nivel global y cada a\u00f1o, m\u00e1s de 400.000 ni\u00f1os son diagnosticados con c\u00e1ncer en todo el mundo.<\/p>\n<p>En el a\u00f1o 2020, fueron 32.065 nuevos casos de ni\u00f1os con edad comprendida entre 0 a 14 a\u00f1os, residentes en el continente americano.<\/p>\n<p>Solo en Am\u00e9rica Latina y el Caribe fueron 20.855 casos y de estos, 7.076 fallecieron.<\/p>\n<p>En Uruguay se diagnostican entre 140 y 150 casos nuevos por a\u00f1o en ni\u00f1os y adolescentes. Nuestra tasa de supervivencia a la enfermedad es del 80%, mientras que en pa\u00edses desarrollados es del 85% y se ubica por encima del resto de Latinoam\u00e9rica.<\/p>\n<p>Las categor\u00edas m\u00e1s comunes de c\u00e1nceres infantiles incluyen leucemias, c\u00e1nceres de cerebro, linfomas y tumores s\u00f3lidos.<\/p>\n<p>El c\u00e1ncer infantil generalmente no se puede prevenir ni detectar, y la mejora de los resultados requiere un diagn\u00f3stico temprano y preciso.<\/p>\n<p>Desde la Administraci\u00f3n Departamental, se continuar\u00e1 impulsando acciones que apunten a prevenci\u00f3n, tratamiento y recuperaci\u00f3n de nuestros \u201cpeque\u00f1os valientes\u201d.<\/p>\n<p>&nbsp;<\/p>\n<p><a href=\"https:\/\/www.rivera.gub.uy\/portal\/wp-content\/uploads\/2021\/02\/Dia-Cancer-Infantil-15feb-02.png\"><img loading=\"lazy\" decoding=\"async\" class=\"aligncenter wp-image-28599 size-large\" src=\"https:\/\/www.rivera.gub.uy\/portal\/wp-content\/uploads\/2021\/02\/Dia-Cancer-Infantil-15feb-02-626x626.png\" alt=\"\" width=\"626\" height=\"626\" srcset=\"https:\/\/www.rivera.gub.uy\/portal\/wp-content\/uploads\/2021\/02\/Dia-Cancer-Infantil-15feb-02-626x626.png 626w, https:\/\/www.rivera.gub.uy\/portal\/wp-content\/uploads\/2021\/02\/Dia-Cancer-Infantil-15feb-02-94x94.png 94w, https:\/\/www.rivera.gub.uy\/portal\/wp-content\/uploads\/2021\/02\/Dia-Cancer-Infantil-15feb-02-188x188.png 188w, https:\/\/www.rivera.gub.uy\/portal\/wp-content\/uploads\/2021\/02\/Dia-Cancer-Infantil-15feb-02-768x768.png 768w, https:\/\/www.rivera.gub.uy\/portal\/wp-content\/uploads\/2021\/02\/Dia-Cancer-Infantil-15feb-02-820x820.png 820w, https:\/\/www.rivera.gub.uy\/portal\/wp-content\/uploads\/2021\/02\/Dia-Cancer-Infantil-15feb-02.png 1000w\" sizes=\"auto, (max-width: 626px) 100vw, 626px\" \/><\/a><\/p>\n","protected":false},"excerpt":{"rendered":"<p>En el marco del D\u00eda Internacional de la lucha contra el C\u00e1ncer Infantil, la Intendencia Departamental de Rivera renueva el compromiso asumido en 2019 con la Fundaci\u00f3n P\u00e9rez Scremini, con acciones de sensibilizaci\u00f3n, log\u00edstica y otras operaciones concretas, que buscan mejorar la calidad de vida y por ende, la recuperaci\u00f3n de los peque\u00f1os pacientes.<\/p>\n","protected":false},"author":7,"featured_media":28598,"comment_status":"open","ping_status":"open","sticky":false,"template":"","format":"standard","meta":{"footnotes":""},"categories":[1],"tags":[415,36,993,33],"class_list":["post-28597","post","type-post","status-publish","format-standard","has-post-thumbnail","hentry","category-novedades","tag-cancer-infantil","tag-intendencia","tag-perez-scremini","tag-rivera"],"_links":{"self":[{"href":"https:\/\/www.rivera.gub.uy\/portal\/wp-json\/wp\/v2\/posts\/28597","targetHints":{"allow":["GET"]}}],"collection":[{"href":"https:\/\/www.rivera.gub.uy\/portal\/wp-json\/wp\/v2\/posts"}],"about":[{"href":"https:\/\/www.rivera.gub.uy\/portal\/wp-json\/wp\/v2\/types\/post"}],"author":[{"embeddable":true,"href":"https:\/\/www.rivera.gub.uy\/portal\/wp-json\/wp\/v2\/users\/7"}],"replies":[{"embeddable":true,"href":"https:\/\/www.rivera.gub.uy\/portal\/wp-json\/wp\/v2\/comments?post=28597"}],"version-history":[{"count":1,"href":"https:\/\/www.rivera.gub.uy\/portal\/wp-json\/wp\/v2\/posts\/28597\/revisions"}],"predecessor-version":[{"id":28600,"href":"https:\/\/www.rivera.gub.uy\/portal\/wp-json\/wp\/v2\/posts\/28597\/revisions\/28600"}],"wp:featuredmedia":[{"embeddable":true,"href":"https:\/\/www.rivera.gub.uy\/portal\/wp-json\/wp\/v2\/media\/28598"}],"wp:attachment":[{"href":"https:\/\/www.rivera.gub.uy\/portal\/wp-json\/wp\/v2\/media?parent=28597"}],"wp:term":[{"taxonomy":"category","embeddable":true,"href":"https:\/\/www.rivera.gub.uy\/portal\/wp-json\/wp\/v2\/categories?post=28597"},{"taxonomy":"post_tag","embeddable":true,"href":"https:\/\/www.rivera.gub.uy\/portal\/wp-json\/wp\/v2\/tags?post=28597"}],"curies":[{"name":"wp","href":"https:\/\/api.w.org\/{rel}","templated":true}]}}