{"id":28630,"date":"2021-02-19T08:35:22","date_gmt":"2021-02-19T11:35:22","guid":{"rendered":"https:\/\/www.rivera.gub.uy\/portal\/?p=28630"},"modified":"2021-02-19T08:40:01","modified_gmt":"2021-02-19T11:40:01","slug":"presentan-formalmente-el-proyecto-arena-rivera","status":"publish","type":"post","link":"https:\/\/www.rivera.gub.uy\/portal\/presentan-formalmente-el-proyecto-arena-rivera\/","title":{"rendered":"Presentan formalmente el proyecto ARENA RIVERA"},"content":{"rendered":"<p>En el d\u00eda de ayer, el intendente, Cr. Richard Sander Dar\u00edn, concurri\u00f3 a la Direcci\u00f3n General de Obras, donde se procedi\u00f3 a la presentaci\u00f3n formal del proyecto &#8220;Arena Rivera&#8221;.<!--more--><\/p>\n<p>Con la presencia del director General, Arq. Mart\u00edn Garc\u00eda, la presentaci\u00f3n fue realizada por el director de Deportes de la IDR, Lic. Horacio Hern\u00e1ndez, el que estuvo acompa\u00f1ando por el Arq. encargado del proyecto, Jorge P\u00e9rez Huelmo y el asesor en deportes, Enrique Bello.<\/p>\n<p>&nbsp;<\/p>\n<p><iframe loading=\"lazy\" title=\"Presentan formalmente el proyecto ARENA RIVERA\" width=\"1160\" height=\"653\" src=\"https:\/\/www.youtube.com\/embed\/Okgz9Xk5V3w?feature=oembed\" frameborder=\"0\" allow=\"accelerometer; autoplay; clipboard-write; encrypted-media; gyroscope; picture-in-picture\" allowfullscreen><\/iframe><\/p>\n<p>&nbsp;<\/p>\n<p>&nbsp;<\/p>\n<audio class=\"wp-audio-shortcode\" id=\"audio-28630-1\" preload=\"none\" style=\"width: 100%;\" controls=\"controls\"><source type=\"audio\/mpeg\" src=\"https:\/\/mx.ivoox.com\/es\/arena-rivera_md_65657415_wp_1.mp3?_=1\" \/><a href=\"https:\/\/mx.ivoox.com\/es\/arena-rivera_md_65657415_wp_1.mp3\">https:\/\/mx.ivoox.com\/es\/arena-rivera_md_65657415_wp_1.mp3<\/a><\/audio>\n<p><a title=\"Arena Rivera \" href=\"https:\/\/go.ivoox.com\/rf\/65657415\">Ir a descargar<\/a><\/p>\n<p>&nbsp;<\/p>\n","protected":false},"excerpt":{"rendered":"<p>En el d\u00eda de ayer, el intendente, Cr. Richard Sander Dar\u00edn, concurri\u00f3 a la Direcci\u00f3n General de Obras, donde se procedi\u00f3 a la presentaci\u00f3n formal del proyecto &#8220;Arena Rivera&#8221;.<\/p>\n","protected":false},"author":7,"featured_media":28631,"comment_status":"open","ping_status":"open","sticky":false,"template":"","format":"standard","meta":{"footnotes":""},"categories":[3,1],"tags":[1223,47,36,33],"class_list":["post-28630","post","type-post","status-publish","format-standard","has-post-thumbnail","hentry","category-multimedia","category-novedades","tag-arena-rivera","tag-deportes","tag-intendencia","tag-rivera"],"_links":{"self":[{"href":"https:\/\/www.rivera.gub.uy\/portal\/wp-json\/wp\/v2\/posts\/28630","targetHints":{"allow":["GET"]}}],"collection":[{"href":"https:\/\/www.rivera.gub.uy\/portal\/wp-json\/wp\/v2\/posts"}],"about":[{"href":"https:\/\/www.rivera.gub.uy\/portal\/wp-json\/wp\/v2\/types\/post"}],"author":[{"embeddable":true,"href":"https:\/\/www.rivera.gub.uy\/portal\/wp-json\/wp\/v2\/users\/7"}],"replies":[{"embeddable":true,"href":"https:\/\/www.rivera.gub.uy\/portal\/wp-json\/wp\/v2\/comments?post=28630"}],"version-history":[{"count":2,"href":"https:\/\/www.rivera.gub.uy\/portal\/wp-json\/wp\/v2\/posts\/28630\/revisions"}],"predecessor-version":[{"id":28633,"href":"https:\/\/www.rivera.gub.uy\/portal\/wp-json\/wp\/v2\/posts\/28630\/revisions\/28633"}],"wp:featuredmedia":[{"embeddable":true,"href":"https:\/\/www.rivera.gub.uy\/portal\/wp-json\/wp\/v2\/media\/28631"}],"wp:attachment":[{"href":"https:\/\/www.rivera.gub.uy\/portal\/wp-json\/wp\/v2\/media?parent=28630"}],"wp:term":[{"taxonomy":"category","embeddable":true,"href":"https:\/\/www.rivera.gub.uy\/portal\/wp-json\/wp\/v2\/categories?post=28630"},{"taxonomy":"post_tag","embeddable":true,"href":"https:\/\/www.rivera.gub.uy\/portal\/wp-json\/wp\/v2\/tags?post=28630"}],"curies":[{"name":"wp","href":"https:\/\/api.w.org\/{rel}","templated":true}]}}