{"id":28697,"date":"2021-02-23T21:54:55","date_gmt":"2021-02-24T00:54:55","guid":{"rendered":"https:\/\/www.rivera.gub.uy\/portal\/?p=28697"},"modified":"2021-02-23T21:56:50","modified_gmt":"2021-02-24T00:56:50","slug":"rivera-de-memoria-bisio-mas-alla-de-la-literatura","status":"publish","type":"post","link":"https:\/\/www.rivera.gub.uy\/portal\/rivera-de-memoria-bisio-mas-alla-de-la-literatura\/","title":{"rendered":"RIVERA DE MEMORIA: Bisio m\u00e1s all\u00e1 de la literatura"},"content":{"rendered":"<p>A pocos d\u00edas del cierre de este ciclo por el que hemos transitado durante todo este mes, descubriendo aspectos de la vida de Agust\u00edn Bisio, algunos inexplorados, otros in\u00e9ditos y hasta sorprendentes. En esta oportunidad consultamos al Prof. Raphael Ficher sobre la importancia de traer al presente la memoria y el legado del poeta fronterizo.<!--more--><\/p>\n<p>&nbsp;<\/p>\n<p><iframe loading=\"lazy\" title=\"Bisio m\u00e1s all\u00e1 de la literatura\" width=\"1160\" height=\"653\" src=\"https:\/\/www.youtube.com\/embed\/X4TvaKV4c2w?feature=oembed\" frameborder=\"0\" allow=\"accelerometer; autoplay; clipboard-write; encrypted-media; gyroscope; picture-in-picture\" allowfullscreen><\/iframe><\/p>\n<p>&nbsp;<\/p>\n<p>\u201cMientras deambulaba por los alrededores recorriendo sierras y hondonadas, en este medio agreste que era todo su mundo, silencioso casi siempre, humilde, curioso ante la interminable gama de sensaciones que como un abanico multicolor le iba ofreciendo la Naturaleza, cantando a media voz, creaba versos que solo \u00e9l entend\u00eda; le encantaba la creaci\u00f3n de frases donde la rima asomaba pintoresca y juguetona&#8230;\u201d (Hip\u00f3lito Zas Recarey; 1994)<\/p>\n<p>De alguna manera las generaciones de hoy tambi\u00e9n van tomando de lo agreste y transform\u00e1ndolo en rimas y versos.<\/p>\n<p>&nbsp;<\/p>\n<p><iframe loading=\"lazy\" title=\"Pepe Mc-Caminitos\" width=\"1160\" height=\"870\" src=\"https:\/\/www.youtube.com\/embed\/fctBFs2DHtM?feature=oembed\" frameborder=\"0\" allow=\"accelerometer; autoplay; clipboard-write; encrypted-media; gyroscope; picture-in-picture\" allowfullscreen><\/iframe><\/p>\n<p>&nbsp;<\/p>\n<p>Es en la apropiaci\u00f3n de las actuales generaciones que se alimenta la vida cultural de una comunidad fortaleciendo su identidad y memoria.<\/p>\n","protected":false},"excerpt":{"rendered":"<p>A pocos d\u00edas del cierre de este ciclo por el que hemos transitado durante todo este mes, descubriendo aspectos de la vida de Agust\u00edn Bisio, algunos inexplorados, otros in\u00e9ditos y hasta sorprendentes. En esta oportunidad consultamos al Prof. Raphael Ficher sobre la importancia de traer al presente la memoria y el legado del poeta fronterizo.<\/p>\n","protected":false},"author":7,"featured_media":28495,"comment_status":"open","ping_status":"open","sticky":false,"template":"","format":"standard","meta":{"footnotes":""},"categories":[3,1],"tags":[1214,36,1224],"class_list":["post-28697","post","type-post","status-publish","format-standard","has-post-thumbnail","hentry","category-multimedia","category-novedades","tag-agustin-bisio","tag-intendencia","tag-rivera-de-memoria"],"_links":{"self":[{"href":"https:\/\/www.rivera.gub.uy\/portal\/wp-json\/wp\/v2\/posts\/28697","targetHints":{"allow":["GET"]}}],"collection":[{"href":"https:\/\/www.rivera.gub.uy\/portal\/wp-json\/wp\/v2\/posts"}],"about":[{"href":"https:\/\/www.rivera.gub.uy\/portal\/wp-json\/wp\/v2\/types\/post"}],"author":[{"embeddable":true,"href":"https:\/\/www.rivera.gub.uy\/portal\/wp-json\/wp\/v2\/users\/7"}],"replies":[{"embeddable":true,"href":"https:\/\/www.rivera.gub.uy\/portal\/wp-json\/wp\/v2\/comments?post=28697"}],"version-history":[{"count":4,"href":"https:\/\/www.rivera.gub.uy\/portal\/wp-json\/wp\/v2\/posts\/28697\/revisions"}],"predecessor-version":[{"id":28703,"href":"https:\/\/www.rivera.gub.uy\/portal\/wp-json\/wp\/v2\/posts\/28697\/revisions\/28703"}],"wp:featuredmedia":[{"embeddable":true,"href":"https:\/\/www.rivera.gub.uy\/portal\/wp-json\/wp\/v2\/media\/28495"}],"wp:attachment":[{"href":"https:\/\/www.rivera.gub.uy\/portal\/wp-json\/wp\/v2\/media?parent=28697"}],"wp:term":[{"taxonomy":"category","embeddable":true,"href":"https:\/\/www.rivera.gub.uy\/portal\/wp-json\/wp\/v2\/categories?post=28697"},{"taxonomy":"post_tag","embeddable":true,"href":"https:\/\/www.rivera.gub.uy\/portal\/wp-json\/wp\/v2\/tags?post=28697"}],"curies":[{"name":"wp","href":"https:\/\/api.w.org\/{rel}","templated":true}]}}