{"id":28713,"date":"2021-02-25T12:13:45","date_gmt":"2021-02-25T15:13:45","guid":{"rendered":"https:\/\/www.rivera.gub.uy\/portal\/?p=28713"},"modified":"2021-02-25T12:57:05","modified_gmt":"2021-02-25T15:57:05","slug":"trabajamos-para-traer-mejoras-tecnologicas-al-departamento","status":"publish","type":"post","link":"https:\/\/www.rivera.gub.uy\/portal\/trabajamos-para-traer-mejoras-tecnologicas-al-departamento\/","title":{"rendered":"Trabajamos para traer mejoras tecnol\u00f3gicas al departamento"},"content":{"rendered":"<p>Una estrategia de gobierno digital sostenida es clave para la Intendencia Departamental de Rivera en su rol como responsable de llevar adelante la administraci\u00f3n como gobierno local del departamento de Rivera, enfrentando el gran desaf\u00edo de cumplir con esta funci\u00f3n optimizando sus recursos, gobernando con la poblaci\u00f3n a trav\u00e9s de un proceso democr\u00e1tico, participativo, con equidad y transparencia.<!--more--><\/p>\n<p>El martes 23 se llev\u00f3 a cabo una extensa jornada de trabajo relacionada con acciones que viene desarrollando la Intendencia de Rivera en coordinaci\u00f3n con AGESIC (Agencia de Gobierno Electr\u00f3nico y Sociedad de la Informaci\u00f3n y del Conocimiento), con el CNCI (Comit\u00e9 Nacional de Ciudades Inteligentes, Congreso de Intendentes) y con PNUD (Programa de las Naciones Unidas para el Desarrollo).<\/p>\n<p>Con la coordinaci\u00f3n de Juan Carlos Sand\u00edn, director de ATIAC (Acceso a TIC y Atenci\u00f3n Ciudadana, representante de la IDR en el CNCI y referente contraparte de AGESIC) y de la Arch. Sonia Diaz Pezaroglo, directora de la Unidad Sistema Gesti\u00f3n de Calidad (referente departamental y contraparte del CNCI), participaron \u00e1reas de la IDR y sus respectivos Directores Generales: Arq. Mart\u00edn Garc\u00eda, de obras, y QF Alejandro Bert\u00f3n, de Desarrollo y Medio Ambiente, finalizando con la activa participaci\u00f3n del intendente, Cr. Richard Sander, y del Secretario General, Arq. Jos\u00e9 Mazzoni.<\/p>\n<p>Ciudades Inteligentes: En el marco de la Consultor\u00eda que supervisa el PNUD, financiada a trav\u00e9s del Fondo Verde para el Clima (FVC), recibimos a la Ing. Cristina Zubillaga la cual es la responsable de llevar adelante dicha consultor\u00eda de apoyo al CNCI; comprende el desarrollo del modelo conceptual, sistema de indicadores, gu\u00eda metodol\u00f3gica, medici\u00f3n y l\u00ednea base para 19 ciudades del pa\u00eds; el resultado servir\u00e1 de insumo para la elaboraci\u00f3n del Plan Nacional de Ciudades y Territorios Inteligentes, de acuerdo con los objetivos planteados por el CNCI.<\/p>\n<p>Gobierno Digital: En el marco del acuerdo de cooperaci\u00f3n con AGESIC, recibimos a la Lic. Ver\u00f3nica Valassi (Coordinadora del Programa Cooperaci\u00f3n Interior, del \u00c1rea Planificaci\u00f3n Estrat\u00e9gica), la cual present\u00f3 los resultados del relevamiento llevado a cabo en la Intendencia, fij\u00e1ndose adem\u00e1s las bases para la co-creaci\u00f3n del plan estrat\u00e9gico de gobierno digital, siendo la primera intendencia a realizarlo en conjunto con AGESIC, destacando asimismo las iniciativas a nivel nacional donde la IDR cumple un rol fundamental.<\/p>\n<p>UTEC &#8211; Instituto Tecnol\u00f3gico Regional Norte: La ocasi\u00f3n fue propicia para continuar fortaleciendo los v\u00ednculos con UTEC, manteni\u00e9ndose conjuntamente con la representante de Agesic y con la Consultora PNUD una reuni\u00f3n con el Mg. Ing. Felipe Fajardo (Director del ITR Norte) y con el Mg. Leonel Furtado (Coordinador de la Carrera Binacional de An\u00e1lisis y Desarrollo de Sistemas).<\/p>\n<p>&nbsp;<\/p>\n\r\n\t<div class=\"msacwl-slider-wrap msacwl-row-clearfix \" data-conf=\"{&quot;autoplay&quot;:&quot;true&quot;,&quot;autoplay_speed&quot;:3000,&quot;speed&quot;:300,&quot;arrows&quot;:&quot;true&quot;,&quot;dots&quot;:&quot;true&quot;,&quot;lazyload&quot;:&quot;&quot;}\">\r\n\t\t<div id=\"msacwl-slider-1\" class=\"msacwl-slider msacwl-common-slider msacwl-slider-popup\">\r\n\t\t\t\t\t\t<div class=\"msacwl-slide\" data-item-index=\"1\" >\r\n\t\t\t\t<a class=\"msacwl-img-link\" href=\"javascript:void(0);\" data-mfp-src=\"https:\/\/www.rivera.gub.uy\/portal\/wp-content\/uploads\/2021\/02\/2-5.jpg\">\r\n\t\t\t\t\t<img decoding=\"async\" class=\"msacwl-img\" src=\"https:\/\/www.rivera.gub.uy\/portal\/wp-content\/uploads\/2021\/02\/2-5.jpg\"  data-title=\"\" alt=\"\" \/>\r\n\t\t\t\t<\/a>\r\n\t\t\t\t\t\t\t\t\t<div class=\"msacwl-gallery-caption\">\r\n\t\t\t\t\t\t\t\t\t\t\t\t\t<span class=\"image_title\"><\/span>\r\n\t\t\t\t\t\t\t\t\t\t\t\t\t<span><\/span>\r\n\t\t\t\t\t\t \t\t\t\t\t<\/div>\r\n\t\t\t\t\t\t\t<\/div>\r\n\t\t\t\t\t\t<div class=\"msacwl-slide\" data-item-index=\"2\" >\r\n\t\t\t\t<a class=\"msacwl-img-link\" href=\"javascript:void(0);\" data-mfp-src=\"https:\/\/www.rivera.gub.uy\/portal\/wp-content\/uploads\/2021\/02\/3-5.jpg\">\r\n\t\t\t\t\t<img decoding=\"async\" class=\"msacwl-img\" src=\"https:\/\/www.rivera.gub.uy\/portal\/wp-content\/uploads\/2021\/02\/3-5.jpg\"  data-title=\"\" alt=\"\" \/>\r\n\t\t\t\t<\/a>\r\n\t\t\t\t\t\t\t\t\t<div class=\"msacwl-gallery-caption\">\r\n\t\t\t\t\t\t\t\t\t\t\t\t\t<span class=\"image_title\"><\/span>\r\n\t\t\t\t\t\t\t\t\t\t\t\t\t<span><\/span>\r\n\t\t\t\t\t\t \t\t\t\t\t<\/div>\r\n\t\t\t\t\t\t\t<\/div>\r\n\t\t\t\t\t\t<div class=\"msacwl-slide\" data-item-index=\"3\" >\r\n\t\t\t\t<a class=\"msacwl-img-link\" href=\"javascript:void(0);\" data-mfp-src=\"https:\/\/www.rivera.gub.uy\/portal\/wp-content\/uploads\/2021\/02\/01-2.jpg\">\r\n\t\t\t\t\t<img decoding=\"async\" class=\"msacwl-img\" src=\"https:\/\/www.rivera.gub.uy\/portal\/wp-content\/uploads\/2021\/02\/01-2.jpg\"  data-title=\"IDR\" alt=\"\" \/>\r\n\t\t\t\t<\/a>\r\n\t\t\t\t\t\t\t\t\t<div class=\"msacwl-gallery-caption\">\r\n\t\t\t\t\t\t\t\t\t\t\t\t\t<span class=\"image_title\">IDR<\/span>\r\n\t\t\t\t\t\t\t\t\t\t\t\t\t<span>Imagen tomada por Registros Gr\u00e1ficos de la Intendencia Departamental de Rivera<\/span>\r\n\t\t\t\t\t\t \t\t\t\t\t<\/div>\r\n\t\t\t\t\t\t\t<\/div>\r\n\t\t\t\t\t<\/div>\r\n\t<\/div>\r\n\r\n\t\n","protected":false},"excerpt":{"rendered":"<p>Una estrategia de gobierno digital sostenida es clave para la Intendencia Departamental de Rivera en su rol como responsable de llevar adelante la administraci\u00f3n como gobierno local del departamento de Rivera, enfrentando el gran desaf\u00edo de cumplir con esta funci\u00f3n optimizando sus recursos, gobernando con la poblaci\u00f3n a trav\u00e9s de un proceso democr\u00e1tico, participativo, con [&hellip;]<\/p>\n","protected":false},"author":7,"featured_media":28719,"comment_status":"open","ping_status":"open","sticky":false,"template":"","format":"standard","meta":{"footnotes":""},"categories":[1],"tags":[162,36,33],"class_list":["post-28713","post","type-post","status-publish","format-standard","has-post-thumbnail","hentry","category-novedades","tag-agesic","tag-intendencia","tag-rivera"],"_links":{"self":[{"href":"https:\/\/www.rivera.gub.uy\/portal\/wp-json\/wp\/v2\/posts\/28713","targetHints":{"allow":["GET"]}}],"collection":[{"href":"https:\/\/www.rivera.gub.uy\/portal\/wp-json\/wp\/v2\/posts"}],"about":[{"href":"https:\/\/www.rivera.gub.uy\/portal\/wp-json\/wp\/v2\/types\/post"}],"author":[{"embeddable":true,"href":"https:\/\/www.rivera.gub.uy\/portal\/wp-json\/wp\/v2\/users\/7"}],"replies":[{"embeddable":true,"href":"https:\/\/www.rivera.gub.uy\/portal\/wp-json\/wp\/v2\/comments?post=28713"}],"version-history":[{"count":3,"href":"https:\/\/www.rivera.gub.uy\/portal\/wp-json\/wp\/v2\/posts\/28713\/revisions"}],"predecessor-version":[{"id":28724,"href":"https:\/\/www.rivera.gub.uy\/portal\/wp-json\/wp\/v2\/posts\/28713\/revisions\/28724"}],"wp:featuredmedia":[{"embeddable":true,"href":"https:\/\/www.rivera.gub.uy\/portal\/wp-json\/wp\/v2\/media\/28719"}],"wp:attachment":[{"href":"https:\/\/www.rivera.gub.uy\/portal\/wp-json\/wp\/v2\/media?parent=28713"}],"wp:term":[{"taxonomy":"category","embeddable":true,"href":"https:\/\/www.rivera.gub.uy\/portal\/wp-json\/wp\/v2\/categories?post=28713"},{"taxonomy":"post_tag","embeddable":true,"href":"https:\/\/www.rivera.gub.uy\/portal\/wp-json\/wp\/v2\/tags?post=28713"}],"curies":[{"name":"wp","href":"https:\/\/api.w.org\/{rel}","templated":true}]}}