{"id":28795,"date":"2021-03-01T17:23:35","date_gmt":"2021-03-01T20:23:35","guid":{"rendered":"https:\/\/www.rivera.gub.uy\/portal\/?p=28795"},"modified":"2021-03-01T17:23:35","modified_gmt":"2021-03-01T20:23:35","slug":"rivera-de-memoria-bisio-desde-la-mirada-narrativa-de-la-fotografia","status":"publish","type":"post","link":"https:\/\/www.rivera.gub.uy\/portal\/rivera-de-memoria-bisio-desde-la-mirada-narrativa-de-la-fotografia\/","title":{"rendered":"Rivera de Memoria: Bisio desde la mirada narrativa de la fotograf\u00eda"},"content":{"rendered":"<p>La fotograf\u00eda narrativa es una l\u00ednea dentro del arte de la fotograf\u00eda que tiene la particularidad de mostrarnos, dejarnos ver, objetos o hechos desde una mirada diferente. De esta manera la fotograf\u00eda narrativa nos presta sus ojos para ver lo que vemos, habitualmente en el medio de nuestras rutinas, algo nuevo de una manera sorprendente. A trav\u00e9s de la c\u00e1mara fotogr\u00e1fica, se nos presenta una nueva perspectiva, rompiendo con lo familiar y lo rutinario, de lo que hab\u00eda permanecido invisible ante nuestros ojos.<!--more--><\/p>\n<p>De esta manera la fot\u00f3grafa riverense Martha Huerta, tambi\u00e9n profesora de Filosof\u00eda, nos introduce en la obra escult\u00f3rica de Agust\u00edn Bisio, donde luego de un trabajo de investigaci\u00f3n sobre su vida, creando nuevos escenarios, jugando con colores, lo presenta de una forma novedosa.<\/p>\n<p>Agradecemos el aporte y colaboraci\u00f3n de Washington Bisio, sobrino nieto del poeta riverense y su hija F\u00e1tima por rememorar a tan ilustre figura de nuestras letras.<\/p>\n<p>&nbsp;<\/p>\n<p><img loading=\"lazy\" decoding=\"async\" class=\"size-medium wp-image-28796 alignleft\" src=\"https:\/\/www.rivera.gub.uy\/portal\/wp-content\/uploads\/2021\/03\/Marta-Huerta-141x188.jpg\" alt=\"\" width=\"141\" height=\"188\" srcset=\"https:\/\/www.rivera.gub.uy\/portal\/wp-content\/uploads\/2021\/03\/Marta-Huerta-141x188.jpg 141w, https:\/\/www.rivera.gub.uy\/portal\/wp-content\/uploads\/2021\/03\/Marta-Huerta-70x94.jpg 70w, https:\/\/www.rivera.gub.uy\/portal\/wp-content\/uploads\/2021\/03\/Marta-Huerta-768x1024.jpg 768w, https:\/\/www.rivera.gub.uy\/portal\/wp-content\/uploads\/2021\/03\/Marta-Huerta-469x626.jpg 469w, https:\/\/www.rivera.gub.uy\/portal\/wp-content\/uploads\/2021\/03\/Marta-Huerta-820x1094.jpg 820w\" sizes=\"auto, (max-width: 141px) 100vw, 141px\" \/> <em>Martha Elena Huerta Ferr\u00e1z , docente de Filosof\u00eda, realiza el curso de fotograf\u00eda promovido por la Asociaci\u00f3n Cultural \u201cGente de Arte\u201d en Santana do Livramento (Brasil) con el prof. Gustavo Als\u00f3. Participa en m\u00faltiples exposiciones nacionales e internacionales. En el a\u00f1o 2017 se integra al Foto Club de Rivera como miembro fundador, participando en todas las muestras promovidas por la instituci\u00f3n. En el a\u00f1o 2020 es seleccionada la imagen denominada \u201ctrabajo\u201d en la II Bienal Colonia. En el a\u00f1o 2017 obtiene el Primer Premio en el concurso fotogr\u00e1fico realizado por la Facultad de Qu\u00edmica del Uruguay \u201cDentro o fuera del laboratorio, la qu\u00edmica y la vida\u201d. En el 2018 es premiada en el concurso fotogr\u00e1fico promovido por UNICEF \u2013MIDES denominado \u201cMiradas que construyen infancia\u201d. Ha participado como jurado en concursos fotogr\u00e1ficos de la ciudad de Rivera, adem\u00e1s de m\u00faltiples proyectos asociados a la imagen fotogr\u00e1fica.\u00a0<\/em><\/p>\n<p>&nbsp;<\/p>\n<p><iframe loading=\"lazy\" title=\"Rivera de Memoria: Bisio desde la mirada narrativa de la fotograf\u00eda\" width=\"1160\" height=\"653\" src=\"https:\/\/www.youtube.com\/embed\/2pC-0X1wzY4?feature=oembed\" frameborder=\"0\" allow=\"accelerometer; autoplay; clipboard-write; encrypted-media; gyroscope; picture-in-picture\" allowfullscreen><\/iframe><\/p>\n<p><em>\u201cResponsabilidad, desaf\u00edo, orgullo, pero por sobre todo agradecimiento por su contribuci\u00f3n a la construcci\u00f3n de nuestra identidad. Este proyecto fotogr\u00e1fico es un intento por acerca la mirada, conectar con la obra de Agust\u00edn Ram\u00f3n Bisio, comprenderla y resignificarla. Conectar con el poeta, con el escultor, con el hombre que supo interpretar la cultura fronteriza dotando de sentido sus rincones y acrecentando v\u00eda a sus personajes, a los que llam\u00f3 \u2018estampas fronterizas\u2019, \u2018paisajes norte\u00f1os\u2019, \u2018los simples motivos\u2019. Martha Huerta.<\/em><\/p>\n<p>&nbsp;<\/p>\n<p><a href=\"https:\/\/www.rivera.gub.uy\/portal\/wp-content\/uploads\/2021\/03\/Martha-Huerta-CV.pdf\" target=\"_blank\" rel=\"noopener noreferrer\">CV de Martha Huerta.<\/a><\/p>\n<p>&nbsp;<\/p>\n","protected":false},"excerpt":{"rendered":"<p>La fotograf\u00eda narrativa es una l\u00ednea dentro del arte de la fotograf\u00eda que tiene la particularidad de mostrarnos, dejarnos ver, objetos o hechos desde una mirada diferente. De esta manera la fotograf\u00eda narrativa nos presta sus ojos para ver lo que vemos, habitualmente en el medio de nuestras rutinas, algo nuevo de una manera sorprendente. [&hellip;]<\/p>\n","protected":false},"author":7,"featured_media":28495,"comment_status":"open","ping_status":"open","sticky":false,"template":"","format":"standard","meta":{"footnotes":""},"categories":[1],"tags":[36,1228,1224],"class_list":["post-28795","post","type-post","status-publish","format-standard","has-post-thumbnail","hentry","category-novedades","tag-intendencia","tag-ramon-bisio","tag-rivera-de-memoria"],"_links":{"self":[{"href":"https:\/\/www.rivera.gub.uy\/portal\/wp-json\/wp\/v2\/posts\/28795","targetHints":{"allow":["GET"]}}],"collection":[{"href":"https:\/\/www.rivera.gub.uy\/portal\/wp-json\/wp\/v2\/posts"}],"about":[{"href":"https:\/\/www.rivera.gub.uy\/portal\/wp-json\/wp\/v2\/types\/post"}],"author":[{"embeddable":true,"href":"https:\/\/www.rivera.gub.uy\/portal\/wp-json\/wp\/v2\/users\/7"}],"replies":[{"embeddable":true,"href":"https:\/\/www.rivera.gub.uy\/portal\/wp-json\/wp\/v2\/comments?post=28795"}],"version-history":[{"count":1,"href":"https:\/\/www.rivera.gub.uy\/portal\/wp-json\/wp\/v2\/posts\/28795\/revisions"}],"predecessor-version":[{"id":28798,"href":"https:\/\/www.rivera.gub.uy\/portal\/wp-json\/wp\/v2\/posts\/28795\/revisions\/28798"}],"wp:featuredmedia":[{"embeddable":true,"href":"https:\/\/www.rivera.gub.uy\/portal\/wp-json\/wp\/v2\/media\/28495"}],"wp:attachment":[{"href":"https:\/\/www.rivera.gub.uy\/portal\/wp-json\/wp\/v2\/media?parent=28795"}],"wp:term":[{"taxonomy":"category","embeddable":true,"href":"https:\/\/www.rivera.gub.uy\/portal\/wp-json\/wp\/v2\/categories?post=28795"},{"taxonomy":"post_tag","embeddable":true,"href":"https:\/\/www.rivera.gub.uy\/portal\/wp-json\/wp\/v2\/tags?post=28795"}],"curies":[{"name":"wp","href":"https:\/\/api.w.org\/{rel}","templated":true}]}}