{"id":28938,"date":"2021-03-10T17:28:30","date_gmt":"2021-03-10T20:28:30","guid":{"rendered":"https:\/\/www.rivera.gub.uy\/portal\/?p=28938"},"modified":"2021-03-10T17:28:30","modified_gmt":"2021-03-10T20:28:30","slug":"campus-rivera","status":"publish","type":"post","link":"https:\/\/www.rivera.gub.uy\/portal\/campus-rivera\/","title":{"rendered":"Campus Rivera"},"content":{"rendered":"<p>La Intendencia Departamental de Rivera, estar\u00e1 transmitiendo el pr\u00f3ximo viernes 12 de marzo desde la hora 17:00, por <a href=\"https:\/\/www.facebook.com\/IntendenciaRivera\" target=\"_blank\" rel=\"noopener noreferrer\">Facebook Live<\/a> (fb\/IntendenciaRivera), un programa donde se abordar\u00e1 el tema CAMPUS RIVERA.<\/p>\n<p>La actividad estar\u00e1 a cargo de la Direcci\u00f3n General de Promoci\u00f3n y Acci\u00f3n Social, articulado por el director de divisi\u00f3n Deportes, Prof. Horacio Hern\u00e1ndez, junto al asesor de deportes, Enrique Bello, contando tambi\u00e9n con la participaci\u00f3n de Jos\u00e9 Mafio, desde Maldonado y desde Espa\u00f1a, Fernando Paris Rocha, el moderador ser\u00e1 el periodista deportivo Freddy Silva.<!--more--><\/p>\n<p>&nbsp;<\/p>\n\r\n\t<div class=\"msacwl-slider-wrap msacwl-row-clearfix \" data-conf=\"{&quot;autoplay&quot;:&quot;true&quot;,&quot;autoplay_speed&quot;:3000,&quot;speed&quot;:300,&quot;arrows&quot;:&quot;true&quot;,&quot;dots&quot;:&quot;true&quot;,&quot;lazyload&quot;:&quot;&quot;}\">\r\n\t\t<div id=\"msacwl-slider-1\" class=\"msacwl-slider msacwl-common-slider msacwl-slider-popup\">\r\n\t\t\t\t\t\t<div class=\"msacwl-slide\" data-item-index=\"1\" >\r\n\t\t\t\t<a class=\"msacwl-img-link\" href=\"javascript:void(0);\" data-mfp-src=\"https:\/\/www.rivera.gub.uy\/portal\/wp-content\/uploads\/2021\/03\/1-4.jpg\">\r\n\t\t\t\t\t<img decoding=\"async\" class=\"msacwl-img\" src=\"https:\/\/www.rivera.gub.uy\/portal\/wp-content\/uploads\/2021\/03\/1-4.jpg\"  data-title=\"\" alt=\"\" \/>\r\n\t\t\t\t<\/a>\r\n\t\t\t\t\t\t\t\t\t<div class=\"msacwl-gallery-caption\">\r\n\t\t\t\t\t\t\t\t\t\t\t\t\t<span class=\"image_title\"><\/span>\r\n\t\t\t\t\t\t\t\t\t\t\t\t\t<span><\/span>\r\n\t\t\t\t\t\t \t\t\t\t\t<\/div>\r\n\t\t\t\t\t\t\t<\/div>\r\n\t\t\t\t\t\t<div class=\"msacwl-slide\" data-item-index=\"2\" >\r\n\t\t\t\t<a class=\"msacwl-img-link\" href=\"javascript:void(0);\" data-mfp-src=\"https:\/\/www.rivera.gub.uy\/portal\/wp-content\/uploads\/2021\/03\/2-4.jpg\">\r\n\t\t\t\t\t<img decoding=\"async\" class=\"msacwl-img\" src=\"https:\/\/www.rivera.gub.uy\/portal\/wp-content\/uploads\/2021\/03\/2-4.jpg\"  data-title=\"\" alt=\"\" \/>\r\n\t\t\t\t<\/a>\r\n\t\t\t\t\t\t\t\t\t<div class=\"msacwl-gallery-caption\">\r\n\t\t\t\t\t\t\t\t\t\t\t\t\t<span class=\"image_title\"><\/span>\r\n\t\t\t\t\t\t\t\t\t\t\t\t\t<span><\/span>\r\n\t\t\t\t\t\t \t\t\t\t\t<\/div>\r\n\t\t\t\t\t\t\t<\/div>\r\n\t\t\t\t\t\t<div class=\"msacwl-slide\" data-item-index=\"3\" >\r\n\t\t\t\t<a class=\"msacwl-img-link\" href=\"javascript:void(0);\" data-mfp-src=\"https:\/\/www.rivera.gub.uy\/portal\/wp-content\/uploads\/2021\/03\/3-3.jpg\">\r\n\t\t\t\t\t<img decoding=\"async\" class=\"msacwl-img\" src=\"https:\/\/www.rivera.gub.uy\/portal\/wp-content\/uploads\/2021\/03\/3-3.jpg\"  data-title=\"\" alt=\"\" \/>\r\n\t\t\t\t<\/a>\r\n\t\t\t\t\t\t\t\t\t<div class=\"msacwl-gallery-caption\">\r\n\t\t\t\t\t\t\t\t\t\t\t\t\t<span class=\"image_title\"><\/span>\r\n\t\t\t\t\t\t\t\t\t\t\t\t\t<span><\/span>\r\n\t\t\t\t\t\t \t\t\t\t\t<\/div>\r\n\t\t\t\t\t\t\t<\/div>\r\n\t\t\t\t\t\t<div class=\"msacwl-slide\" data-item-index=\"4\" >\r\n\t\t\t\t<a class=\"msacwl-img-link\" href=\"javascript:void(0);\" data-mfp-src=\"https:\/\/www.rivera.gub.uy\/portal\/wp-content\/uploads\/2021\/03\/4-1.jpg\">\r\n\t\t\t\t\t<img decoding=\"async\" class=\"msacwl-img\" src=\"https:\/\/www.rivera.gub.uy\/portal\/wp-content\/uploads\/2021\/03\/4-1.jpg\"  data-title=\"\" alt=\"\" \/>\r\n\t\t\t\t<\/a>\r\n\t\t\t\t\t\t\t\t\t<div class=\"msacwl-gallery-caption\">\r\n\t\t\t\t\t\t\t\t\t\t\t\t\t<span class=\"image_title\"><\/span>\r\n\t\t\t\t\t\t\t\t\t\t\t\t\t<span><\/span>\r\n\t\t\t\t\t\t \t\t\t\t\t<\/div>\r\n\t\t\t\t\t\t\t<\/div>\r\n\t\t\t\t\t\t<div class=\"msacwl-slide\" data-item-index=\"5\" >\r\n\t\t\t\t<a class=\"msacwl-img-link\" href=\"javascript:void(0);\" data-mfp-src=\"https:\/\/www.rivera.gub.uy\/portal\/wp-content\/uploads\/2021\/03\/5-1.jpg\">\r\n\t\t\t\t\t<img decoding=\"async\" class=\"msacwl-img\" src=\"https:\/\/www.rivera.gub.uy\/portal\/wp-content\/uploads\/2021\/03\/5-1.jpg\"  data-title=\"\" alt=\"\" \/>\r\n\t\t\t\t<\/a>\r\n\t\t\t\t\t\t\t\t\t<div class=\"msacwl-gallery-caption\">\r\n\t\t\t\t\t\t\t\t\t\t\t\t\t<span class=\"image_title\"><\/span>\r\n\t\t\t\t\t\t\t\t\t\t\t\t\t<span><\/span>\r\n\t\t\t\t\t\t \t\t\t\t\t<\/div>\r\n\t\t\t\t\t\t\t<\/div>\r\n\t\t\t\t\t\t<div class=\"msacwl-slide\" data-item-index=\"6\" >\r\n\t\t\t\t<a class=\"msacwl-img-link\" href=\"javascript:void(0);\" data-mfp-src=\"https:\/\/www.rivera.gub.uy\/portal\/wp-content\/uploads\/2021\/03\/7-1.jpg\">\r\n\t\t\t\t\t<img decoding=\"async\" class=\"msacwl-img\" src=\"https:\/\/www.rivera.gub.uy\/portal\/wp-content\/uploads\/2021\/03\/7-1.jpg\"  data-title=\"idr-186\" alt=\"\" \/>\r\n\t\t\t\t<\/a>\r\n\t\t\t\t\t\t\t\t\t<div class=\"msacwl-gallery-caption\">\r\n\t\t\t\t\t\t\t\t\t\t\t\t\t<span class=\"image_title\">idr-186<\/span>\r\n\t\t\t\t\t\t\t\t\t\t\t\t\t<span><\/span>\r\n\t\t\t\t\t\t \t\t\t\t\t<\/div>\r\n\t\t\t\t\t\t\t<\/div>\r\n\t\t\t\t\t<\/div>\r\n\t<\/div>\r\n\r\n\t\n<p>&nbsp;<\/p>\n<p><strong>Campus de Rivera<\/strong><\/p>\n<p>El Gobierno Departamental hizo la primera intervenci\u00f3n de la obra en Don Bosco, con la construcci\u00f3n de vestuarios, ba\u00f1os accesibles y arreglos de canchas. La segunda etapa est\u00e1 en su fase final, con la construcci\u00f3n del Centro de Entrenamiento riverense.<\/p>\n<p>El nuevo desaf\u00edo es ir por la tercera etapa; con obras que se suman al Polideportivo, con la construcci\u00f3n de una cancha sint\u00e9tica de f\u00fatbol 7, \u201cvan a constituir sin dudas un polo deportivo de desarrollo en esa zona\u201d inform\u00f3 Hern\u00e1ndez.<\/p>\n<blockquote><p>El profesor de educaci\u00f3n f\u00edsica, Jos\u00e9 Mafio, es el primer director del departamento f\u00edsico del Campus de Maldonado con 35 a\u00f1os ininterrumpidos.<\/p>\n<p>Por su parte, Fernando Paris Rocha, es Licenciado en Educaci\u00f3n F\u00edsica por el INEF de Madrid, trabaj\u00f3 como Profesor asociado del \u00c1rea de Proyectos de la Escuela de Ingenier\u00eda y Arquitectura de la Universidad de Zaragoza, durante varios a\u00f1os fue Jefe del Servicio de Deportes del Ayuntamiento de Zaragoza, Director General de Deportes de Arag\u00f3n -en dos ocasiones &#8211; y, Director del Gabinete del Secretario de Estado para el Deporte, desarrollando en esta \u00faltima funci\u00f3n -entre otras- la coordinaci\u00f3n del proceso de elaboraci\u00f3n de la Ley del Deporte, el dise\u00f1o de la reforma de la formaci\u00f3n de t\u00e9cnicos deportivos y la implantaci\u00f3n del proceso de planificaci\u00f3n estrat\u00e9gica en el CSD.<\/p>\n<p>Es conocedor de la realidad de la organizaci\u00f3n y gesti\u00f3n deportiva uruguaya. En este sentido ha desarrollado diversas acciones profesionales en Uruguay desde 1995, entre ellas: el informe \u201cDiagn\u00f3stico del modelo deportivo uruguayo\u201d; Asesor\u00eda para el Ministerio de Deportes y Juventud sobre el Deporte en las Intendencias; estudio de Viabilidad de una instalaci\u00f3n deportiva para la intendencia de Rivera; informe sobre la organizaci\u00f3n deportiva en la Intendencia de Flores; y m\u00e1s de 25 acciones formativas y participaci\u00f3n en posgrados sobre gesti\u00f3n deportiva, realizadas a trav\u00e9s de AFPGRUPO URUGUAY, Isef, UCUDAL, Asociaci\u00f3n Cristiana de J\u00f3venes e Intendencia de Montevideo.<\/p><\/blockquote>\n<p>&nbsp;<\/p>\n<p><iframe loading=\"lazy\" title=\"Campus Rivera\" width=\"1160\" height=\"653\" src=\"https:\/\/www.youtube.com\/embed\/GhzjawkRKek?feature=oembed\" frameborder=\"0\" allow=\"accelerometer; autoplay; clipboard-write; encrypted-media; gyroscope; picture-in-picture\" allowfullscreen><\/iframe><\/p>\n","protected":false},"excerpt":{"rendered":"<p>La Intendencia Departamental de Rivera, estar\u00e1 transmitiendo el pr\u00f3ximo viernes 12 de marzo desde la hora 17:00, por Facebook Live (fb\/IntendenciaRivera), un programa donde se abordar\u00e1 el tema CAMPUS RIVERA. La actividad estar\u00e1 a cargo de la Direcci\u00f3n General de Promoci\u00f3n y Acci\u00f3n Social, articulado por el director de divisi\u00f3n Deportes, Prof. Horacio Hern\u00e1ndez, junto [&hellip;]<\/p>\n","protected":false},"author":7,"featured_media":28943,"comment_status":"open","ping_status":"open","sticky":false,"template":"","format":"standard","meta":{"footnotes":""},"categories":[3,1],"tags":[265,47,36,33],"class_list":["post-28938","post","type-post","status-publish","format-standard","has-post-thumbnail","hentry","category-multimedia","category-novedades","tag-campus","tag-deportes","tag-intendencia","tag-rivera"],"_links":{"self":[{"href":"https:\/\/www.rivera.gub.uy\/portal\/wp-json\/wp\/v2\/posts\/28938","targetHints":{"allow":["GET"]}}],"collection":[{"href":"https:\/\/www.rivera.gub.uy\/portal\/wp-json\/wp\/v2\/posts"}],"about":[{"href":"https:\/\/www.rivera.gub.uy\/portal\/wp-json\/wp\/v2\/types\/post"}],"author":[{"embeddable":true,"href":"https:\/\/www.rivera.gub.uy\/portal\/wp-json\/wp\/v2\/users\/7"}],"replies":[{"embeddable":true,"href":"https:\/\/www.rivera.gub.uy\/portal\/wp-json\/wp\/v2\/comments?post=28938"}],"version-history":[{"count":4,"href":"https:\/\/www.rivera.gub.uy\/portal\/wp-json\/wp\/v2\/posts\/28938\/revisions"}],"predecessor-version":[{"id":28950,"href":"https:\/\/www.rivera.gub.uy\/portal\/wp-json\/wp\/v2\/posts\/28938\/revisions\/28950"}],"wp:featuredmedia":[{"embeddable":true,"href":"https:\/\/www.rivera.gub.uy\/portal\/wp-json\/wp\/v2\/media\/28943"}],"wp:attachment":[{"href":"https:\/\/www.rivera.gub.uy\/portal\/wp-json\/wp\/v2\/media?parent=28938"}],"wp:term":[{"taxonomy":"category","embeddable":true,"href":"https:\/\/www.rivera.gub.uy\/portal\/wp-json\/wp\/v2\/categories?post=28938"},{"taxonomy":"post_tag","embeddable":true,"href":"https:\/\/www.rivera.gub.uy\/portal\/wp-json\/wp\/v2\/tags?post=28938"}],"curies":[{"name":"wp","href":"https:\/\/api.w.org\/{rel}","templated":true}]}}