{"id":29078,"date":"2021-03-23T17:31:20","date_gmt":"2021-03-23T20:31:20","guid":{"rendered":"https:\/\/www.rivera.gub.uy\/portal\/?p=29078"},"modified":"2021-03-23T17:31:20","modified_gmt":"2021-03-23T20:31:20","slug":"riverasevacuna","status":"publish","type":"post","link":"https:\/\/www.rivera.gub.uy\/portal\/riverasevacuna\/","title":{"rendered":"#RiveraSeVacuna"},"content":{"rendered":"<p>La agenda para los cupos habilitados se encuentra disponible a trav\u00e9s de <a href=\"https:\/\/agenda.vacunacioncovid.gub.uy\" target=\"_blank\" rel=\"noopener noreferrer\">agenda.vacunacioncovid.gub.uy<\/a> , Whatsapp <a href=\"tel:+59898999999\">+598 98 999 999<\/a>\u00a0 y la l\u00ednea telef\u00f3nica gratuita <a href=\"tel:+59808001919\">0800 1919<\/a>.<\/p>\n<p><!--more--><\/p>\n<p>El <a href=\"https:\/\/www.gub.uy\/uruguaysevacuna\" target=\"_blank\" rel=\"noopener noreferrer\">Plan de vacunaci\u00f3n<\/a> se lleva a cabo en forma progresiva, escalonada y en el menor tiempo posible. Los plazos est\u00e1n condicionados a la llegada de las vacunas y se priorizan los grupos seg\u00fan su funci\u00f3n, riesgo de enfermar gravemente, riesgo de exposici\u00f3n y vulnerabilidad social.<\/p>\n<p>&nbsp;<\/p>\n","protected":false},"excerpt":{"rendered":"<p>La agenda para los cupos habilitados se encuentra disponible a trav\u00e9s de agenda.vacunacioncovid.gub.uy , Whatsapp +598 98 999 999\u00a0 y la l\u00ednea telef\u00f3nica gratuita 0800 1919.<\/p>\n","protected":false},"author":7,"featured_media":29079,"comment_status":"open","ping_status":"open","sticky":false,"template":"","format":"standard","meta":{"footnotes":""},"categories":[3,1],"tags":[1081,36,33,1236],"class_list":["post-29078","post","type-post","status-publish","format-standard","has-post-thumbnail","hentry","category-multimedia","category-novedades","tag-covid-19","tag-intendencia","tag-rivera","tag-vacunacion","has-post-video"],"_links":{"self":[{"href":"https:\/\/www.rivera.gub.uy\/portal\/wp-json\/wp\/v2\/posts\/29078","targetHints":{"allow":["GET"]}}],"collection":[{"href":"https:\/\/www.rivera.gub.uy\/portal\/wp-json\/wp\/v2\/posts"}],"about":[{"href":"https:\/\/www.rivera.gub.uy\/portal\/wp-json\/wp\/v2\/types\/post"}],"author":[{"embeddable":true,"href":"https:\/\/www.rivera.gub.uy\/portal\/wp-json\/wp\/v2\/users\/7"}],"replies":[{"embeddable":true,"href":"https:\/\/www.rivera.gub.uy\/portal\/wp-json\/wp\/v2\/comments?post=29078"}],"version-history":[{"count":1,"href":"https:\/\/www.rivera.gub.uy\/portal\/wp-json\/wp\/v2\/posts\/29078\/revisions"}],"predecessor-version":[{"id":29080,"href":"https:\/\/www.rivera.gub.uy\/portal\/wp-json\/wp\/v2\/posts\/29078\/revisions\/29080"}],"wp:featuredmedia":[{"embeddable":true,"href":"https:\/\/www.rivera.gub.uy\/portal\/wp-json\/wp\/v2\/media\/29079"}],"wp:attachment":[{"href":"https:\/\/www.rivera.gub.uy\/portal\/wp-json\/wp\/v2\/media?parent=29078"}],"wp:term":[{"taxonomy":"category","embeddable":true,"href":"https:\/\/www.rivera.gub.uy\/portal\/wp-json\/wp\/v2\/categories?post=29078"},{"taxonomy":"post_tag","embeddable":true,"href":"https:\/\/www.rivera.gub.uy\/portal\/wp-json\/wp\/v2\/tags?post=29078"}],"curies":[{"name":"wp","href":"https:\/\/api.w.org\/{rel}","templated":true}]}}