{"id":29086,"date":"2021-03-24T00:07:24","date_gmt":"2021-03-24T03:07:24","guid":{"rendered":"https:\/\/www.rivera.gub.uy\/portal\/?p=29086"},"modified":"2021-04-05T22:30:12","modified_gmt":"2021-04-06T01:30:12","slug":"comunicado-a-la-poblacion-4","status":"publish","type":"post","link":"https:\/\/www.rivera.gub.uy\/portal\/comunicado-a-la-poblacion-4\/","title":{"rendered":"Comunicado a la poblaci\u00f3n"},"content":{"rendered":"<p>Con motivo de la emergencia sanitaria y las medidas adoptadas por el Poder Ejecutivo, la Intendencia de Rivera <strong>permanecer\u00e1 cerrada para la atenci\u00f3n al p\u00fablico<\/strong> desde el d\u00eda 24 de marzo, hasta el d\u00eda 12 de abril de 2021. <!--more--><\/p>\n<p>Se mantendr\u00e1 la prestaci\u00f3n de servicios esenciales, recolecci\u00f3n de residuos, levantes extraordinarios, servicio barom\u00e9trica, cementerios y comedores.<\/p>\n<p>Asimismo se informa que la Direcci\u00f3n General de Hacienda atender\u00e1 pago a proveedores los d\u00edas mi\u00e9rcoles 24 a viernes 26 de marzo de 2021, en horario de 8:30 a 13:30.<\/p>\n<p>&nbsp;<\/p>\n<p>&nbsp;<\/p>\n<p>&nbsp;<\/p>\n<p>&nbsp;<\/p>\n","protected":false},"excerpt":{"rendered":"<p>Con motivo de la emergencia sanitaria y las medidas adoptadas por el Poder Ejecutivo, la Intendencia de Rivera permanecer\u00e1 cerrada para la atenci\u00f3n al p\u00fablico desde el d\u00eda 24 de marzo, hasta el d\u00eda 12 de abril de 2021.<\/p>\n","protected":false},"author":7,"featured_media":27669,"comment_status":"open","ping_status":"open","sticky":false,"template":"","format":"standard","meta":{"footnotes":""},"categories":[1122,1],"tags":[36,33],"class_list":["post-29086","post","type-post","status-publish","format-standard","has-post-thumbnail","hentry","category-coronavirus","category-novedades","tag-intendencia","tag-rivera"],"_links":{"self":[{"href":"https:\/\/www.rivera.gub.uy\/portal\/wp-json\/wp\/v2\/posts\/29086","targetHints":{"allow":["GET"]}}],"collection":[{"href":"https:\/\/www.rivera.gub.uy\/portal\/wp-json\/wp\/v2\/posts"}],"about":[{"href":"https:\/\/www.rivera.gub.uy\/portal\/wp-json\/wp\/v2\/types\/post"}],"author":[{"embeddable":true,"href":"https:\/\/www.rivera.gub.uy\/portal\/wp-json\/wp\/v2\/users\/7"}],"replies":[{"embeddable":true,"href":"https:\/\/www.rivera.gub.uy\/portal\/wp-json\/wp\/v2\/comments?post=29086"}],"version-history":[{"count":3,"href":"https:\/\/www.rivera.gub.uy\/portal\/wp-json\/wp\/v2\/posts\/29086\/revisions"}],"predecessor-version":[{"id":29155,"href":"https:\/\/www.rivera.gub.uy\/portal\/wp-json\/wp\/v2\/posts\/29086\/revisions\/29155"}],"wp:featuredmedia":[{"embeddable":true,"href":"https:\/\/www.rivera.gub.uy\/portal\/wp-json\/wp\/v2\/media\/27669"}],"wp:attachment":[{"href":"https:\/\/www.rivera.gub.uy\/portal\/wp-json\/wp\/v2\/media?parent=29086"}],"wp:term":[{"taxonomy":"category","embeddable":true,"href":"https:\/\/www.rivera.gub.uy\/portal\/wp-json\/wp\/v2\/categories?post=29086"},{"taxonomy":"post_tag","embeddable":true,"href":"https:\/\/www.rivera.gub.uy\/portal\/wp-json\/wp\/v2\/tags?post=29086"}],"curies":[{"name":"wp","href":"https:\/\/api.w.org\/{rel}","templated":true}]}}