{"id":29140,"date":"2021-04-05T14:02:06","date_gmt":"2021-04-05T17:02:06","guid":{"rendered":"https:\/\/www.rivera.gub.uy\/portal\/?p=29140"},"modified":"2021-04-12T13:53:47","modified_gmt":"2021-04-12T16:53:47","slug":"rivera-se-vacuna","status":"publish","type":"post","link":"https:\/\/www.rivera.gub.uy\/portal\/rivera-se-vacuna\/","title":{"rendered":"Rivera se vacuna"},"content":{"rendered":"<p>La agenda para los cupos habilitados se encuentra disponible a trav\u00e9s de\u00a0<a href=\"https:\/\/agenda.vacunacioncovid.gub.uy\/\" target=\"_blank\" rel=\"noopener noreferrer\">agenda.vacunacioncovid.gub.uy<\/a>\u00a0, Whatsapp\u00a0<a href=\"tel:+59898999999\">+598 98 999 999<\/a>\u00a0 y la l\u00ednea telef\u00f3nica gratuita\u00a0<a href=\"tel:+59808001919\">0800 1919<\/a>.<!--more--><\/p>\n<p>El\u00a0<a href=\"https:\/\/www.gub.uy\/uruguaysevacuna\" target=\"_blank\" rel=\"noopener noreferrer\">Plan de vacunaci\u00f3n<\/a>\u00a0se lleva a cabo en forma progresiva, escalonada y en el menor tiempo posible. Los plazos est\u00e1n condicionados a la llegada de las vacunas y se priorizan los grupos seg\u00fan su funci\u00f3n, riesgo de enfermar gravemente, riesgo de exposici\u00f3n y vulnerabilidad social.<\/p>\n<p>&nbsp;<\/p>\n<p><iframe loading=\"lazy\" title=\"#RiveraSeVacuna\" width=\"1160\" height=\"653\" src=\"https:\/\/www.youtube.com\/embed\/dWbgyBYQP9U?feature=oembed\" frameborder=\"0\" allow=\"accelerometer; autoplay; clipboard-write; encrypted-media; gyroscope; picture-in-picture\" allowfullscreen><\/iframe><\/p>\n<p>&nbsp;<\/p>\n","protected":false},"excerpt":{"rendered":"<p>La agenda para los cupos habilitados se encuentra disponible a trav\u00e9s de\u00a0agenda.vacunacioncovid.gub.uy\u00a0, Whatsapp\u00a0+598 98 999 999\u00a0 y la l\u00ednea telef\u00f3nica gratuita\u00a00800 1919.<\/p>\n","protected":false},"author":7,"featured_media":29141,"comment_status":"open","ping_status":"open","sticky":false,"template":"","format":"standard","meta":{"footnotes":""},"categories":[1122,3,1],"tags":[1118,33,1237],"class_list":["post-29140","post","type-post","status-publish","format-standard","has-post-thumbnail","hentry","category-coronavirus","category-multimedia","category-novedades","tag-covid","tag-rivera","tag-vacunas","has-post-video"],"_links":{"self":[{"href":"https:\/\/www.rivera.gub.uy\/portal\/wp-json\/wp\/v2\/posts\/29140","targetHints":{"allow":["GET"]}}],"collection":[{"href":"https:\/\/www.rivera.gub.uy\/portal\/wp-json\/wp\/v2\/posts"}],"about":[{"href":"https:\/\/www.rivera.gub.uy\/portal\/wp-json\/wp\/v2\/types\/post"}],"author":[{"embeddable":true,"href":"https:\/\/www.rivera.gub.uy\/portal\/wp-json\/wp\/v2\/users\/7"}],"replies":[{"embeddable":true,"href":"https:\/\/www.rivera.gub.uy\/portal\/wp-json\/wp\/v2\/comments?post=29140"}],"version-history":[{"count":3,"href":"https:\/\/www.rivera.gub.uy\/portal\/wp-json\/wp\/v2\/posts\/29140\/revisions"}],"predecessor-version":[{"id":29217,"href":"https:\/\/www.rivera.gub.uy\/portal\/wp-json\/wp\/v2\/posts\/29140\/revisions\/29217"}],"wp:featuredmedia":[{"embeddable":true,"href":"https:\/\/www.rivera.gub.uy\/portal\/wp-json\/wp\/v2\/media\/29141"}],"wp:attachment":[{"href":"https:\/\/www.rivera.gub.uy\/portal\/wp-json\/wp\/v2\/media?parent=29140"}],"wp:term":[{"taxonomy":"category","embeddable":true,"href":"https:\/\/www.rivera.gub.uy\/portal\/wp-json\/wp\/v2\/categories?post=29140"},{"taxonomy":"post_tag","embeddable":true,"href":"https:\/\/www.rivera.gub.uy\/portal\/wp-json\/wp\/v2\/tags?post=29140"}],"curies":[{"name":"wp","href":"https:\/\/api.w.org\/{rel}","templated":true}]}}