{"id":29348,"date":"2021-04-24T09:01:01","date_gmt":"2021-04-24T12:01:01","guid":{"rendered":"https:\/\/www.rivera.gub.uy\/portal\/?p=29348"},"modified":"2021-04-24T09:06:54","modified_gmt":"2021-04-24T12:06:54","slug":"24-de-abril-dia-de-los-municipios-de-america-3","status":"publish","type":"post","link":"https:\/\/www.rivera.gub.uy\/portal\/24-de-abril-dia-de-los-municipios-de-america-3\/","title":{"rendered":"24 de abril, D\u00eda de los Municipios de Am\u00e9rica"},"content":{"rendered":"<p>En una nueva celebraci\u00f3n de los Municipios de Am\u00e9rica, el intendente Richard Sander saluda a todos los municipales del departamento. <!--more--><\/p>\n<p>&nbsp;<\/p>\n<p><iframe loading=\"lazy\" title=\"D\u00eda del funcionario municipal\" width=\"1160\" height=\"653\" src=\"https:\/\/www.youtube.com\/embed\/9sNydf4JfRg?feature=oembed\" frameborder=\"0\" allow=\"accelerometer; autoplay; clipboard-write; encrypted-media; gyroscope; picture-in-picture\" allowfullscreen><\/iframe><\/p>\n","protected":false},"excerpt":{"rendered":"<p>En una nueva celebraci\u00f3n de los Municipios de Am\u00e9rica, el intendente Richard Sander saluda a todos los municipales del departamento.<\/p>\n","protected":false},"author":7,"featured_media":29349,"comment_status":"open","ping_status":"open","sticky":false,"template":"","format":"standard","meta":{"footnotes":""},"categories":[3,1],"tags":[1102,1097,33],"class_list":["post-29348","post","type-post","status-publish","format-standard","has-post-thumbnail","hentry","category-multimedia","category-novedades","tag-funcionarios","tag-municipios","tag-rivera"],"_links":{"self":[{"href":"https:\/\/www.rivera.gub.uy\/portal\/wp-json\/wp\/v2\/posts\/29348","targetHints":{"allow":["GET"]}}],"collection":[{"href":"https:\/\/www.rivera.gub.uy\/portal\/wp-json\/wp\/v2\/posts"}],"about":[{"href":"https:\/\/www.rivera.gub.uy\/portal\/wp-json\/wp\/v2\/types\/post"}],"author":[{"embeddable":true,"href":"https:\/\/www.rivera.gub.uy\/portal\/wp-json\/wp\/v2\/users\/7"}],"replies":[{"embeddable":true,"href":"https:\/\/www.rivera.gub.uy\/portal\/wp-json\/wp\/v2\/comments?post=29348"}],"version-history":[{"count":2,"href":"https:\/\/www.rivera.gub.uy\/portal\/wp-json\/wp\/v2\/posts\/29348\/revisions"}],"predecessor-version":[{"id":29352,"href":"https:\/\/www.rivera.gub.uy\/portal\/wp-json\/wp\/v2\/posts\/29348\/revisions\/29352"}],"wp:featuredmedia":[{"embeddable":true,"href":"https:\/\/www.rivera.gub.uy\/portal\/wp-json\/wp\/v2\/media\/29349"}],"wp:attachment":[{"href":"https:\/\/www.rivera.gub.uy\/portal\/wp-json\/wp\/v2\/media?parent=29348"}],"wp:term":[{"taxonomy":"category","embeddable":true,"href":"https:\/\/www.rivera.gub.uy\/portal\/wp-json\/wp\/v2\/categories?post=29348"},{"taxonomy":"post_tag","embeddable":true,"href":"https:\/\/www.rivera.gub.uy\/portal\/wp-json\/wp\/v2\/tags?post=29348"}],"curies":[{"name":"wp","href":"https:\/\/api.w.org\/{rel}","templated":true}]}}