{"id":29573,"date":"2021-05-14T20:39:36","date_gmt":"2021-05-14T23:39:36","guid":{"rendered":"https:\/\/www.rivera.gub.uy\/portal\/?p=29573"},"modified":"2021-05-18T09:42:40","modified_gmt":"2021-05-18T12:42:40","slug":"programa-jornales-solidarios","status":"publish","type":"post","link":"https:\/\/www.rivera.gub.uy\/portal\/programa-jornales-solidarios\/","title":{"rendered":"Programa Oportunidad Laboral"},"content":{"rendered":"<p>En conferencia de prensa, el intendente departamental de Rivera, Cr. Richard Sander Dar\u00edn, acompa\u00f1ado del secretario general, Arq. Jos\u00e9 Mazzoni Gollard\u00eda, brind\u00f3 detalles de la implementaci\u00f3n del programa &#8220;<a href=\"https:\/\/oportunidadlaboral.gub.uy\/\" target=\"_blank\" rel=\"noopener noreferrer\">Oportunidad Laboral<\/a>&#8220;.<!--more--><\/p>\n<p><strong>533 empleos para el departamento de Rivera<\/strong><\/p>\n<p>El pasado 13 de mayo, el Intendente particip\u00f3 de la reuni\u00f3n sectorial, donde se definieron \u00edtems del programa &#8220;Oportunidades Laborales&#8221;, llamados tambi\u00e9n &#8220;Jornales Solidarios&#8221;, \u201cun planteo que le venimos haciendo hace varios meses al Gobierno Nacional, y entre las Intendencias y el gobierno, en esa colaboraci\u00f3n, nos permite participar del Fondo Covid y generar 15.000 empleos en todo el pa\u00eds, espec\u00edficamente\u00a0 533 empleos en el departamento de Rivera&#8221;.<\/p>\n<p><a href=\"https:\/\/oportunidadlaboral.gub.uy\/\" target=\"_blank\" rel=\"noopener noreferrer\"><strong>Formulario de inscripci\u00f3n<\/strong><\/a><\/p>\n<p>Se defini\u00f3 el formulario de la inscripci\u00f3n digital, <a href=\"https:\/\/www.gub.uy\/oportunidad-laboral\" target=\"_blank\" rel=\"noopener noreferrer\">www.gub.uy\/oportunidad-laboral<\/a>, el cual ser\u00e1 igual para todo el Uruguay.<\/p>\n<p>El Intendente inform\u00f3 que adem\u00e1s de la inscripci\u00f3n digital, se van a realizar inscripciones presenciales en la IDR (Agraciada 570), para la ciudad de Rivera.<\/p>\n<p>El p\u00fablico objetivo es la poblaci\u00f3n entre 18 y 65 a\u00f1os, que se encuentren desocupados, sin prestaciones del BPS (Seguro por enfermedad, Seguro de paro, pensi\u00f3n o jubilaci\u00f3n) ni sorteados a los llamados por trabajo\u00a0 del MIDES. Si poseen tarjeta del MIDES o\u00a0 beneficio de canastas, no tienen problema a la hora de inscribirse.<\/p>\n<p>&nbsp;<\/p>\n\r\n\t<div class=\"msacwl-slider-wrap msacwl-row-clearfix \" data-conf=\"{&quot;autoplay&quot;:&quot;true&quot;,&quot;autoplay_speed&quot;:3000,&quot;speed&quot;:300,&quot;arrows&quot;:&quot;true&quot;,&quot;dots&quot;:&quot;true&quot;,&quot;lazyload&quot;:&quot;&quot;}\">\r\n\t\t<div id=\"msacwl-slider-1\" class=\"msacwl-slider msacwl-common-slider msacwl-slider-popup\">\r\n\t\t\t\t\t\t<div class=\"msacwl-slide\" data-item-index=\"1\" >\r\n\t\t\t\t<a class=\"msacwl-img-link\" href=\"javascript:void(0);\" data-mfp-src=\"https:\/\/www.rivera.gub.uy\/portal\/wp-content\/uploads\/2021\/05\/1-6.jpg\">\r\n\t\t\t\t\t<img decoding=\"async\" class=\"msacwl-img\" src=\"https:\/\/www.rivera.gub.uy\/portal\/wp-content\/uploads\/2021\/05\/1-6.jpg\"  data-title=\"\" alt=\"\" \/>\r\n\t\t\t\t<\/a>\r\n\t\t\t\t\t\t\t\t\t<div class=\"msacwl-gallery-caption\">\r\n\t\t\t\t\t\t\t\t\t\t\t\t\t<span class=\"image_title\"><\/span>\r\n\t\t\t\t\t\t\t\t\t\t\t\t\t<span><\/span>\r\n\t\t\t\t\t\t \t\t\t\t\t<\/div>\r\n\t\t\t\t\t\t\t<\/div>\r\n\t\t\t\t\t\t<div class=\"msacwl-slide\" data-item-index=\"2\" >\r\n\t\t\t\t<a class=\"msacwl-img-link\" href=\"javascript:void(0);\" data-mfp-src=\"https:\/\/www.rivera.gub.uy\/portal\/wp-content\/uploads\/2021\/05\/2-7.jpg\">\r\n\t\t\t\t\t<img decoding=\"async\" class=\"msacwl-img\" src=\"https:\/\/www.rivera.gub.uy\/portal\/wp-content\/uploads\/2021\/05\/2-7.jpg\"  data-title=\"\" alt=\"\" \/>\r\n\t\t\t\t<\/a>\r\n\t\t\t\t\t\t\t\t\t<div class=\"msacwl-gallery-caption\">\r\n\t\t\t\t\t\t\t\t\t\t\t\t\t<span class=\"image_title\"><\/span>\r\n\t\t\t\t\t\t\t\t\t\t\t\t\t<span><\/span>\r\n\t\t\t\t\t\t \t\t\t\t\t<\/div>\r\n\t\t\t\t\t\t\t<\/div>\r\n\t\t\t\t\t\t<div class=\"msacwl-slide\" data-item-index=\"3\" >\r\n\t\t\t\t<a class=\"msacwl-img-link\" href=\"javascript:void(0);\" data-mfp-src=\"https:\/\/www.rivera.gub.uy\/portal\/wp-content\/uploads\/2021\/05\/3-8.jpg\">\r\n\t\t\t\t\t<img decoding=\"async\" class=\"msacwl-img\" src=\"https:\/\/www.rivera.gub.uy\/portal\/wp-content\/uploads\/2021\/05\/3-8.jpg\"  data-title=\"\" alt=\"\" \/>\r\n\t\t\t\t<\/a>\r\n\t\t\t\t\t\t\t\t\t<div class=\"msacwl-gallery-caption\">\r\n\t\t\t\t\t\t\t\t\t\t\t\t\t<span class=\"image_title\"><\/span>\r\n\t\t\t\t\t\t\t\t\t\t\t\t\t<span><\/span>\r\n\t\t\t\t\t\t \t\t\t\t\t<\/div>\r\n\t\t\t\t\t\t\t<\/div>\r\n\t\t\t\t\t\t<div class=\"msacwl-slide\" data-item-index=\"4\" >\r\n\t\t\t\t<a class=\"msacwl-img-link\" href=\"javascript:void(0);\" data-mfp-src=\"https:\/\/www.rivera.gub.uy\/portal\/wp-content\/uploads\/2021\/05\/4-5.jpg\">\r\n\t\t\t\t\t<img decoding=\"async\" class=\"msacwl-img\" src=\"https:\/\/www.rivera.gub.uy\/portal\/wp-content\/uploads\/2021\/05\/4-5.jpg\"  data-title=\"\" alt=\"\" \/>\r\n\t\t\t\t<\/a>\r\n\t\t\t\t\t\t\t\t\t<div class=\"msacwl-gallery-caption\">\r\n\t\t\t\t\t\t\t\t\t\t\t\t\t<span class=\"image_title\"><\/span>\r\n\t\t\t\t\t\t\t\t\t\t\t\t\t<span><\/span>\r\n\t\t\t\t\t\t \t\t\t\t\t<\/div>\r\n\t\t\t\t\t\t\t<\/div>\r\n\t\t\t\t\t<\/div>\r\n\t<\/div>\r\n\r\n\t\n<p>&nbsp;<\/p>\n<p><strong>Lunes 17 hasta el viernes 21 de mayo<\/strong><\/p>\n<p>Las <a href=\"https:\/\/www.gub.uy\/oportunidad-laboral\" target=\"_blank\" rel=\"noopener noreferrer\">inscripciones<\/a> comienzan este lunes 17 hasta el viernes 21 de mayo, a trav\u00e9s de <a href=\"https:\/\/www.gub.uy\/oportunidad-laboral\" target=\"_blank\" rel=\"noopener noreferrer\">www.gub.uy\/oportunidad-laboral<\/a>, y adem\u00e1s el Intendente asegur\u00f3 que se dispondr\u00e1n de funcionarios municipales que se trasladar\u00e1n a las localidades del interior, con horarios predeterminados.<\/p>\n<p>Paso Ataque (ruta 27), La Calera (ruta 28), Moirones (ruta 27), Cerro Pelado (ruta 27) Paso Hospital (por Vichadero) Masoller, Cerrillada, La Palma, Tres Puentes (ruta 27), Curticeiras y Estaci\u00f3n Ataques (camino Fymsa), adem\u00e1s de las tres alcald\u00edas.<\/p>\n<p>De los 533 puestos, se\u00a0 destinar\u00e1 al interior del departamento m\u00e1s del 16 %.<\/p>\n<p><a href=\"https:\/\/www.gub.uy\/oportunidad-laboral\" target=\"_blank\" rel=\"noopener noreferrer\"><strong>Oportunidad Laboral<\/strong><\/a><\/p>\n<p>A partir del lunes 24 de mayo, cuando se tenga la base de datos de todos los\u00a0 postulantes, tambi\u00e9n quedar\u00e1n registrados para futuras postulaciones a nuevos trabajos o talleres de formaci\u00f3n, tanto desde el gobierno departamental como nacional.<\/p>\n<p>Para las alcald\u00eda de Minas de Corrales y Vichadero, se destinar\u00e1n 18 puestos de trabajo, para Tranqueras 25, 4 puestos para las Juntas Locales y 2 puestos por cada una de las 11 localidades del interior profundo; los n\u00fameros pueden cambiar, van a depender de la demanda de cada localidad (los sorteos, ser\u00e1n individuales para cada localidad), con un 30% m\u00e1s para postulantes suplentes.<\/p>\n<p>Para m\u00e1s informaci\u00f3n los interesados deber\u00e1n contactarse al <a href=\"tel:+59846231900\">46231900<\/a> , <a href=\"tel:+59898431900\">098 431 900<\/a> o a trav\u00e9s del formulario <a href=\"https:\/\/www.gub.uy\/oportunidad-laboral\/consultas\" target=\"_blank\" rel=\"noopener noreferrer\">www.gub.uy\/oportunidad-laboral\/consultas<\/a><\/p>\n<p>&nbsp;<\/p>\n<p><iframe loading=\"lazy\" title=\"Programa Jornales Solidarios\" width=\"1160\" height=\"653\" src=\"https:\/\/www.youtube.com\/embed\/gjBDNMaWVjE?feature=oembed\" frameborder=\"0\" allow=\"accelerometer; autoplay; clipboard-write; encrypted-media; gyroscope; picture-in-picture\" allowfullscreen><\/iframe><\/p>\n","protected":false},"excerpt":{"rendered":"<p>En conferencia de prensa, el intendente departamental de Rivera, Cr. Richard Sander Dar\u00edn, acompa\u00f1ado del secretario general, Arq. Jos\u00e9 Mazzoni Gollard\u00eda, brind\u00f3 detalles de la implementaci\u00f3n del programa &#8220;Oportunidad Laboral&#8220;.<\/p>\n","protected":false},"author":7,"featured_media":29574,"comment_status":"open","ping_status":"open","sticky":false,"template":"","format":"standard","meta":{"footnotes":""},"categories":[8,3,1],"tags":[36,1245,52,33,1246],"class_list":["post-29573","post","type-post","status-publish","format-standard","has-post-thumbnail","hentry","category-llamados-a-concursos","category-multimedia","category-novedades","tag-intendencia","tag-jornales","tag-llamados","tag-rivera","tag-solidarios"],"_links":{"self":[{"href":"https:\/\/www.rivera.gub.uy\/portal\/wp-json\/wp\/v2\/posts\/29573","targetHints":{"allow":["GET"]}}],"collection":[{"href":"https:\/\/www.rivera.gub.uy\/portal\/wp-json\/wp\/v2\/posts"}],"about":[{"href":"https:\/\/www.rivera.gub.uy\/portal\/wp-json\/wp\/v2\/types\/post"}],"author":[{"embeddable":true,"href":"https:\/\/www.rivera.gub.uy\/portal\/wp-json\/wp\/v2\/users\/7"}],"replies":[{"embeddable":true,"href":"https:\/\/www.rivera.gub.uy\/portal\/wp-json\/wp\/v2\/comments?post=29573"}],"version-history":[{"count":7,"href":"https:\/\/www.rivera.gub.uy\/portal\/wp-json\/wp\/v2\/posts\/29573\/revisions"}],"predecessor-version":[{"id":29598,"href":"https:\/\/www.rivera.gub.uy\/portal\/wp-json\/wp\/v2\/posts\/29573\/revisions\/29598"}],"wp:featuredmedia":[{"embeddable":true,"href":"https:\/\/www.rivera.gub.uy\/portal\/wp-json\/wp\/v2\/media\/29574"}],"wp:attachment":[{"href":"https:\/\/www.rivera.gub.uy\/portal\/wp-json\/wp\/v2\/media?parent=29573"}],"wp:term":[{"taxonomy":"category","embeddable":true,"href":"https:\/\/www.rivera.gub.uy\/portal\/wp-json\/wp\/v2\/categories?post=29573"},{"taxonomy":"post_tag","embeddable":true,"href":"https:\/\/www.rivera.gub.uy\/portal\/wp-json\/wp\/v2\/tags?post=29573"}],"curies":[{"name":"wp","href":"https:\/\/api.w.org\/{rel}","templated":true}]}}