{"id":29630,"date":"2021-05-19T09:53:37","date_gmt":"2021-05-19T12:53:37","guid":{"rendered":"https:\/\/www.rivera.gub.uy\/portal\/?p=29630"},"modified":"2021-05-19T09:53:47","modified_gmt":"2021-05-19T12:53:47","slug":"oportunidad-laboral","status":"publish","type":"post","link":"https:\/\/www.rivera.gub.uy\/portal\/oportunidad-laboral\/","title":{"rendered":"Oportunidad Laboral"},"content":{"rendered":"<p>533 empleos para desempe\u00f1ar funciones en la Intendencia de Rivera.<\/p>\n<p>Hasta el 21 de mayo, los interesados podr\u00e1n inscribirse en l\u00ednea ingresando a <a href=\"https:\/\/www.gub.uy\/oportunidad-laboral\" target=\"_blank\" rel=\"noopener noreferrer\">www.gub.uy\/oportunidad-laboral<\/a><\/p>\n<p><!--more--><\/p>\n<p>El programa de Oportunidad Laboral est\u00e1 dirigido a personas de entre 18 y 65 a\u00f1os, con c\u00e9dula de identidad uruguaya, que no reciban ninguna prestaci\u00f3n salarial, ni p\u00fablica ni privada, ni subsidio por desempleo, por enfermedad, jubilaci\u00f3n, pensi\u00f3n u otra retribuci\u00f3n de car\u00e1cter personal.\u00a0 A su vez, las personas que reciben beneficios del Mides, como la tarjeta Uruguay Social, podr\u00e1n participar.<\/p>\n<p>Los seleccionados, a trav\u00e9s de un sorteo que se realizar\u00e1 la \u00faltima semana de mayo, contar\u00e1n con un monto m\u00e1ximo mensual nominal equivalente a $12.500 pesos uruguayos por 12 jornales trabajados, en puestos operativos de obras e higiene, siempre que la persona haya cumplido con las obligaciones que asumi\u00f3 al ingresar al Programa.<\/p>\n<p>&nbsp;<\/p>\n\r\n\t<div class=\"msacwl-slider-wrap msacwl-row-clearfix \" data-conf=\"{&quot;autoplay&quot;:&quot;true&quot;,&quot;autoplay_speed&quot;:3000,&quot;speed&quot;:300,&quot;arrows&quot;:&quot;true&quot;,&quot;dots&quot;:&quot;true&quot;,&quot;lazyload&quot;:&quot;&quot;}\">\r\n\t\t<div id=\"msacwl-slider-1\" class=\"msacwl-slider msacwl-common-slider msacwl-slider-popup\">\r\n\t\t\t\t\t\t<div class=\"msacwl-slide\" data-item-index=\"1\" >\r\n\t\t\t\t<a class=\"msacwl-img-link\" href=\"javascript:void(0);\" data-mfp-src=\"https:\/\/www.rivera.gub.uy\/portal\/wp-content\/uploads\/2021\/05\/1-9.jpg\">\r\n\t\t\t\t\t<img decoding=\"async\" class=\"msacwl-img\" src=\"https:\/\/www.rivera.gub.uy\/portal\/wp-content\/uploads\/2021\/05\/1-9.jpg\"  data-title=\"\" alt=\"\" \/>\r\n\t\t\t\t<\/a>\r\n\t\t\t\t\t\t\t\t\t<div class=\"msacwl-gallery-caption\">\r\n\t\t\t\t\t\t\t\t\t\t\t\t\t<span class=\"image_title\"><\/span>\r\n\t\t\t\t\t\t\t\t\t\t\t\t\t<span><\/span>\r\n\t\t\t\t\t\t \t\t\t\t\t<\/div>\r\n\t\t\t\t\t\t\t<\/div>\r\n\t\t\t\t\t\t<div class=\"msacwl-slide\" data-item-index=\"2\" >\r\n\t\t\t\t<a class=\"msacwl-img-link\" href=\"javascript:void(0);\" data-mfp-src=\"https:\/\/www.rivera.gub.uy\/portal\/wp-content\/uploads\/2021\/05\/2-10.jpg\">\r\n\t\t\t\t\t<img decoding=\"async\" class=\"msacwl-img\" src=\"https:\/\/www.rivera.gub.uy\/portal\/wp-content\/uploads\/2021\/05\/2-10.jpg\"  data-title=\"\" alt=\"\" \/>\r\n\t\t\t\t<\/a>\r\n\t\t\t\t\t\t\t\t\t<div class=\"msacwl-gallery-caption\">\r\n\t\t\t\t\t\t\t\t\t\t\t\t\t<span class=\"image_title\"><\/span>\r\n\t\t\t\t\t\t\t\t\t\t\t\t\t<span><\/span>\r\n\t\t\t\t\t\t \t\t\t\t\t<\/div>\r\n\t\t\t\t\t\t\t<\/div>\r\n\t\t\t\t\t\t<div class=\"msacwl-slide\" data-item-index=\"3\" >\r\n\t\t\t\t<a class=\"msacwl-img-link\" href=\"javascript:void(0);\" data-mfp-src=\"https:\/\/www.rivera.gub.uy\/portal\/wp-content\/uploads\/2021\/05\/3-10.jpg\">\r\n\t\t\t\t\t<img decoding=\"async\" class=\"msacwl-img\" src=\"https:\/\/www.rivera.gub.uy\/portal\/wp-content\/uploads\/2021\/05\/3-10.jpg\"  data-title=\"\" alt=\"\" \/>\r\n\t\t\t\t<\/a>\r\n\t\t\t\t\t\t\t\t\t<div class=\"msacwl-gallery-caption\">\r\n\t\t\t\t\t\t\t\t\t\t\t\t\t<span class=\"image_title\"><\/span>\r\n\t\t\t\t\t\t\t\t\t\t\t\t\t<span><\/span>\r\n\t\t\t\t\t\t \t\t\t\t\t<\/div>\r\n\t\t\t\t\t\t\t<\/div>\r\n\t\t\t\t\t\t<div class=\"msacwl-slide\" data-item-index=\"4\" >\r\n\t\t\t\t<a class=\"msacwl-img-link\" href=\"javascript:void(0);\" data-mfp-src=\"https:\/\/www.rivera.gub.uy\/portal\/wp-content\/uploads\/2021\/05\/4-8.jpg\">\r\n\t\t\t\t\t<img decoding=\"async\" class=\"msacwl-img\" src=\"https:\/\/www.rivera.gub.uy\/portal\/wp-content\/uploads\/2021\/05\/4-8.jpg\"  data-title=\"\" alt=\"\" \/>\r\n\t\t\t\t<\/a>\r\n\t\t\t\t\t\t\t\t\t<div class=\"msacwl-gallery-caption\">\r\n\t\t\t\t\t\t\t\t\t\t\t\t\t<span class=\"image_title\"><\/span>\r\n\t\t\t\t\t\t\t\t\t\t\t\t\t<span><\/span>\r\n\t\t\t\t\t\t \t\t\t\t\t<\/div>\r\n\t\t\t\t\t\t\t<\/div>\r\n\t\t\t\t\t<\/div>\r\n\t<\/div>\r\n\r\n\t\n<p>&nbsp;<\/p>\n<p>La prestaci\u00f3n que reciban las personas seleccionadas no poseer\u00e1 naturaleza salarial ni retributiva, y ser\u00e1 personal e intransferible.<\/p>\n<p>Quienes participen del Programa no integrar\u00e1n las n\u00f3minas de personal del gobierno departamental, ni estar\u00e1n comprendidos en sus reg\u00edmenes de remuneraciones y beneficios.<\/p>\n<p>Pueden realizarse consultas a trav\u00e9s\u00a0del formulario\u00a0<a href=\"https:\/\/www.gub.uy\/oportunidad-laboral\/consultas\" target=\"_blank\" rel=\"noopener noreferrer\">www.gub.uy\/oportunidad-laboral\/consultas<\/a> , por Whatsapp al <a href=\"tel:+59898431900\">098 431 900<\/a> o en forma presencial hasta el viernes 21 de mayo, de 08:15 a 15:00 horas, en puestos ubicados en la Terminal de \u00d3mnibus.<\/p>\n<p>&nbsp;<\/p>\n<p><iframe loading=\"lazy\" title=\"Oportunidad Laboral\" width=\"1160\" height=\"653\" src=\"https:\/\/www.youtube.com\/embed\/vyZLkfLMxCc?feature=oembed\" frameborder=\"0\" allow=\"accelerometer; autoplay; clipboard-write; encrypted-media; gyroscope; picture-in-picture\" allowfullscreen><\/iframe><\/p>\n","protected":false},"excerpt":{"rendered":"<p>533 empleos para desempe\u00f1ar funciones en la Intendencia de Rivera. Hasta el 21 de mayo, los interesados podr\u00e1n inscribirse en l\u00ednea ingresando a www.gub.uy\/oportunidad-laboral<\/p>\n","protected":false},"author":7,"featured_media":29634,"comment_status":"open","ping_status":"open","sticky":false,"template":"","format":"standard","meta":{"footnotes":""},"categories":[3,1],"tags":[36,1245,1249,241],"class_list":["post-29630","post","type-post","status-publish","format-standard","has-post-thumbnail","hentry","category-multimedia","category-novedades","tag-intendencia","tag-jornales","tag-laborales","tag-llamado"],"_links":{"self":[{"href":"https:\/\/www.rivera.gub.uy\/portal\/wp-json\/wp\/v2\/posts\/29630","targetHints":{"allow":["GET"]}}],"collection":[{"href":"https:\/\/www.rivera.gub.uy\/portal\/wp-json\/wp\/v2\/posts"}],"about":[{"href":"https:\/\/www.rivera.gub.uy\/portal\/wp-json\/wp\/v2\/types\/post"}],"author":[{"embeddable":true,"href":"https:\/\/www.rivera.gub.uy\/portal\/wp-json\/wp\/v2\/users\/7"}],"replies":[{"embeddable":true,"href":"https:\/\/www.rivera.gub.uy\/portal\/wp-json\/wp\/v2\/comments?post=29630"}],"version-history":[{"count":1,"href":"https:\/\/www.rivera.gub.uy\/portal\/wp-json\/wp\/v2\/posts\/29630\/revisions"}],"predecessor-version":[{"id":29635,"href":"https:\/\/www.rivera.gub.uy\/portal\/wp-json\/wp\/v2\/posts\/29630\/revisions\/29635"}],"wp:featuredmedia":[{"embeddable":true,"href":"https:\/\/www.rivera.gub.uy\/portal\/wp-json\/wp\/v2\/media\/29634"}],"wp:attachment":[{"href":"https:\/\/www.rivera.gub.uy\/portal\/wp-json\/wp\/v2\/media?parent=29630"}],"wp:term":[{"taxonomy":"category","embeddable":true,"href":"https:\/\/www.rivera.gub.uy\/portal\/wp-json\/wp\/v2\/categories?post=29630"},{"taxonomy":"post_tag","embeddable":true,"href":"https:\/\/www.rivera.gub.uy\/portal\/wp-json\/wp\/v2\/tags?post=29630"}],"curies":[{"name":"wp","href":"https:\/\/api.w.org\/{rel}","templated":true}]}}