{"id":29835,"date":"2021-05-29T23:54:12","date_gmt":"2021-05-30T02:54:12","guid":{"rendered":"https:\/\/www.rivera.gub.uy\/portal\/?p=29835"},"modified":"2021-05-31T20:19:24","modified_gmt":"2021-05-31T23:19:24","slug":"vacunacion-rural-covid-19","status":"publish","type":"post","link":"https:\/\/www.rivera.gub.uy\/portal\/vacunacion-rural-covid-19\/","title":{"rendered":"Vacunaci\u00f3n Rural: COVID-19"},"content":{"rendered":"<p>A partir del lunes 31 de mayo, a trav\u00e9s de una acci\u00f3n conjunta entre la Intendencia de Rivera y el Ministerio de Salud p\u00fablica, se iniciar\u00e1 el recorrido rural para la vacunaci\u00f3n COVID-19.<\/p>\n<p><!--more--><\/p>\n<p><strong>Lunes 31 de mayo\u00a0<\/strong><\/p>\n<ul>\n<li>De 9:00 a 12:00 horas en <strong>Policl\u00ednica Masoller<\/strong><\/li>\n<li>Poblaci\u00f3n:\n<ul>\n<li>Thomas Albornoz<\/li>\n<li>Pueblo Fern\u00e1ndez<\/li>\n<\/ul>\n<\/li>\n<li>De 13:00 a 15:00 horas: <strong>La Palma <b>y Gayre<\/b><\/strong><\/li>\n<li>Poblaci\u00f3n:\n<ul>\n<li>Lunarejo<\/li>\n<li>La Palma<\/li>\n<li>Sauzal<\/li>\n<li>Rubio Chico<\/li>\n<li>Boquer\u00f3n<\/li>\n<li>Manuel Diaz<\/li>\n<li>Tres Cerros<\/li>\n<li>Rinc\u00f3n de los Moraes<\/li>\n<\/ul>\n<\/li>\n<\/ul>\n<p><strong>Martes 1\u00b0 de junio<\/strong><\/p>\n<ul>\n<li>De 9:00 a 12:00 horas: <strong>Cerro Pelado<\/strong><\/li>\n<li>Poblaci\u00f3n:<strong><br \/>\n<\/strong><\/p>\n<ul>\n<li>Tres Puentes<\/li>\n<li>Villa Indart<\/li>\n<li>Cerro Pelado al este<\/li>\n<\/ul>\n<\/li>\n<li>De 14:00 a 16:00 horas: <b>Escuela 13, La Calera<\/b><\/li>\n<li>Poblaci\u00f3n:\n<ul>\n<li>Mangueras<\/li>\n<li>Puntas de Corrales<\/li>\n<\/ul>\n<\/li>\n<\/ul>\n<p><strong>Mi\u00e9rcoles 2 de junio<\/strong><\/p>\n<ul>\n<li>De 9:00 a 12:00 horas: <strong>Policl\u00ednica Lapuente<\/strong><\/li>\n<li>Poblaci\u00f3n:\n<ul>\n<li>Lapuente<\/li>\n<li>Cruz de San Pedro<\/li>\n<\/ul>\n<\/li>\n<li>De 14:00 a 17:00 horas: Cerrillada<\/li>\n<li>Poblaci\u00f3n:\n<ul>\n<li>Cerrillada<\/li>\n<li>Guaviy\u00fa<\/li>\n<\/ul>\n<\/li>\n<\/ul>\n<p><strong>Jueves 3 de junio<\/strong><\/p>\n<ul>\n<li>De 9:00 a 11:00 horas: <strong>Policl\u00ednica Las Flores<\/strong><\/li>\n<li>Poblaci\u00f3n:<strong><br \/>\n<\/strong><\/p>\n<ul>\n<li>Paso Monteiro<\/li>\n<li>Cortume<\/li>\n<li>Carpinter\u00eda<\/li>\n<li>Rinc\u00f3n de Yaguar\u00ed<\/li>\n<li>Paso Casildo<\/li>\n<\/ul>\n<\/li>\n<li>De 13:00 a 16:00 horas: <strong>Policl\u00ednica Amarillo<\/strong><\/li>\n<li>Poblaci\u00f3n:<strong><br \/>\n<\/strong><\/p>\n<ul>\n<li>Rinc\u00f3n de los Rodr\u00edguez<\/li>\n<li>La Caillava<\/li>\n<\/ul>\n<\/li>\n<\/ul>\n<p><strong>Viernes 4 de junio<\/strong><\/p>\n<ul>\n<li>De 9:00 a 13:00 horas: <strong>Policl\u00ednica Moirones<\/strong>\n<ul>\n<li>Moirones<\/li>\n<\/ul>\n<\/li>\n<\/ul>\n<p><strong>Lunes 7 de junio<\/strong><\/p>\n<ul>\n<li>De 9:00 a 13:00 horas: <strong>Policl\u00ednica Paso Ataques<\/strong><\/li>\n<li>Poblaci\u00f3n:<strong><br \/>\n<\/strong><\/p>\n<ul>\n<li>Cap\u00f3n Alto<\/li>\n<li>Batov\u00ed<\/li>\n<li>Paso Tapado<\/li>\n<\/ul>\n<\/li>\n<\/ul>\n<p><strong>Martes 8 de junio<\/strong><\/p>\n<ul>\n<li>De 9:00 a 15:00 horas: <strong>Policl\u00ednica Vichadero<\/strong>\n<ul>\n<li>Paso Hospital<\/li>\n<li>Pueblo de los Santos<\/li>\n<li>Arriera<\/li>\n<li>Sarand\u00ed del Rio Negro<\/li>\n<li>Mazangano<\/li>\n<li>Arroyo Blanco<\/li>\n<li>Paso del Parque<\/li>\n<li>Coronilla<\/li>\n<li>Abrojal<\/li>\n<li>Alborada<\/li>\n<\/ul>\n<\/li>\n<\/ul>\n<p>&nbsp;<\/p>\n\r\n\t<div class=\"msacwl-slider-wrap msacwl-row-clearfix \" data-conf=\"{&quot;autoplay&quot;:&quot;true&quot;,&quot;autoplay_speed&quot;:3000,&quot;speed&quot;:300,&quot;arrows&quot;:&quot;true&quot;,&quot;dots&quot;:&quot;true&quot;,&quot;lazyload&quot;:&quot;&quot;}\">\r\n\t\t<div id=\"msacwl-slider-1\" class=\"msacwl-slider msacwl-common-slider msacwl-slider-popup\">\r\n\t\t\t\t\t\t<div class=\"msacwl-slide\" data-item-index=\"1\" >\r\n\t\t\t\t<a class=\"msacwl-img-link\" href=\"javascript:void(0);\" data-mfp-src=\"https:\/\/www.rivera.gub.uy\/portal\/wp-content\/uploads\/2021\/05\/Banner-Vacunacion-Pueblo-a-Pueblo-0106.png\">\r\n\t\t\t\t\t<img decoding=\"async\" class=\"msacwl-img\" src=\"https:\/\/www.rivera.gub.uy\/portal\/wp-content\/uploads\/2021\/05\/Banner-Vacunacion-Pueblo-a-Pueblo-0106.png\"  data-title=\"1 junio\" alt=\"\" \/>\r\n\t\t\t\t<\/a>\r\n\t\t\t\t\t\t\t\t\t<div class=\"msacwl-gallery-caption\">\r\n\t\t\t\t\t\t\t\t\t\t\t\t\t<span class=\"image_title\">1 junio<\/span>\r\n\t\t\t\t\t\t\t\t\t\t\t\t\t<span><\/span>\r\n\t\t\t\t\t\t \t\t\t\t\t<\/div>\r\n\t\t\t\t\t\t\t<\/div>\r\n\t\t\t\t\t\t<div class=\"msacwl-slide\" data-item-index=\"2\" >\r\n\t\t\t\t<a class=\"msacwl-img-link\" href=\"javascript:void(0);\" data-mfp-src=\"https:\/\/www.rivera.gub.uy\/portal\/wp-content\/uploads\/2021\/05\/Banner-Vacunacion-Pueblo-a-Pueblo-0206.png\">\r\n\t\t\t\t\t<img decoding=\"async\" class=\"msacwl-img\" src=\"https:\/\/www.rivera.gub.uy\/portal\/wp-content\/uploads\/2021\/05\/Banner-Vacunacion-Pueblo-a-Pueblo-0206.png\"  data-title=\"2 junio\" alt=\"\" \/>\r\n\t\t\t\t<\/a>\r\n\t\t\t\t\t\t\t\t\t<div class=\"msacwl-gallery-caption\">\r\n\t\t\t\t\t\t\t\t\t\t\t\t\t<span class=\"image_title\">2 junio<\/span>\r\n\t\t\t\t\t\t\t\t\t\t\t\t\t<span><\/span>\r\n\t\t\t\t\t\t \t\t\t\t\t<\/div>\r\n\t\t\t\t\t\t\t<\/div>\r\n\t\t\t\t\t\t<div class=\"msacwl-slide\" data-item-index=\"3\" >\r\n\t\t\t\t<a class=\"msacwl-img-link\" href=\"javascript:void(0);\" data-mfp-src=\"https:\/\/www.rivera.gub.uy\/portal\/wp-content\/uploads\/2021\/05\/Banner-Vacunacion-Pueblo-a-Pueblo-0306.png\">\r\n\t\t\t\t\t<img decoding=\"async\" class=\"msacwl-img\" src=\"https:\/\/www.rivera.gub.uy\/portal\/wp-content\/uploads\/2021\/05\/Banner-Vacunacion-Pueblo-a-Pueblo-0306.png\"  data-title=\"3 junio\" alt=\"\" \/>\r\n\t\t\t\t<\/a>\r\n\t\t\t\t\t\t\t\t\t<div class=\"msacwl-gallery-caption\">\r\n\t\t\t\t\t\t\t\t\t\t\t\t\t<span class=\"image_title\">3 junio<\/span>\r\n\t\t\t\t\t\t\t\t\t\t\t\t\t<span><\/span>\r\n\t\t\t\t\t\t \t\t\t\t\t<\/div>\r\n\t\t\t\t\t\t\t<\/div>\r\n\t\t\t\t\t\t<div class=\"msacwl-slide\" data-item-index=\"4\" >\r\n\t\t\t\t<a class=\"msacwl-img-link\" href=\"javascript:void(0);\" data-mfp-src=\"https:\/\/www.rivera.gub.uy\/portal\/wp-content\/uploads\/2021\/05\/Banner-Vacunacion-Pueblo-a-Pueblo-0406.png\">\r\n\t\t\t\t\t<img decoding=\"async\" class=\"msacwl-img\" src=\"https:\/\/www.rivera.gub.uy\/portal\/wp-content\/uploads\/2021\/05\/Banner-Vacunacion-Pueblo-a-Pueblo-0406.png\"  data-title=\"4 junio\" alt=\"\" \/>\r\n\t\t\t\t<\/a>\r\n\t\t\t\t\t\t\t\t\t<div class=\"msacwl-gallery-caption\">\r\n\t\t\t\t\t\t\t\t\t\t\t\t\t<span class=\"image_title\">4 junio<\/span>\r\n\t\t\t\t\t\t\t\t\t\t\t\t\t<span><\/span>\r\n\t\t\t\t\t\t \t\t\t\t\t<\/div>\r\n\t\t\t\t\t\t\t<\/div>\r\n\t\t\t\t\t\t<div class=\"msacwl-slide\" data-item-index=\"5\" >\r\n\t\t\t\t<a class=\"msacwl-img-link\" href=\"javascript:void(0);\" data-mfp-src=\"https:\/\/www.rivera.gub.uy\/portal\/wp-content\/uploads\/2021\/05\/Banner-Vacunacion-Pueblo-a-Pueblo-0706.png\">\r\n\t\t\t\t\t<img decoding=\"async\" class=\"msacwl-img\" src=\"https:\/\/www.rivera.gub.uy\/portal\/wp-content\/uploads\/2021\/05\/Banner-Vacunacion-Pueblo-a-Pueblo-0706.png\"  data-title=\"7 junio\" alt=\"\" \/>\r\n\t\t\t\t<\/a>\r\n\t\t\t\t\t\t\t\t\t<div class=\"msacwl-gallery-caption\">\r\n\t\t\t\t\t\t\t\t\t\t\t\t\t<span class=\"image_title\">7 junio<\/span>\r\n\t\t\t\t\t\t\t\t\t\t\t\t\t<span><\/span>\r\n\t\t\t\t\t\t \t\t\t\t\t<\/div>\r\n\t\t\t\t\t\t\t<\/div>\r\n\t\t\t\t\t\t<div class=\"msacwl-slide\" data-item-index=\"6\" >\r\n\t\t\t\t<a class=\"msacwl-img-link\" href=\"javascript:void(0);\" data-mfp-src=\"https:\/\/www.rivera.gub.uy\/portal\/wp-content\/uploads\/2021\/05\/Banner-Vacunacion-Pueblo-a-Pueblo-0806.png\">\r\n\t\t\t\t\t<img decoding=\"async\" class=\"msacwl-img\" src=\"https:\/\/www.rivera.gub.uy\/portal\/wp-content\/uploads\/2021\/05\/Banner-Vacunacion-Pueblo-a-Pueblo-0806.png\"  data-title=\"8 junio\" alt=\"\" \/>\r\n\t\t\t\t<\/a>\r\n\t\t\t\t\t\t\t\t\t<div class=\"msacwl-gallery-caption\">\r\n\t\t\t\t\t\t\t\t\t\t\t\t\t<span class=\"image_title\">8 junio<\/span>\r\n\t\t\t\t\t\t\t\t\t\t\t\t\t<span><\/span>\r\n\t\t\t\t\t\t \t\t\t\t\t<\/div>\r\n\t\t\t\t\t\t\t<\/div>\r\n\t\t\t\t\t\t<div class=\"msacwl-slide\" data-item-index=\"7\" >\r\n\t\t\t\t<a class=\"msacwl-img-link\" href=\"javascript:void(0);\" data-mfp-src=\"https:\/\/www.rivera.gub.uy\/portal\/wp-content\/uploads\/2021\/05\/Banner-Vacunacion-Pueblo-a-Pueblo-3105.png\">\r\n\t\t\t\t\t<img decoding=\"async\" class=\"msacwl-img\" src=\"https:\/\/www.rivera.gub.uy\/portal\/wp-content\/uploads\/2021\/05\/Banner-Vacunacion-Pueblo-a-Pueblo-3105.png\"  data-title=\"31 mayo\" alt=\"\" \/>\r\n\t\t\t\t<\/a>\r\n\t\t\t\t\t\t\t\t\t<div class=\"msacwl-gallery-caption\">\r\n\t\t\t\t\t\t\t\t\t\t\t\t\t<span class=\"image_title\">31 mayo<\/span>\r\n\t\t\t\t\t\t\t\t\t\t\t\t\t<span><\/span>\r\n\t\t\t\t\t\t \t\t\t\t\t<\/div>\r\n\t\t\t\t\t\t\t<\/div>\r\n\t\t\t\t\t<\/div>\r\n\t<\/div>\r\n\r\n\t\n","protected":false},"excerpt":{"rendered":"<p>A partir del lunes 31 de mayo, a trav\u00e9s de una acci\u00f3n conjunta entre la Intendencia de Rivera y el Ministerio de Salud p\u00fablica, se iniciar\u00e1 el recorrido rural para la vacunaci\u00f3n COVID-19.<\/p>\n","protected":false},"author":7,"featured_media":29315,"comment_status":"open","ping_status":"open","sticky":false,"template":"","format":"standard","meta":{"footnotes":""},"categories":[1122,1],"tags":[],"class_list":["post-29835","post","type-post","status-publish","format-standard","has-post-thumbnail","hentry","category-coronavirus","category-novedades"],"_links":{"self":[{"href":"https:\/\/www.rivera.gub.uy\/portal\/wp-json\/wp\/v2\/posts\/29835","targetHints":{"allow":["GET"]}}],"collection":[{"href":"https:\/\/www.rivera.gub.uy\/portal\/wp-json\/wp\/v2\/posts"}],"about":[{"href":"https:\/\/www.rivera.gub.uy\/portal\/wp-json\/wp\/v2\/types\/post"}],"author":[{"embeddable":true,"href":"https:\/\/www.rivera.gub.uy\/portal\/wp-json\/wp\/v2\/users\/7"}],"replies":[{"embeddable":true,"href":"https:\/\/www.rivera.gub.uy\/portal\/wp-json\/wp\/v2\/comments?post=29835"}],"version-history":[{"count":7,"href":"https:\/\/www.rivera.gub.uy\/portal\/wp-json\/wp\/v2\/posts\/29835\/revisions"}],"predecessor-version":[{"id":29911,"href":"https:\/\/www.rivera.gub.uy\/portal\/wp-json\/wp\/v2\/posts\/29835\/revisions\/29911"}],"wp:featuredmedia":[{"embeddable":true,"href":"https:\/\/www.rivera.gub.uy\/portal\/wp-json\/wp\/v2\/media\/29315"}],"wp:attachment":[{"href":"https:\/\/www.rivera.gub.uy\/portal\/wp-json\/wp\/v2\/media?parent=29835"}],"wp:term":[{"taxonomy":"category","embeddable":true,"href":"https:\/\/www.rivera.gub.uy\/portal\/wp-json\/wp\/v2\/categories?post=29835"},{"taxonomy":"post_tag","embeddable":true,"href":"https:\/\/www.rivera.gub.uy\/portal\/wp-json\/wp\/v2\/tags?post=29835"}],"curies":[{"name":"wp","href":"https:\/\/api.w.org\/{rel}","templated":true}]}}