{"id":30018,"date":"2021-06-04T22:10:50","date_gmt":"2021-06-05T01:10:50","guid":{"rendered":"https:\/\/www.rivera.gub.uy\/portal\/?p=30018"},"modified":"2021-06-04T22:10:50","modified_gmt":"2021-06-05T01:10:50","slug":"educacion-y-desarrollo-economico-van-de-la-mano","status":"publish","type":"post","link":"https:\/\/www.rivera.gub.uy\/portal\/educacion-y-desarrollo-economico-van-de-la-mano\/","title":{"rendered":"Educaci\u00f3n y desarrollo econ\u00f3mico \u201cvan de la mano\u201d"},"content":{"rendered":"<p>Esta tarde el intendente departamental, Cr. Richard Sander Dar\u00edn, se reuni\u00f3 con la directora (I) del Centro Universitario Regional Noreste (sede Rivera),\u00a0 Dra. Isabel Barreto, quien tambi\u00e9n es la directora Regional de la Udelar.<!--more--><\/p>\n<p>El Intendente resalt\u00f3 la importancia del Centro y sobre todo acompa\u00f1ar el desarrollo de la Udelar en el territorio, \u201cun sue\u00f1o que tenemos hace mucho tiempo, es transformar a Rivera en una ciudad universitaria\u201d.<\/p>\n<p>&nbsp;<\/p>\n\r\n\t<div class=\"msacwl-slider-wrap msacwl-row-clearfix \" data-conf=\"{&quot;autoplay&quot;:&quot;true&quot;,&quot;autoplay_speed&quot;:3000,&quot;speed&quot;:300,&quot;arrows&quot;:&quot;true&quot;,&quot;dots&quot;:&quot;true&quot;,&quot;lazyload&quot;:&quot;&quot;}\">\r\n\t\t<div id=\"msacwl-slider-1\" class=\"msacwl-slider msacwl-common-slider msacwl-slider-popup\">\r\n\t\t\t\t\t\t<div class=\"msacwl-slide\" data-item-index=\"1\" >\r\n\t\t\t\t<a class=\"msacwl-img-link\" href=\"javascript:void(0);\" data-mfp-src=\"https:\/\/www.rivera.gub.uy\/portal\/wp-content\/uploads\/2021\/06\/1-5.jpg\">\r\n\t\t\t\t\t<img decoding=\"async\" class=\"msacwl-img\" src=\"https:\/\/www.rivera.gub.uy\/portal\/wp-content\/uploads\/2021\/06\/1-5.jpg\"  data-title=\"\" alt=\"\" \/>\r\n\t\t\t\t<\/a>\r\n\t\t\t\t\t\t\t\t\t<div class=\"msacwl-gallery-caption\">\r\n\t\t\t\t\t\t\t\t\t\t\t\t\t<span class=\"image_title\"><\/span>\r\n\t\t\t\t\t\t\t\t\t\t\t\t\t<span><\/span>\r\n\t\t\t\t\t\t \t\t\t\t\t<\/div>\r\n\t\t\t\t\t\t\t<\/div>\r\n\t\t\t\t\t\t<div class=\"msacwl-slide\" data-item-index=\"2\" >\r\n\t\t\t\t<a class=\"msacwl-img-link\" href=\"javascript:void(0);\" data-mfp-src=\"https:\/\/www.rivera.gub.uy\/portal\/wp-content\/uploads\/2021\/06\/2-5.jpg\">\r\n\t\t\t\t\t<img decoding=\"async\" class=\"msacwl-img\" src=\"https:\/\/www.rivera.gub.uy\/portal\/wp-content\/uploads\/2021\/06\/2-5.jpg\"  data-title=\"\" alt=\"\" \/>\r\n\t\t\t\t<\/a>\r\n\t\t\t\t\t\t\t\t\t<div class=\"msacwl-gallery-caption\">\r\n\t\t\t\t\t\t\t\t\t\t\t\t\t<span class=\"image_title\"><\/span>\r\n\t\t\t\t\t\t\t\t\t\t\t\t\t<span><\/span>\r\n\t\t\t\t\t\t \t\t\t\t\t<\/div>\r\n\t\t\t\t\t\t\t<\/div>\r\n\t\t\t\t\t\t<div class=\"msacwl-slide\" data-item-index=\"3\" >\r\n\t\t\t\t<a class=\"msacwl-img-link\" href=\"javascript:void(0);\" data-mfp-src=\"https:\/\/www.rivera.gub.uy\/portal\/wp-content\/uploads\/2021\/06\/3-5.jpg\">\r\n\t\t\t\t\t<img decoding=\"async\" class=\"msacwl-img\" src=\"https:\/\/www.rivera.gub.uy\/portal\/wp-content\/uploads\/2021\/06\/3-5.jpg\"  data-title=\"\" alt=\"\" \/>\r\n\t\t\t\t<\/a>\r\n\t\t\t\t\t\t\t\t\t<div class=\"msacwl-gallery-caption\">\r\n\t\t\t\t\t\t\t\t\t\t\t\t\t<span class=\"image_title\"><\/span>\r\n\t\t\t\t\t\t\t\t\t\t\t\t\t<span><\/span>\r\n\t\t\t\t\t\t \t\t\t\t\t<\/div>\r\n\t\t\t\t\t\t\t<\/div>\r\n\t\t\t\t\t<\/div>\r\n\t<\/div>\r\n\r\n\t\n<p>&nbsp;<\/p>\n<p>La directora, acompa\u00f1ada por la asistente acad\u00e9mica regional, Ing. Ludmila Profumo, la asistente acad\u00e9mica de Rivera, la Tec. Cynthia da Silva, y de la Lic. Ruth Torres, responsable de la Unidad de Comunicaci\u00f3n, invitaron al Intendente a recorrer las instalaciones.<\/p>\n<p>En la reuni\u00f3n se trataron temas de desarrollo, futuro hogar estudiantil, el cual se pretende instalar en el Polo educativo, y adem\u00e1s se plantearon diversas propuestas a desarrollar, proyectando actividades \u201cpost-Covid\u201d.<\/p>\n<p>\u201cTenemos que seguir so\u00f1ando, en que nuestro departamento siga progresando en lo educativo, y en el desarrollo productivo que vienen de la mano\u201d, expres\u00f3 el Intendente de Rivera.<\/p>\n<p>&nbsp;<\/p>\n<p><iframe loading=\"lazy\" title=\"Educaci\u00f3n y desarrollo econ\u00f3mico \u201cvan de la mano\u201d\" width=\"1160\" height=\"653\" src=\"https:\/\/www.youtube.com\/embed\/sZ7-d9StSIY?feature=oembed\" frameborder=\"0\" allow=\"accelerometer; autoplay; clipboard-write; encrypted-media; gyroscope; picture-in-picture\" allowfullscreen><\/iframe><\/p>\n","protected":false},"excerpt":{"rendered":"<p>Esta tarde el intendente departamental, Cr. Richard Sander Dar\u00edn, se reuni\u00f3 con la directora (I) del Centro Universitario Regional Noreste (sede Rivera),\u00a0 Dra. Isabel Barreto, quien tambi\u00e9n es la directora Regional de la Udelar.<\/p>\n","protected":false},"author":7,"featured_media":30020,"comment_status":"open","ping_status":"open","sticky":false,"template":"","format":"standard","meta":{"footnotes":""},"categories":[3,1],"tags":[36,33,126],"class_list":["post-30018","post","type-post","status-publish","format-standard","has-post-thumbnail","hentry","category-multimedia","category-novedades","tag-intendencia","tag-rivera","tag-udelar"],"_links":{"self":[{"href":"https:\/\/www.rivera.gub.uy\/portal\/wp-json\/wp\/v2\/posts\/30018","targetHints":{"allow":["GET"]}}],"collection":[{"href":"https:\/\/www.rivera.gub.uy\/portal\/wp-json\/wp\/v2\/posts"}],"about":[{"href":"https:\/\/www.rivera.gub.uy\/portal\/wp-json\/wp\/v2\/types\/post"}],"author":[{"embeddable":true,"href":"https:\/\/www.rivera.gub.uy\/portal\/wp-json\/wp\/v2\/users\/7"}],"replies":[{"embeddable":true,"href":"https:\/\/www.rivera.gub.uy\/portal\/wp-json\/wp\/v2\/comments?post=30018"}],"version-history":[{"count":2,"href":"https:\/\/www.rivera.gub.uy\/portal\/wp-json\/wp\/v2\/posts\/30018\/revisions"}],"predecessor-version":[{"id":30023,"href":"https:\/\/www.rivera.gub.uy\/portal\/wp-json\/wp\/v2\/posts\/30018\/revisions\/30023"}],"wp:featuredmedia":[{"embeddable":true,"href":"https:\/\/www.rivera.gub.uy\/portal\/wp-json\/wp\/v2\/media\/30020"}],"wp:attachment":[{"href":"https:\/\/www.rivera.gub.uy\/portal\/wp-json\/wp\/v2\/media?parent=30018"}],"wp:term":[{"taxonomy":"category","embeddable":true,"href":"https:\/\/www.rivera.gub.uy\/portal\/wp-json\/wp\/v2\/categories?post=30018"},{"taxonomy":"post_tag","embeddable":true,"href":"https:\/\/www.rivera.gub.uy\/portal\/wp-json\/wp\/v2\/tags?post=30018"}],"curies":[{"name":"wp","href":"https:\/\/api.w.org\/{rel}","templated":true}]}}