{"id":3008,"date":"2017-10-04T09:20:15","date_gmt":"2017-10-04T11:20:15","guid":{"rendered":"http:\/\/www.rivera.gub.uy\/portal\/?p=3008"},"modified":"2017-10-04T09:20:49","modified_gmt":"2017-10-04T11:20:49","slug":"4-de-octubre-dia-mundial-de-los-animales","status":"publish","type":"post","link":"https:\/\/www.rivera.gub.uy\/portal\/4-de-octubre-dia-mundial-de-los-animales\/","title":{"rendered":"4 de Octubre: D\u00eda Mundial de los Animales"},"content":{"rendered":"<p>En el a\u00f1o 1929, el 4 de octubre fue declarado D\u00eda Mundial de los Animales, por iniciativa de la Organizaci\u00f3n Mundial de Protecci\u00f3n Animal en congreso celebrado en Viena.<!--more--><br \/>\nEn el marco del D\u00eda de los Animales destacamos las m\u00e1s de 150 especies de aves registradas en el \u00c1rea Protegida del Valle del Lunarejo, algunas de estas especies habitan \u00fanicamente esta zona. Dentro de las aves se encuentran: seriema, maracan\u00e1, tachur\u00ed coludo, bandurria amarilla y la viudita colorada, gavil\u00e1n pardo, corbatita boina negra, entre otros. Los anfibios m\u00e1s representativos son la ranita uruguaya y el sapito Devincenzi.<\/p>\n<p>Entre los reptiles se destacan la v\u00edbora de cascabel, que se encuentra extinta en el sur de Uruguay, la yarar\u00e1, la v\u00edbora de coral, y la crucera. Entre los mam\u00edferos est\u00e1n el oso hormiguero chico, el tat\u00fa rabo molle, el gato margay, el coat\u00ed, el coend\u00fa, zorro perro, comadreja mora, jabal\u00ed y el guazubir\u00e1.<\/p>\n<p>Esta conmemoraci\u00f3n naci\u00f3 en Florencia, Italia, en 1931 en una convenci\u00f3n de ecologistas. Por ese motivo en este d\u00eda se celebra la vida animal en todas sus formas con eventos especiales en todo el mundo.<\/p>\n<div id='gallery-1' class='gallery galleryid-3008 gallery-columns-2 gallery-size-medium'><figure class='gallery-item'>\n\t\t\t<div class='gallery-icon landscape'>\n\t\t\t\t<a href='https:\/\/www.rivera.gub.uy\/portal\/wp-content\/uploads\/2017\/10\/015fa80e-33cc-48e5-8b60-e09456a869db.jpg'><img loading=\"lazy\" decoding=\"async\" width=\"188\" height=\"188\" src=\"https:\/\/www.rivera.gub.uy\/portal\/wp-content\/uploads\/2017\/10\/015fa80e-33cc-48e5-8b60-e09456a869db-188x188.jpg\" class=\"attachment-medium size-medium\" alt=\"\" srcset=\"https:\/\/www.rivera.gub.uy\/portal\/wp-content\/uploads\/2017\/10\/015fa80e-33cc-48e5-8b60-e09456a869db-188x188.jpg 188w, https:\/\/www.rivera.gub.uy\/portal\/wp-content\/uploads\/2017\/10\/015fa80e-33cc-48e5-8b60-e09456a869db-94x94.jpg 94w, https:\/\/www.rivera.gub.uy\/portal\/wp-content\/uploads\/2017\/10\/015fa80e-33cc-48e5-8b60-e09456a869db-768x768.jpg 768w, https:\/\/www.rivera.gub.uy\/portal\/wp-content\/uploads\/2017\/10\/015fa80e-33cc-48e5-8b60-e09456a869db-626x626.jpg 626w, https:\/\/www.rivera.gub.uy\/portal\/wp-content\/uploads\/2017\/10\/015fa80e-33cc-48e5-8b60-e09456a869db-820x820.jpg 820w, https:\/\/www.rivera.gub.uy\/portal\/wp-content\/uploads\/2017\/10\/015fa80e-33cc-48e5-8b60-e09456a869db.jpg 1024w\" sizes=\"auto, (max-width: 188px) 100vw, 188px\" \/><\/a>\n\t\t\t<\/div><\/figure><figure class='gallery-item'>\n\t\t\t<div class='gallery-icon landscape'>\n\t\t\t\t<a href='https:\/\/www.rivera.gub.uy\/portal\/wp-content\/uploads\/2017\/10\/366971cb-8374-48ec-b42d-fbfb5781695d.jpg'><img loading=\"lazy\" decoding=\"async\" width=\"188\" height=\"188\" src=\"https:\/\/www.rivera.gub.uy\/portal\/wp-content\/uploads\/2017\/10\/366971cb-8374-48ec-b42d-fbfb5781695d-188x188.jpg\" class=\"attachment-medium size-medium\" alt=\"\" srcset=\"https:\/\/www.rivera.gub.uy\/portal\/wp-content\/uploads\/2017\/10\/366971cb-8374-48ec-b42d-fbfb5781695d-188x188.jpg 188w, https:\/\/www.rivera.gub.uy\/portal\/wp-content\/uploads\/2017\/10\/366971cb-8374-48ec-b42d-fbfb5781695d-94x94.jpg 94w, https:\/\/www.rivera.gub.uy\/portal\/wp-content\/uploads\/2017\/10\/366971cb-8374-48ec-b42d-fbfb5781695d-768x768.jpg 768w, https:\/\/www.rivera.gub.uy\/portal\/wp-content\/uploads\/2017\/10\/366971cb-8374-48ec-b42d-fbfb5781695d-626x626.jpg 626w, https:\/\/www.rivera.gub.uy\/portal\/wp-content\/uploads\/2017\/10\/366971cb-8374-48ec-b42d-fbfb5781695d-820x820.jpg 820w, https:\/\/www.rivera.gub.uy\/portal\/wp-content\/uploads\/2017\/10\/366971cb-8374-48ec-b42d-fbfb5781695d.jpg 1024w\" sizes=\"auto, (max-width: 188px) 100vw, 188px\" \/><\/a>\n\t\t\t<\/div><\/figure>\n\t\t<\/div>\n\n","protected":false},"excerpt":{"rendered":"<p>En el a\u00f1o 1929, el 4 de octubre fue declarado D\u00eda Mundial de los Animales, por iniciativa de la Organizaci\u00f3n Mundial de Protecci\u00f3n Animal en congreso celebrado en Viena.<\/p>\n","protected":false},"author":7,"featured_media":3009,"comment_status":"open","ping_status":"open","sticky":false,"template":"","format":"standard","meta":{"footnotes":""},"categories":[6,1],"tags":[86,212,36,213,33],"class_list":["post-3008","post","type-post","status-publish","format-standard","has-post-thumbnail","hentry","category-cultura","category-novedades","tag-animales","tag-dia-mundial","tag-intendencia","tag-mascotas","tag-rivera"],"_links":{"self":[{"href":"https:\/\/www.rivera.gub.uy\/portal\/wp-json\/wp\/v2\/posts\/3008","targetHints":{"allow":["GET"]}}],"collection":[{"href":"https:\/\/www.rivera.gub.uy\/portal\/wp-json\/wp\/v2\/posts"}],"about":[{"href":"https:\/\/www.rivera.gub.uy\/portal\/wp-json\/wp\/v2\/types\/post"}],"author":[{"embeddable":true,"href":"https:\/\/www.rivera.gub.uy\/portal\/wp-json\/wp\/v2\/users\/7"}],"replies":[{"embeddable":true,"href":"https:\/\/www.rivera.gub.uy\/portal\/wp-json\/wp\/v2\/comments?post=3008"}],"version-history":[{"count":1,"href":"https:\/\/www.rivera.gub.uy\/portal\/wp-json\/wp\/v2\/posts\/3008\/revisions"}],"predecessor-version":[{"id":3011,"href":"https:\/\/www.rivera.gub.uy\/portal\/wp-json\/wp\/v2\/posts\/3008\/revisions\/3011"}],"wp:featuredmedia":[{"embeddable":true,"href":"https:\/\/www.rivera.gub.uy\/portal\/wp-json\/wp\/v2\/media\/3009"}],"wp:attachment":[{"href":"https:\/\/www.rivera.gub.uy\/portal\/wp-json\/wp\/v2\/media?parent=3008"}],"wp:term":[{"taxonomy":"category","embeddable":true,"href":"https:\/\/www.rivera.gub.uy\/portal\/wp-json\/wp\/v2\/categories?post=3008"},{"taxonomy":"post_tag","embeddable":true,"href":"https:\/\/www.rivera.gub.uy\/portal\/wp-json\/wp\/v2\/tags?post=3008"}],"curies":[{"name":"wp","href":"https:\/\/api.w.org\/{rel}","templated":true}]}}