{"id":3012,"date":"2017-10-04T13:05:58","date_gmt":"2017-10-04T15:05:58","guid":{"rendered":"http:\/\/www.rivera.gub.uy\/portal\/?p=3012"},"modified":"2017-10-06T01:24:29","modified_gmt":"2017-10-06T03:24:29","slug":"cierre-de-curso-de-peluqueria-y-colorimetria-del-centro-barrial-la-hormiga","status":"publish","type":"post","link":"https:\/\/www.rivera.gub.uy\/portal\/cierre-de-curso-de-peluqueria-y-colorimetria-del-centro-barrial-la-hormiga\/","title":{"rendered":"Cierre de Curso de Peluquer\u00eda y Colorimetr\u00eda del Centro Barrial \u201cLa Hormiga\u201d"},"content":{"rendered":"<p class=\"western\"><span style=\"font-size: large\">El martes 3 de octubre se celebr\u00f3 en el Centro Barrial \u201cLa Hormiga\u201d el cierre de capacitaciones del curso de Peluquer\u00eda y Colorimetr\u00eda.<\/span><\/p>\n<p class=\"western\"><span style=\"font-size: large\">En presencia del Intendente Departamental Marne Osorio Lima, el director de Promoci\u00f3n y Acci\u00f3n Social, Cr. Giovani Conti, Coordinador del Dpto. Territorial, Oscar Far\u00edas, la docente y Coordinadora del Centro Susan L\u00f3pez entre otros, se realiz\u00f3 el desfile donde cada alumno que culminaba la capacitaci\u00f3n demostraba -a trav\u00e9s de sus modelos- el trabajo realizado durante el a\u00f1o.<\/span><!--more--><\/p>\n<p class=\"western\"><span style=\"font-size: large\">Participaron adem\u00e1s vecinos de otros barrios de la ciudad que forman parte de grupos de zumba y fitness, realizando presentaciones a ritmo de la m\u00fasica, frente al Centro Barrial.<\/span><\/p>\n<p class=\"western\"><span style=\"font-size: large\">Con excelente marco de p\u00fablico se realiz\u00f3 el desfile y a posterior se procedi\u00f3 a la entrega de los Certificados correspondientes a 14 alumnos que culminaron el curso.<\/span><\/p>\n<p class=\"western\"><span style=\"font-size: large\">La docente Susan L\u00f3pez, manifest\u00f3 su satisfacci\u00f3n por los 4 a\u00f1os que viene realizando esta capacitaci\u00f3n en el Cantro Barrial y anunci\u00f3 que aparte de fitness, zumba y odontolog\u00eda, se vienen nuevas capacitaciones como, mu\u00f1equer\u00eda en tela, trabajos en goma eva y curso de cocina.<\/span><\/p>\n<p class=\"western\"><span style=\"font-size: large\">Por su parte el mandatario agreg\u00f3: \u201cEsto es una nueva oportunidad para que los que se recibieron, que puedan tener herramientas para encontrar trabajo y poder ayudar a sus familias. De eso se trata de fortalecer a los barrios y ver el entusiasmo de los que est\u00e1n egresando, esto nos est\u00e1 indicando que este programa de capacitaciones es positivo y ver que los que se capacitan puedan llevar con dignidad el sustento para sus mesas\u201d.<\/span><\/p>\n<p>&nbsp;<\/p>\n<div id='gallery-1' class='gallery galleryid-3012 gallery-columns-6 gallery-size-thumbnail'><figure class='gallery-item'>\n\t\t\t<div class='gallery-icon landscape'>\n\t\t\t\t<a href='https:\/\/www.rivera.gub.uy\/portal\/wp-content\/uploads\/2017\/10\/DSC_0060-Copiar.jpg'><img loading=\"lazy\" decoding=\"async\" width=\"132\" height=\"94\" src=\"https:\/\/www.rivera.gub.uy\/portal\/wp-content\/uploads\/2017\/10\/DSC_0060-Copiar-132x94.jpg\" class=\"attachment-thumbnail size-thumbnail\" alt=\"\" srcset=\"https:\/\/www.rivera.gub.uy\/portal\/wp-content\/uploads\/2017\/10\/DSC_0060-Copiar-132x94.jpg 132w, https:\/\/www.rivera.gub.uy\/portal\/wp-content\/uploads\/2017\/10\/DSC_0060-Copiar-263x188.jpg 263w, https:\/\/www.rivera.gub.uy\/portal\/wp-content\/uploads\/2017\/10\/DSC_0060-Copiar-768x549.jpg 768w, https:\/\/www.rivera.gub.uy\/portal\/wp-content\/uploads\/2017\/10\/DSC_0060-Copiar-876x626.jpg 876w, https:\/\/www.rivera.gub.uy\/portal\/wp-content\/uploads\/2017\/10\/DSC_0060-Copiar-820x586.jpg 820w, https:\/\/www.rivera.gub.uy\/portal\/wp-content\/uploads\/2017\/10\/DSC_0060-Copiar.jpg 1260w\" sizes=\"auto, (max-width: 132px) 100vw, 132px\" \/><\/a>\n\t\t\t<\/div><\/figure><figure class='gallery-item'>\n\t\t\t<div class='gallery-icon landscape'>\n\t\t\t\t<a href='https:\/\/www.rivera.gub.uy\/portal\/wp-content\/uploads\/2017\/10\/DSC_0219-Copiar.jpg'><img loading=\"lazy\" decoding=\"async\" width=\"132\" height=\"94\" src=\"https:\/\/www.rivera.gub.uy\/portal\/wp-content\/uploads\/2017\/10\/DSC_0219-Copiar-132x94.jpg\" class=\"attachment-thumbnail size-thumbnail\" alt=\"\" srcset=\"https:\/\/www.rivera.gub.uy\/portal\/wp-content\/uploads\/2017\/10\/DSC_0219-Copiar-132x94.jpg 132w, https:\/\/www.rivera.gub.uy\/portal\/wp-content\/uploads\/2017\/10\/DSC_0219-Copiar-263x188.jpg 263w, https:\/\/www.rivera.gub.uy\/portal\/wp-content\/uploads\/2017\/10\/DSC_0219-Copiar-768x549.jpg 768w, https:\/\/www.rivera.gub.uy\/portal\/wp-content\/uploads\/2017\/10\/DSC_0219-Copiar-876x626.jpg 876w, https:\/\/www.rivera.gub.uy\/portal\/wp-content\/uploads\/2017\/10\/DSC_0219-Copiar-820x586.jpg 820w, https:\/\/www.rivera.gub.uy\/portal\/wp-content\/uploads\/2017\/10\/DSC_0219-Copiar.jpg 1260w\" sizes=\"auto, (max-width: 132px) 100vw, 132px\" \/><\/a>\n\t\t\t<\/div><\/figure><figure class='gallery-item'>\n\t\t\t<div class='gallery-icon portrait'>\n\t\t\t\t<a href='https:\/\/www.rivera.gub.uy\/portal\/wp-content\/uploads\/2017\/10\/DSC_0230-Copiar.jpg'><img loading=\"lazy\" decoding=\"async\" width=\"67\" height=\"94\" src=\"https:\/\/www.rivera.gub.uy\/portal\/wp-content\/uploads\/2017\/10\/DSC_0230-Copiar-67x94.jpg\" class=\"attachment-thumbnail size-thumbnail\" alt=\"\" srcset=\"https:\/\/www.rivera.gub.uy\/portal\/wp-content\/uploads\/2017\/10\/DSC_0230-Copiar-67x94.jpg 67w, https:\/\/www.rivera.gub.uy\/portal\/wp-content\/uploads\/2017\/10\/DSC_0230-Copiar-134x188.jpg 134w, https:\/\/www.rivera.gub.uy\/portal\/wp-content\/uploads\/2017\/10\/DSC_0230-Copiar-768x1075.jpg 768w, https:\/\/www.rivera.gub.uy\/portal\/wp-content\/uploads\/2017\/10\/DSC_0230-Copiar-447x626.jpg 447w, https:\/\/www.rivera.gub.uy\/portal\/wp-content\/uploads\/2017\/10\/DSC_0230-Copiar-820x1148.jpg 820w, https:\/\/www.rivera.gub.uy\/portal\/wp-content\/uploads\/2017\/10\/DSC_0230-Copiar.jpg 900w\" sizes=\"auto, (max-width: 67px) 100vw, 67px\" \/><\/a>\n\t\t\t<\/div><\/figure><figure class='gallery-item'>\n\t\t\t<div class='gallery-icon portrait'>\n\t\t\t\t<a href='https:\/\/www.rivera.gub.uy\/portal\/wp-content\/uploads\/2017\/10\/DSC_0268-Copiar.jpg'><img loading=\"lazy\" decoding=\"async\" width=\"67\" height=\"94\" src=\"https:\/\/www.rivera.gub.uy\/portal\/wp-content\/uploads\/2017\/10\/DSC_0268-Copiar-67x94.jpg\" class=\"attachment-thumbnail size-thumbnail\" alt=\"\" srcset=\"https:\/\/www.rivera.gub.uy\/portal\/wp-content\/uploads\/2017\/10\/DSC_0268-Copiar-67x94.jpg 67w, https:\/\/www.rivera.gub.uy\/portal\/wp-content\/uploads\/2017\/10\/DSC_0268-Copiar-134x188.jpg 134w, https:\/\/www.rivera.gub.uy\/portal\/wp-content\/uploads\/2017\/10\/DSC_0268-Copiar-768x1075.jpg 768w, https:\/\/www.rivera.gub.uy\/portal\/wp-content\/uploads\/2017\/10\/DSC_0268-Copiar-447x626.jpg 447w, https:\/\/www.rivera.gub.uy\/portal\/wp-content\/uploads\/2017\/10\/DSC_0268-Copiar-820x1148.jpg 820w, https:\/\/www.rivera.gub.uy\/portal\/wp-content\/uploads\/2017\/10\/DSC_0268-Copiar.jpg 900w\" sizes=\"auto, (max-width: 67px) 100vw, 67px\" \/><\/a>\n\t\t\t<\/div><\/figure><figure class='gallery-item'>\n\t\t\t<div class='gallery-icon landscape'>\n\t\t\t\t<a href='https:\/\/www.rivera.gub.uy\/portal\/wp-content\/uploads\/2017\/10\/DSC_0375-Copiar.jpg'><img loading=\"lazy\" decoding=\"async\" width=\"144\" height=\"94\" src=\"https:\/\/www.rivera.gub.uy\/portal\/wp-content\/uploads\/2017\/10\/DSC_0375-Copiar-144x94.jpg\" class=\"attachment-thumbnail size-thumbnail\" alt=\"\" srcset=\"https:\/\/www.rivera.gub.uy\/portal\/wp-content\/uploads\/2017\/10\/DSC_0375-Copiar-144x94.jpg 144w, https:\/\/www.rivera.gub.uy\/portal\/wp-content\/uploads\/2017\/10\/DSC_0375-Copiar-288x188.jpg 288w, https:\/\/www.rivera.gub.uy\/portal\/wp-content\/uploads\/2017\/10\/DSC_0375-Copiar-768x501.jpg 768w, https:\/\/www.rivera.gub.uy\/portal\/wp-content\/uploads\/2017\/10\/DSC_0375-Copiar-960x626.jpg 960w, https:\/\/www.rivera.gub.uy\/portal\/wp-content\/uploads\/2017\/10\/DSC_0375-Copiar-820x535.jpg 820w, https:\/\/www.rivera.gub.uy\/portal\/wp-content\/uploads\/2017\/10\/DSC_0375-Copiar.jpg 1380w\" sizes=\"auto, (max-width: 144px) 100vw, 144px\" \/><\/a>\n\t\t\t<\/div><\/figure><figure class='gallery-item'>\n\t\t\t<div class='gallery-icon landscape'>\n\t\t\t\t<a href='https:\/\/www.rivera.gub.uy\/portal\/wp-content\/uploads\/2017\/10\/DSC_0381-Copiar.jpg'><img loading=\"lazy\" decoding=\"async\" width=\"132\" height=\"94\" src=\"https:\/\/www.rivera.gub.uy\/portal\/wp-content\/uploads\/2017\/10\/DSC_0381-Copiar-132x94.jpg\" class=\"attachment-thumbnail size-thumbnail\" alt=\"\" srcset=\"https:\/\/www.rivera.gub.uy\/portal\/wp-content\/uploads\/2017\/10\/DSC_0381-Copiar-132x94.jpg 132w, https:\/\/www.rivera.gub.uy\/portal\/wp-content\/uploads\/2017\/10\/DSC_0381-Copiar-263x188.jpg 263w, https:\/\/www.rivera.gub.uy\/portal\/wp-content\/uploads\/2017\/10\/DSC_0381-Copiar-768x549.jpg 768w, https:\/\/www.rivera.gub.uy\/portal\/wp-content\/uploads\/2017\/10\/DSC_0381-Copiar-876x626.jpg 876w, https:\/\/www.rivera.gub.uy\/portal\/wp-content\/uploads\/2017\/10\/DSC_0381-Copiar-820x586.jpg 820w, https:\/\/www.rivera.gub.uy\/portal\/wp-content\/uploads\/2017\/10\/DSC_0381-Copiar.jpg 1260w\" sizes=\"auto, (max-width: 132px) 100vw, 132px\" \/><\/a>\n\t\t\t<\/div><\/figure>\n\t\t<\/div>\n\n<p>&nbsp;<\/p>\n<p><iframe loading=\"lazy\" width=\"1160\" height=\"653\" src=\"https:\/\/www.youtube.com\/embed\/uijfaVVSjCY?feature=oembed\" frameborder=\"0\" allowfullscreen><\/iframe><\/p>\n","protected":false},"excerpt":{"rendered":"<p>El martes 3 de octubre se celebr\u00f3 en el Centro Barrial \u201cLa Hormiga\u201d el cierre de capacitaciones del curso de Peluquer\u00eda y Colorimetr\u00eda. En presencia del Intendente Departamental Marne Osorio Lima, el director de Promoci\u00f3n y Acci\u00f3n Social, Cr. Giovani Conti, Coordinador del Dpto. Territorial, Oscar Far\u00edas, la docente y Coordinadora del Centro Susan L\u00f3pez [&hellip;]<\/p>\n","protected":false},"author":7,"featured_media":3032,"comment_status":"open","ping_status":"open","sticky":false,"template":"","format":"standard","meta":{"footnotes":""},"categories":[1,18],"tags":[150,214,36,215,216,33],"class_list":["post-3012","post","type-post","status-publish","format-standard","has-post-thumbnail","hentry","category-novedades","category-participacion","tag-centros-barriales","tag-cursos","tag-intendencia","tag-la-hormiga","tag-peluqueria","tag-rivera","has-post-video"],"_links":{"self":[{"href":"https:\/\/www.rivera.gub.uy\/portal\/wp-json\/wp\/v2\/posts\/3012","targetHints":{"allow":["GET"]}}],"collection":[{"href":"https:\/\/www.rivera.gub.uy\/portal\/wp-json\/wp\/v2\/posts"}],"about":[{"href":"https:\/\/www.rivera.gub.uy\/portal\/wp-json\/wp\/v2\/types\/post"}],"author":[{"embeddable":true,"href":"https:\/\/www.rivera.gub.uy\/portal\/wp-json\/wp\/v2\/users\/7"}],"replies":[{"embeddable":true,"href":"https:\/\/www.rivera.gub.uy\/portal\/wp-json\/wp\/v2\/comments?post=3012"}],"version-history":[{"count":2,"href":"https:\/\/www.rivera.gub.uy\/portal\/wp-json\/wp\/v2\/posts\/3012\/revisions"}],"predecessor-version":[{"id":3033,"href":"https:\/\/www.rivera.gub.uy\/portal\/wp-json\/wp\/v2\/posts\/3012\/revisions\/3033"}],"wp:featuredmedia":[{"embeddable":true,"href":"https:\/\/www.rivera.gub.uy\/portal\/wp-json\/wp\/v2\/media\/3032"}],"wp:attachment":[{"href":"https:\/\/www.rivera.gub.uy\/portal\/wp-json\/wp\/v2\/media?parent=3012"}],"wp:term":[{"taxonomy":"category","embeddable":true,"href":"https:\/\/www.rivera.gub.uy\/portal\/wp-json\/wp\/v2\/categories?post=3012"},{"taxonomy":"post_tag","embeddable":true,"href":"https:\/\/www.rivera.gub.uy\/portal\/wp-json\/wp\/v2\/tags?post=3012"}],"curies":[{"name":"wp","href":"https:\/\/api.w.org\/{rel}","templated":true}]}}