{"id":3034,"date":"2017-10-06T15:27:24","date_gmt":"2017-10-06T17:27:24","guid":{"rendered":"http:\/\/www.rivera.gub.uy\/portal\/?p=3034"},"modified":"2017-10-06T21:17:14","modified_gmt":"2017-10-06T23:17:14","slug":"en-curticeiras-comienza-la-48-expo-rivera-con-pura-diversion-y-buenos-negocios","status":"publish","type":"post","link":"https:\/\/www.rivera.gub.uy\/portal\/en-curticeiras-comienza-la-48-expo-rivera-con-pura-diversion-y-buenos-negocios\/","title":{"rendered":"En Curticeiras comienza la 48\u00b0 Expo Rivera con pura diversi\u00f3n y buenos negocios"},"content":{"rendered":"<p align=\"justify\">A partir del 6 hasta el domingo 8 de octubre, en el local de Curticeiras, se realiza la 48\u00b0 edici\u00f3n de la Expo Rivera. Desde el Gobierno Departamental se apunta a fortalecer esta instancia con una apuesta a informar sobre las nuevas tecnolog\u00edas que se vienen desarrollando en el \u00e1mbito agropecuario.<!--more--><\/p>\n<p align=\"justify\">En este sentido nos inform\u00f3 el Director de la Unidad de Desarrollo (DGDMA) se llevar\u00e1n adelante seminarios que informar\u00e1 a todos los productores del departamento sobre nuevas tecnolog\u00edas.<\/p>\n<p align=\"justify\">En la jornada del viernes 6 en las primeras horas de la ma\u00f1ana se realiz\u00f3 la apertura oficial de la 48\u00b0 Expo Rivera con el Seminario \u201cOvino una alternativa para el desarrollo\u201d, con la participaci\u00f3n de productores y t\u00e9cnicos del \u00e1rea.<\/p>\n<p align=\"justify\">Entre las actividades que se realizar\u00e1n est\u00e1n: exposici\u00f3n de ovinos, equinos y sus respectivas juras, concurso de domadores, actividades l\u00fadicas para ni\u00f1os, inflables, actividad con mountain bikers, exposici\u00f3n empresarial, pe\u00f1a folcl\u00f3rica y show art\u00edstico con la participaci\u00f3n de Lucas Sugo en el cierre.<\/p>\n<p align=\"justify\">Ciertamente es una excelente propuesta para este fin de semana para que participe toda la familia.<\/p>\n<p align=\"justify\">La 48\u00b0 Expo Rivera es organizada por la Sociedad Fomento Rural de Rivera, Stilo\u201ds Producciones y la Intendencia Departamental de Rivera.<\/p>\n<div id='gallery-1' class='gallery galleryid-3034 gallery-columns-5 gallery-size-thumbnail'><figure class='gallery-item'>\n\t\t\t<div class='gallery-icon landscape'>\n\t\t\t\t<a href='https:\/\/www.rivera.gub.uy\/portal\/wp-content\/uploads\/2017\/10\/Programacion-Viernes-1_00000.png'><img loading=\"lazy\" decoding=\"async\" width=\"94\" height=\"94\" src=\"https:\/\/www.rivera.gub.uy\/portal\/wp-content\/uploads\/2017\/10\/Programacion-Viernes-1_00000-94x94.png\" class=\"attachment-thumbnail size-thumbnail\" alt=\"\" srcset=\"https:\/\/www.rivera.gub.uy\/portal\/wp-content\/uploads\/2017\/10\/Programacion-Viernes-1_00000-94x94.png 94w, https:\/\/www.rivera.gub.uy\/portal\/wp-content\/uploads\/2017\/10\/Programacion-Viernes-1_00000-188x188.png 188w, https:\/\/www.rivera.gub.uy\/portal\/wp-content\/uploads\/2017\/10\/Programacion-Viernes-1_00000-768x768.png 768w, https:\/\/www.rivera.gub.uy\/portal\/wp-content\/uploads\/2017\/10\/Programacion-Viernes-1_00000-626x626.png 626w, https:\/\/www.rivera.gub.uy\/portal\/wp-content\/uploads\/2017\/10\/Programacion-Viernes-1_00000-820x820.png 820w, https:\/\/www.rivera.gub.uy\/portal\/wp-content\/uploads\/2017\/10\/Programacion-Viernes-1_00000.png 950w\" sizes=\"auto, (max-width: 94px) 100vw, 94px\" \/><\/a>\n\t\t\t<\/div><\/figure><figure class='gallery-item'>\n\t\t\t<div class='gallery-icon landscape'>\n\t\t\t\t<a href='https:\/\/www.rivera.gub.uy\/portal\/wp-content\/uploads\/2017\/10\/Programacion-Viernes-2_00000.png'><img loading=\"lazy\" decoding=\"async\" width=\"94\" height=\"94\" src=\"https:\/\/www.rivera.gub.uy\/portal\/wp-content\/uploads\/2017\/10\/Programacion-Viernes-2_00000-94x94.png\" class=\"attachment-thumbnail size-thumbnail\" alt=\"\" srcset=\"https:\/\/www.rivera.gub.uy\/portal\/wp-content\/uploads\/2017\/10\/Programacion-Viernes-2_00000-94x94.png 94w, https:\/\/www.rivera.gub.uy\/portal\/wp-content\/uploads\/2017\/10\/Programacion-Viernes-2_00000-188x188.png 188w, https:\/\/www.rivera.gub.uy\/portal\/wp-content\/uploads\/2017\/10\/Programacion-Viernes-2_00000-768x768.png 768w, https:\/\/www.rivera.gub.uy\/portal\/wp-content\/uploads\/2017\/10\/Programacion-Viernes-2_00000-626x626.png 626w, https:\/\/www.rivera.gub.uy\/portal\/wp-content\/uploads\/2017\/10\/Programacion-Viernes-2_00000-820x820.png 820w, https:\/\/www.rivera.gub.uy\/portal\/wp-content\/uploads\/2017\/10\/Programacion-Viernes-2_00000.png 950w\" sizes=\"auto, (max-width: 94px) 100vw, 94px\" \/><\/a>\n\t\t\t<\/div><\/figure><figure class='gallery-item'>\n\t\t\t<div class='gallery-icon landscape'>\n\t\t\t\t<a href='https:\/\/www.rivera.gub.uy\/portal\/wp-content\/uploads\/2017\/10\/Programacion-2_00000.png'><img loading=\"lazy\" decoding=\"async\" width=\"94\" height=\"94\" src=\"https:\/\/www.rivera.gub.uy\/portal\/wp-content\/uploads\/2017\/10\/Programacion-2_00000-94x94.png\" class=\"attachment-thumbnail size-thumbnail\" alt=\"\" srcset=\"https:\/\/www.rivera.gub.uy\/portal\/wp-content\/uploads\/2017\/10\/Programacion-2_00000-94x94.png 94w, https:\/\/www.rivera.gub.uy\/portal\/wp-content\/uploads\/2017\/10\/Programacion-2_00000-188x188.png 188w, https:\/\/www.rivera.gub.uy\/portal\/wp-content\/uploads\/2017\/10\/Programacion-2_00000-768x768.png 768w, https:\/\/www.rivera.gub.uy\/portal\/wp-content\/uploads\/2017\/10\/Programacion-2_00000-626x626.png 626w, https:\/\/www.rivera.gub.uy\/portal\/wp-content\/uploads\/2017\/10\/Programacion-2_00000-820x820.png 820w, https:\/\/www.rivera.gub.uy\/portal\/wp-content\/uploads\/2017\/10\/Programacion-2_00000.png 950w\" sizes=\"auto, (max-width: 94px) 100vw, 94px\" \/><\/a>\n\t\t\t<\/div><\/figure><figure class='gallery-item'>\n\t\t\t<div class='gallery-icon landscape'>\n\t\t\t\t<a href='https:\/\/www.rivera.gub.uy\/portal\/wp-content\/uploads\/2017\/10\/Programacion_00000.png'><img loading=\"lazy\" decoding=\"async\" width=\"94\" height=\"94\" src=\"https:\/\/www.rivera.gub.uy\/portal\/wp-content\/uploads\/2017\/10\/Programacion_00000-94x94.png\" class=\"attachment-thumbnail size-thumbnail\" alt=\"\" srcset=\"https:\/\/www.rivera.gub.uy\/portal\/wp-content\/uploads\/2017\/10\/Programacion_00000-94x94.png 94w, https:\/\/www.rivera.gub.uy\/portal\/wp-content\/uploads\/2017\/10\/Programacion_00000-188x188.png 188w, https:\/\/www.rivera.gub.uy\/portal\/wp-content\/uploads\/2017\/10\/Programacion_00000-768x768.png 768w, https:\/\/www.rivera.gub.uy\/portal\/wp-content\/uploads\/2017\/10\/Programacion_00000-626x626.png 626w, https:\/\/www.rivera.gub.uy\/portal\/wp-content\/uploads\/2017\/10\/Programacion_00000-820x820.png 820w, https:\/\/www.rivera.gub.uy\/portal\/wp-content\/uploads\/2017\/10\/Programacion_00000.png 950w\" sizes=\"auto, (max-width: 94px) 100vw, 94px\" \/><\/a>\n\t\t\t<\/div><\/figure><figure class='gallery-item'>\n\t\t\t<div class='gallery-icon portrait'>\n\t\t\t\t<a href='https:\/\/www.rivera.gub.uy\/portal\/wp-content\/uploads\/2017\/10\/Seminario_00000.png'><img loading=\"lazy\" decoding=\"async\" width=\"82\" height=\"94\" src=\"https:\/\/www.rivera.gub.uy\/portal\/wp-content\/uploads\/2017\/10\/Seminario_00000-82x94.png\" class=\"attachment-thumbnail size-thumbnail\" alt=\"\" srcset=\"https:\/\/www.rivera.gub.uy\/portal\/wp-content\/uploads\/2017\/10\/Seminario_00000-82x94.png 82w, https:\/\/www.rivera.gub.uy\/portal\/wp-content\/uploads\/2017\/10\/Seminario_00000-163x188.png 163w, https:\/\/www.rivera.gub.uy\/portal\/wp-content\/uploads\/2017\/10\/Seminario_00000-768x883.png 768w, https:\/\/www.rivera.gub.uy\/portal\/wp-content\/uploads\/2017\/10\/Seminario_00000-544x626.png 544w, https:\/\/www.rivera.gub.uy\/portal\/wp-content\/uploads\/2017\/10\/Seminario_00000-820x943.png 820w, https:\/\/www.rivera.gub.uy\/portal\/wp-content\/uploads\/2017\/10\/Seminario_00000.png 1000w\" sizes=\"auto, (max-width: 82px) 100vw, 82px\" \/><\/a>\n\t\t\t<\/div><\/figure>\n\t\t<\/div>\n\n<p>&nbsp;<\/p>\n<div id='gallery-2' class='gallery galleryid-3034 gallery-columns-5 gallery-size-thumbnail'><figure class='gallery-item'>\n\t\t\t<div class='gallery-icon landscape'>\n\t\t\t\t<a href='https:\/\/www.rivera.gub.uy\/portal\/wp-content\/uploads\/2017\/10\/DSC_0637-Copiar.jpg'><img loading=\"lazy\" decoding=\"async\" width=\"141\" height=\"94\" src=\"https:\/\/www.rivera.gub.uy\/portal\/wp-content\/uploads\/2017\/10\/DSC_0637-Copiar-141x94.jpg\" class=\"attachment-thumbnail size-thumbnail\" alt=\"\" srcset=\"https:\/\/www.rivera.gub.uy\/portal\/wp-content\/uploads\/2017\/10\/DSC_0637-Copiar-141x94.jpg 141w, https:\/\/www.rivera.gub.uy\/portal\/wp-content\/uploads\/2017\/10\/DSC_0637-Copiar-281x188.jpg 281w, https:\/\/www.rivera.gub.uy\/portal\/wp-content\/uploads\/2017\/10\/DSC_0637-Copiar-768x513.jpg 768w, https:\/\/www.rivera.gub.uy\/portal\/wp-content\/uploads\/2017\/10\/DSC_0637-Copiar-936x626.jpg 936w, https:\/\/www.rivera.gub.uy\/portal\/wp-content\/uploads\/2017\/10\/DSC_0637-Copiar-600x400.jpg 600w, https:\/\/www.rivera.gub.uy\/portal\/wp-content\/uploads\/2017\/10\/DSC_0637-Copiar-820x548.jpg 820w, https:\/\/www.rivera.gub.uy\/portal\/wp-content\/uploads\/2017\/10\/DSC_0637-Copiar-272x182.jpg 272w, https:\/\/www.rivera.gub.uy\/portal\/wp-content\/uploads\/2017\/10\/DSC_0637-Copiar.jpg 1496w\" sizes=\"auto, (max-width: 141px) 100vw, 141px\" \/><\/a>\n\t\t\t<\/div><\/figure><figure class='gallery-item'>\n\t\t\t<div class='gallery-icon landscape'>\n\t\t\t\t<a href='https:\/\/www.rivera.gub.uy\/portal\/wp-content\/uploads\/2017\/10\/DSC_0639-Copiar.jpg'><img loading=\"lazy\" decoding=\"async\" width=\"141\" height=\"94\" src=\"https:\/\/www.rivera.gub.uy\/portal\/wp-content\/uploads\/2017\/10\/DSC_0639-Copiar-141x94.jpg\" class=\"attachment-thumbnail size-thumbnail\" alt=\"\" srcset=\"https:\/\/www.rivera.gub.uy\/portal\/wp-content\/uploads\/2017\/10\/DSC_0639-Copiar-141x94.jpg 141w, https:\/\/www.rivera.gub.uy\/portal\/wp-content\/uploads\/2017\/10\/DSC_0639-Copiar-281x188.jpg 281w, https:\/\/www.rivera.gub.uy\/portal\/wp-content\/uploads\/2017\/10\/DSC_0639-Copiar-768x513.jpg 768w, https:\/\/www.rivera.gub.uy\/portal\/wp-content\/uploads\/2017\/10\/DSC_0639-Copiar-936x626.jpg 936w, https:\/\/www.rivera.gub.uy\/portal\/wp-content\/uploads\/2017\/10\/DSC_0639-Copiar-600x400.jpg 600w, https:\/\/www.rivera.gub.uy\/portal\/wp-content\/uploads\/2017\/10\/DSC_0639-Copiar-820x548.jpg 820w, https:\/\/www.rivera.gub.uy\/portal\/wp-content\/uploads\/2017\/10\/DSC_0639-Copiar-272x182.jpg 272w, https:\/\/www.rivera.gub.uy\/portal\/wp-content\/uploads\/2017\/10\/DSC_0639-Copiar.jpg 1496w\" sizes=\"auto, (max-width: 141px) 100vw, 141px\" \/><\/a>\n\t\t\t<\/div><\/figure><figure class='gallery-item'>\n\t\t\t<div class='gallery-icon landscape'>\n\t\t\t\t<a href='https:\/\/www.rivera.gub.uy\/portal\/wp-content\/uploads\/2017\/10\/DSC_0632-Copiar.jpg'><img loading=\"lazy\" decoding=\"async\" width=\"141\" height=\"94\" src=\"https:\/\/www.rivera.gub.uy\/portal\/wp-content\/uploads\/2017\/10\/DSC_0632-Copiar-141x94.jpg\" class=\"attachment-thumbnail size-thumbnail\" alt=\"\" srcset=\"https:\/\/www.rivera.gub.uy\/portal\/wp-content\/uploads\/2017\/10\/DSC_0632-Copiar-141x94.jpg 141w, https:\/\/www.rivera.gub.uy\/portal\/wp-content\/uploads\/2017\/10\/DSC_0632-Copiar-281x188.jpg 281w, https:\/\/www.rivera.gub.uy\/portal\/wp-content\/uploads\/2017\/10\/DSC_0632-Copiar-768x513.jpg 768w, https:\/\/www.rivera.gub.uy\/portal\/wp-content\/uploads\/2017\/10\/DSC_0632-Copiar-936x626.jpg 936w, https:\/\/www.rivera.gub.uy\/portal\/wp-content\/uploads\/2017\/10\/DSC_0632-Copiar-600x400.jpg 600w, https:\/\/www.rivera.gub.uy\/portal\/wp-content\/uploads\/2017\/10\/DSC_0632-Copiar-820x548.jpg 820w, https:\/\/www.rivera.gub.uy\/portal\/wp-content\/uploads\/2017\/10\/DSC_0632-Copiar-272x182.jpg 272w, https:\/\/www.rivera.gub.uy\/portal\/wp-content\/uploads\/2017\/10\/DSC_0632-Copiar.jpg 1496w\" sizes=\"auto, (max-width: 141px) 100vw, 141px\" \/><\/a>\n\t\t\t<\/div><\/figure><figure class='gallery-item'>\n\t\t\t<div class='gallery-icon landscape'>\n\t\t\t\t<a href='https:\/\/www.rivera.gub.uy\/portal\/wp-content\/uploads\/2017\/10\/DSC_0626-Copiar.jpg'><img loading=\"lazy\" decoding=\"async\" width=\"141\" height=\"94\" src=\"https:\/\/www.rivera.gub.uy\/portal\/wp-content\/uploads\/2017\/10\/DSC_0626-Copiar-141x94.jpg\" class=\"attachment-thumbnail size-thumbnail\" alt=\"\" srcset=\"https:\/\/www.rivera.gub.uy\/portal\/wp-content\/uploads\/2017\/10\/DSC_0626-Copiar-141x94.jpg 141w, https:\/\/www.rivera.gub.uy\/portal\/wp-content\/uploads\/2017\/10\/DSC_0626-Copiar-281x188.jpg 281w, https:\/\/www.rivera.gub.uy\/portal\/wp-content\/uploads\/2017\/10\/DSC_0626-Copiar-768x513.jpg 768w, https:\/\/www.rivera.gub.uy\/portal\/wp-content\/uploads\/2017\/10\/DSC_0626-Copiar-936x626.jpg 936w, https:\/\/www.rivera.gub.uy\/portal\/wp-content\/uploads\/2017\/10\/DSC_0626-Copiar-600x400.jpg 600w, https:\/\/www.rivera.gub.uy\/portal\/wp-content\/uploads\/2017\/10\/DSC_0626-Copiar-820x548.jpg 820w, https:\/\/www.rivera.gub.uy\/portal\/wp-content\/uploads\/2017\/10\/DSC_0626-Copiar-272x182.jpg 272w, https:\/\/www.rivera.gub.uy\/portal\/wp-content\/uploads\/2017\/10\/DSC_0626-Copiar.jpg 1496w\" sizes=\"auto, (max-width: 141px) 100vw, 141px\" \/><\/a>\n\t\t\t<\/div><\/figure><figure class='gallery-item'>\n\t\t\t<div class='gallery-icon landscape'>\n\t\t\t\t<a href='https:\/\/www.rivera.gub.uy\/portal\/wp-content\/uploads\/2017\/10\/DSC_0625-Copiar.jpg'><img loading=\"lazy\" decoding=\"async\" width=\"141\" height=\"94\" src=\"https:\/\/www.rivera.gub.uy\/portal\/wp-content\/uploads\/2017\/10\/DSC_0625-Copiar-141x94.jpg\" class=\"attachment-thumbnail size-thumbnail\" alt=\"\" srcset=\"https:\/\/www.rivera.gub.uy\/portal\/wp-content\/uploads\/2017\/10\/DSC_0625-Copiar-141x94.jpg 141w, https:\/\/www.rivera.gub.uy\/portal\/wp-content\/uploads\/2017\/10\/DSC_0625-Copiar-281x188.jpg 281w, https:\/\/www.rivera.gub.uy\/portal\/wp-content\/uploads\/2017\/10\/DSC_0625-Copiar-768x513.jpg 768w, https:\/\/www.rivera.gub.uy\/portal\/wp-content\/uploads\/2017\/10\/DSC_0625-Copiar-936x626.jpg 936w, https:\/\/www.rivera.gub.uy\/portal\/wp-content\/uploads\/2017\/10\/DSC_0625-Copiar-600x400.jpg 600w, https:\/\/www.rivera.gub.uy\/portal\/wp-content\/uploads\/2017\/10\/DSC_0625-Copiar-820x548.jpg 820w, https:\/\/www.rivera.gub.uy\/portal\/wp-content\/uploads\/2017\/10\/DSC_0625-Copiar-272x182.jpg 272w, https:\/\/www.rivera.gub.uy\/portal\/wp-content\/uploads\/2017\/10\/DSC_0625-Copiar.jpg 1496w\" sizes=\"auto, (max-width: 141px) 100vw, 141px\" \/><\/a>\n\t\t\t<\/div><\/figure>\n\t\t<\/div>\n\n<p>&nbsp;<\/p>\n","protected":false},"excerpt":{"rendered":"<p>A partir del 6 hasta el domingo 8 de octubre, en el local de Curticeiras, se realiza la 48\u00b0 edici\u00f3n de la Expo Rivera. Desde el Gobierno Departamental se apunta a fortalecer esta instancia con una apuesta a informar sobre las nuevas tecnolog\u00edas que se vienen desarrollando en el \u00e1mbito agropecuario.<\/p>\n","protected":false},"author":7,"featured_media":3040,"comment_status":"open","ping_status":"open","sticky":false,"template":"","format":"standard","meta":{"footnotes":""},"categories":[1],"tags":[172,207,219,33],"class_list":["post-3034","post","type-post","status-publish","format-standard","has-post-thumbnail","hentry","category-novedades","tag-curticeiras","tag-departamento","tag-expo-rivera","tag-rivera"],"_links":{"self":[{"href":"https:\/\/www.rivera.gub.uy\/portal\/wp-json\/wp\/v2\/posts\/3034","targetHints":{"allow":["GET"]}}],"collection":[{"href":"https:\/\/www.rivera.gub.uy\/portal\/wp-json\/wp\/v2\/posts"}],"about":[{"href":"https:\/\/www.rivera.gub.uy\/portal\/wp-json\/wp\/v2\/types\/post"}],"author":[{"embeddable":true,"href":"https:\/\/www.rivera.gub.uy\/portal\/wp-json\/wp\/v2\/users\/7"}],"replies":[{"embeddable":true,"href":"https:\/\/www.rivera.gub.uy\/portal\/wp-json\/wp\/v2\/comments?post=3034"}],"version-history":[{"count":4,"href":"https:\/\/www.rivera.gub.uy\/portal\/wp-json\/wp\/v2\/posts\/3034\/revisions"}],"predecessor-version":[{"id":3049,"href":"https:\/\/www.rivera.gub.uy\/portal\/wp-json\/wp\/v2\/posts\/3034\/revisions\/3049"}],"wp:featuredmedia":[{"embeddable":true,"href":"https:\/\/www.rivera.gub.uy\/portal\/wp-json\/wp\/v2\/media\/3040"}],"wp:attachment":[{"href":"https:\/\/www.rivera.gub.uy\/portal\/wp-json\/wp\/v2\/media?parent=3034"}],"wp:term":[{"taxonomy":"category","embeddable":true,"href":"https:\/\/www.rivera.gub.uy\/portal\/wp-json\/wp\/v2\/categories?post=3034"},{"taxonomy":"post_tag","embeddable":true,"href":"https:\/\/www.rivera.gub.uy\/portal\/wp-json\/wp\/v2\/tags?post=3034"}],"curies":[{"name":"wp","href":"https:\/\/api.w.org\/{rel}","templated":true}]}}