{"id":30529,"date":"2021-06-30T10:21:11","date_gmt":"2021-06-30T13:21:11","guid":{"rendered":"https:\/\/www.rivera.gub.uy\/portal\/?p=30529"},"modified":"2021-06-30T10:50:28","modified_gmt":"2021-06-30T13:50:28","slug":"rivera-de-memoria","status":"publish","type":"post","link":"https:\/\/www.rivera.gub.uy\/portal\/rivera-de-memoria\/","title":{"rendered":"Rivera de Memoria: Olyntho Mar\u00eda Sim\u00f5es: m\u00e1s riverense que el Cerro del Marco"},"content":{"rendered":"<p>Durante este Ciclo Conmemorativo Olyntho Mar\u00eda Sim\u00f5es hemos estado compartiendo sobre su poes\u00eda, su vida e importancia para la cultura riverense.<\/p>\n<p>Su obra po\u00e9tica lugare\u00f1a la vemos reflejada con mucha intensidad en la primera poes\u00eda de La Sombra de los Pl\u00e1tanos, primer libro publicado en 1950, donde podemos apreciar la autodefinici\u00f3n del poeta.<!--more--><\/p>\n<p>En esta oportunidad queremos presentarles el trabajo realizado por alumnos de la Escuela N.\u00ba 147 Olyntho Mar\u00eda Sim\u00f5es de nuestra ciudad.<\/p>\n<p><a href=\"https:\/\/www.rivera.gub.uy\/portal\/wp-content\/uploads\/2021\/06\/1-18.jpg\"><img loading=\"lazy\" decoding=\"async\" class=\"size-large wp-image-30533\" src=\"https:\/\/www.rivera.gub.uy\/portal\/wp-content\/uploads\/2021\/06\/1-18-939x626.jpg\" alt=\"\" width=\"939\" height=\"626\" srcset=\"https:\/\/www.rivera.gub.uy\/portal\/wp-content\/uploads\/2021\/06\/1-18-939x626.jpg 939w, https:\/\/www.rivera.gub.uy\/portal\/wp-content\/uploads\/2021\/06\/1-18-141x94.jpg 141w, https:\/\/www.rivera.gub.uy\/portal\/wp-content\/uploads\/2021\/06\/1-18-282x188.jpg 282w, https:\/\/www.rivera.gub.uy\/portal\/wp-content\/uploads\/2021\/06\/1-18-768x512.jpg 768w, https:\/\/www.rivera.gub.uy\/portal\/wp-content\/uploads\/2021\/06\/1-18-600x400.jpg 600w, https:\/\/www.rivera.gub.uy\/portal\/wp-content\/uploads\/2021\/06\/1-18-820x547.jpg 820w, https:\/\/www.rivera.gub.uy\/portal\/wp-content\/uploads\/2021\/06\/1-18-272x182.jpg 272w, https:\/\/www.rivera.gub.uy\/portal\/wp-content\/uploads\/2021\/06\/1-18.jpg 1440w\" sizes=\"auto, (max-width: 939px) 100vw, 939px\" \/><\/a><\/p>\n<p>&nbsp;<\/p>\n<p><a href=\"https:\/\/www.rivera.gub.uy\/portal\/wp-content\/uploads\/2021\/06\/RESE\u00d1A-HIST\u00d3RICA-ESCUELA-147-OLYNTHO.pdf\" target=\"_blank\" rel=\"noopener noreferrer\">La Escuela N.\u00ba 147<\/a>, ubicada en calle Artigas N.\u00ba 926 de nuestra ciudad, lleva el nombre del poeta desde el a\u00f1o 1999, seg\u00fan proyecto de <a href=\"https:\/\/www.rivera.gub.uy\/portal\/wp-content\/uploads\/2021\/06\/s1999060925-00.pdf\" target=\"_blank\" rel=\"noopener noreferrer\">ley del 6 de abril<\/a> del mismo a\u00f1o y desde el a\u00f1o 2017 integra la Red de Escuelas y Jardines Inclusivos Mandela.<\/p>\n<p>&nbsp;<\/p>\n<p><iframe loading=\"lazy\" title=\"Olyntho Mar\u00eda Sim\u00f5es: m\u00e1s riverense que el Cerro del Marco\" width=\"1160\" height=\"653\" src=\"https:\/\/www.youtube.com\/embed\/62sb603wcvw?feature=oembed\" frameborder=\"0\" allow=\"accelerometer; autoplay; clipboard-write; encrypted-media; gyroscope; picture-in-picture\" allowfullscreen><\/iframe><\/p>\n<p>&nbsp;<\/p>\n<p>M\u00e1s all\u00e1 la afirmaci\u00f3n de su identidad, es posible ver el modo en que se hacen visibles los distintos personajes enmarcados en un paisaje urbano pero a la vez agreste. Los lugares emblem\u00e1ticos de rivera quedan materializados por la palabra escrita, as\u00ed como tambi\u00e9n rituales y tradiciones que vistos desde nuestro hoy, nos recuerdan un Rivera lleno de historias, desconocidas para las generaciones m\u00e1s j\u00f3venes.<\/p>\n<p>Ferreira \u00c1vila en Hojas Sueltas, que recoge una selecci\u00f3n de poemas de Olyntho, en una edici\u00f3n p\u00f3stuma, expresa:<\/p>\n<p>\u201cTodos estos cuadros de excelentes trazos y firmes coloridos, de personajes populares, de sugestivos rincones solariegos, y de todas las supersticiones van prendidas en el alma del pueblo naciente que, remontando la historia, dan sus caracteres y sus inquietudes y son la expresi\u00f3n de una forma de vida que si bien puede ser intrascendente, es su mundo propio y rico en motivos po\u00e9ticos solo captables por quienes tienen su misma formaci\u00f3n. All\u00ed donde est\u00e1 el hombre est\u00e1 necesariamente la poes\u00eda que fluye siempre de su esp\u00edritu en una forma u otra.\u201d<\/p>\n<p><strong>RIVERENSE<\/strong><\/p>\n<p>(La Sombra de los Pl\u00e1tanos 1950)<\/p>\n<p>\u00a1Yo soy m\u00e1s, mucho m\u00e1s de Rivera<br \/>\nque el Cerro del Marco!&#8230;<br \/>\nSoy amigo del Puente de Raca<br \/>\ny lo mismo del Paso de Castro.<br \/>\nMe doy bien con la &#8220;Piedra Furada&#8221;,<br \/>\ncon la calle Brasil tengo tratos<br \/>\ny citas nocturnas;<br \/>\nme saludo con todos los pl\u00e1tanos<br \/>\ny me dicen adi\u00f3s los gorriones<br \/>\nque pueblan sus gajos.<\/p>\n<p>En los viejos fortines en ruinas,<br \/>\nen mis tiempos de alegre muchacho,<br \/>\nhice m\u00e1s de un tirito a la taba<br \/>\ny jugu\u00e9 mis partidos al sapo&#8230;<br \/>\nConoc\u00ed a Juan Barullo de cerca;<br \/>\nintim\u00e9 con Cir\u00edaco,<br \/>\ny la negra Mar\u00eda das Dores<br \/>\nense\u00f1\u00f3me a &#8220;benzer&#8221; el &#8220;quebranto&#8221;<br \/>\ny a cortar con el filo del hacha<br \/>\nlos vientos m\u00e1s bravos&#8230;<br \/>\nYo s\u00e9 cantar &#8220;ter\u00e7os&#8221;<br \/>\ny lo mismo pasar contrabando.<\/p>\n<p>Llev\u00e9 cuando ni\u00f1o,<br \/>\nescondida en el forro del saco,<br \/>\n&#8220;la oraci\u00f3n de la puerta del cielo&#8221;,<br \/>\nque preserva de pestes y da\u00f1os.<\/p>\n<p>Yo soy tan, pero tan de este pueblo<br \/>\nque en los viernes santos,<br \/>\nbien remonto cometa, o por yuyos<br \/>\na las chacras me marcho temprano.<\/p>\n<p>\u00a1Si ser\u00e9 de Rivera, que el cura<br \/>\nque me hizo cristiano,<br \/>\nemple\u00f3 para ello del agua,<br \/>\nseg\u00fan me contaron,<br \/>\nde la &#8220;bica&#8221; que entonces hab\u00eda<br \/>\njustamente en el Cerro del Marco!<\/p>\n<p>&nbsp;<\/p>\n<p style=\"text-align: left;\"><em>Olyntho Mar\u00eda Simoes<\/em><br \/>\n<em>Poeta Riverense<\/em><\/p>\n","protected":false},"excerpt":{"rendered":"<p>Durante este Ciclo Conmemorativo Olyntho Mar\u00eda Sim\u00f5es hemos estado compartiendo sobre su poes\u00eda, su vida e importancia para la cultura riverense. Su obra po\u00e9tica lugare\u00f1a la vemos reflejada con mucha intensidad en la primera poes\u00eda de La Sombra de los Pl\u00e1tanos, primer libro publicado en 1950, donde podemos apreciar la autodefinici\u00f3n del poeta.<\/p>\n","protected":false},"author":7,"featured_media":28495,"comment_status":"open","ping_status":"open","sticky":false,"template":"","format":"standard","meta":{"footnotes":""},"categories":[3,1],"tags":[],"class_list":["post-30529","post","type-post","status-publish","format-standard","has-post-thumbnail","hentry","category-multimedia","category-novedades"],"_links":{"self":[{"href":"https:\/\/www.rivera.gub.uy\/portal\/wp-json\/wp\/v2\/posts\/30529","targetHints":{"allow":["GET"]}}],"collection":[{"href":"https:\/\/www.rivera.gub.uy\/portal\/wp-json\/wp\/v2\/posts"}],"about":[{"href":"https:\/\/www.rivera.gub.uy\/portal\/wp-json\/wp\/v2\/types\/post"}],"author":[{"embeddable":true,"href":"https:\/\/www.rivera.gub.uy\/portal\/wp-json\/wp\/v2\/users\/7"}],"replies":[{"embeddable":true,"href":"https:\/\/www.rivera.gub.uy\/portal\/wp-json\/wp\/v2\/comments?post=30529"}],"version-history":[{"count":3,"href":"https:\/\/www.rivera.gub.uy\/portal\/wp-json\/wp\/v2\/posts\/30529\/revisions"}],"predecessor-version":[{"id":30537,"href":"https:\/\/www.rivera.gub.uy\/portal\/wp-json\/wp\/v2\/posts\/30529\/revisions\/30537"}],"wp:featuredmedia":[{"embeddable":true,"href":"https:\/\/www.rivera.gub.uy\/portal\/wp-json\/wp\/v2\/media\/28495"}],"wp:attachment":[{"href":"https:\/\/www.rivera.gub.uy\/portal\/wp-json\/wp\/v2\/media?parent=30529"}],"wp:term":[{"taxonomy":"category","embeddable":true,"href":"https:\/\/www.rivera.gub.uy\/portal\/wp-json\/wp\/v2\/categories?post=30529"},{"taxonomy":"post_tag","embeddable":true,"href":"https:\/\/www.rivera.gub.uy\/portal\/wp-json\/wp\/v2\/tags?post=30529"}],"curies":[{"name":"wp","href":"https:\/\/api.w.org\/{rel}","templated":true}]}}